{"id":66417,"date":"2026-08-31T16:48:53","date_gmt":"2026-08-31T16:48:53","guid":{"rendered":"https:\/\/acronoticias.com\/index.php\/2026\/08\/31\/trump-declara-a-iran-una-nacion-fallida-esta-muerto\/"},"modified":"2026-08-31T16:48:53","modified_gmt":"2026-08-31T16:48:53","slug":"trump-declara-a-iran-una-nacion-fallida-esta-muerto","status":"publish","type":"post","link":"https:\/\/acronoticias.com\/index.php\/2026\/08\/31\/trump-declara-a-iran-una-nacion-fallida-esta-muerto\/","title":{"rendered":"Trump declara a Ir\u00e1n una \u201cnaci\u00f3n fallida\u201d: \u201cEst\u00e1 muerto\u201d"},"content":{"rendered":"<div id=\"nota-texto\">\n<p><strong><a href=\"https:\/\/noticiassin.com\/tag\/redaccion-internacional\/\" class=\"nsin-auto-tag-link\">Redacci\u00f3n Internacional<\/a>.- <\/strong>El presidente de <strong>Estados Unidos<\/strong>, <strong><a href=\"https:\/\/noticiassin.com\/persona\/donald-trump\/\" class=\"nsin-auto-tag-link\">Donald Trump<\/a><\/strong>, volvi\u00f3 a lanzar duras cr\u00edticas contra <strong>Ir\u00e1n<\/strong> al asegurar que el pa\u00eds atraviesa una profunda crisis pol\u00edtica, econ\u00f3mica y militar.<\/p>\n<p>A trav\u00e9s de su cuenta de <strong><a href=\"https:\/\/noticiassin.com\/tag\/truth-social\/\" class=\"nsin-auto-tag-link\">Truth Social<\/a><\/strong>, <strong>Trump<\/strong> afirm\u00f3 que la <strong><a href=\"https:\/\/noticiassin.com\/tag\/republica-islamica\/\" class=\"nsin-auto-tag-link\">Rep\u00fablica Isl\u00e1mica<\/a><\/strong> ha perdido capacidad operativa en sus fuerzas armadas y enfrenta serias dificultades internas.<\/p>\n<p><strong>Ir\u00e1n<\/strong> es oficialmente una naci\u00f3n fallida. \u00a1Est\u00e1 muerto!\u201d, escribi\u00f3 el mandatario estadounidense, al se\u00f1alar que el pa\u00eds no cuenta, seg\u00fan \u00e9l, con una Armada ni una <a href=\"https:\/\/noticiassin.com\/tag\/fuerza-aerea\/\" class=\"nsin-auto-tag-link\">Fuerza A\u00e9rea<\/a> funcionales, adem\u00e1s de enfrentar problemas para pagar a soldados y polic\u00edas y una elevada inflaci\u00f3n.<\/p>\n<p><strong>Trump<\/strong> tambi\u00e9n sostuvo que el liderazgo iran\u00ed se encuentra en \u201ccompleto desorden\u201d y cuestion\u00f3 su capacidad para representar al pa\u00eds.<\/p>\n<h3 id=\"trump-destaca-impacto-de-las-sanciones\" class=\"wp-block-heading\">Trump destaca impacto de las sanciones<\/h3>\n<p>En declaraciones previas, el presidente estadounidense hab\u00eda defendido la efectividad de las sanciones econ\u00f3micas impuestas contra <strong>Teher\u00e1n<\/strong>, asegurando que han provocado un fuerte impacto sobre la econom\u00eda iran\u00ed.<\/p>\n<div class=\"nbs-subscribe-box \">\n<p>Suscribete al newsletter de Noticias SIN<\/p>\n<\/div>\n<p>Durante una entrevista con <strong><a href=\"https:\/\/noticiassin.com\/tag\/fox-news\/\" class=\"nsin-auto-tag-link\">Fox News<\/a><\/strong>, <strong>Trump<\/strong> afirm\u00f3 que <strong>Ir\u00e1n<\/strong> se encuentra actualmente en una situaci\u00f3n de crisis y reiter\u00f3 sus cuestionamientos contra el Gobierno de ese pa\u00eds.<\/p>\n<h3 id=\"nueva-tension-militar\" class=\"wp-block-heading\">Nueva tensi\u00f3n militar<\/h3>\n<p>Las declaraciones se producen en medio de una nueva escalada entre <strong>Estados Unidos e <strong>Ir\u00e1n<\/strong><\/strong>, luego de un ataque estadounidense contra la isla iran\u00ed de <strong>Larak<\/strong>.<\/p>\n<p>De acuerdo con el <a href=\"https:\/\/noticiassin.com\/tag\/comando-central-de-estados-unidos\/\" class=\"nsin-auto-tag-link\">Comando Central de Estados Unidos<\/a> (CENTCOM), el objetivo de la operaci\u00f3n eran dos lanzacohetes que supuestamente se preparaban para disparar misiles hacia el estrecho de Ormuz.<\/p>\n<p>En respuesta, fuerzas iran\u00edes atacaron posiciones vinculadas a Estados Unidos en la base Al Manhad, ubicada en los <a href=\"https:\/\/noticiassin.com\/tag\/emiratos-arabes-unidos\/\" class=\"nsin-auto-tag-link\">Emiratos \u00c1rabes Unidos<\/a>, aumentando nuevamente las tensiones entre ambos pa\u00edses.<\/p>\n<section class=\"article-topics\" aria-labelledby=\"article-topics-title\">\n<h3 id=\"article-topics-title\"><span id=\"temas\">Temas<\/span><\/h3>\n<p><a class=\"topic-chip\" href=\"https:\/\/noticiassin.com\/tag\/centcom\/\">centcom<\/a><a class=\"topic-chip\" href=\"https:\/\/noticiassin.com\/persona\/donald-trump\/\">donald trump<\/a><a class=\"topic-chip\" href=\"https:\/\/noticiassin.com\/tag\/estados-unidos\/\">estados unidos<\/a><a class=\"topic-chip\" href=\"https:\/\/noticiassin.com\/tag\/estrecho-de-ormuz\/\">estrecho de ormuz<\/a><a class=\"topic-chip\" href=\"https:\/\/noticiassin.com\/tag\/iran\/\">ir\u00e1n<\/a><a class=\"topic-chip\" href=\"https:\/\/noticiassin.com\/tag\/sanciones-a-iran\/\">sanciones a ir\u00e1n<\/a><\/section>\n<\/div>\n","protected":false},"excerpt":{"rendered":"Redacci\u00f3n Internacional.- El presidente de Estados Unidos, Donald Trump, volvi\u00f3 a lanzar&hellip;\n","protected":false},"author":1,"featured_media":66418,"comment_status":"open","ping_status":"open","sticky":false,"template":"","format":"standard","meta":{"footnotes":""},"categories":[3],"tags":[],"class_list":["post-66417","post","type-post","status-publish","format-standard","has-post-thumbnail","category-internacionales"],"_links":{"self":[{"href":"https:\/\/acronoticias.com\/index.php\/wp-json\/wp\/v2\/posts\/66417","targetHints":{"allow":["GET"]}}],"collection":[{"href":"https:\/\/acronoticias.com\/index.php\/wp-json\/wp\/v2\/posts"}],"about":[{"href":"https:\/\/acronoticias.com\/index.php\/wp-json\/wp\/v2\/types\/post"}],"author":[{"embeddable":true,"href":"https:\/\/acronoticias.com\/index.php\/wp-json\/wp\/v2\/users\/1"}],"replies":[{"embeddable":true,"href":"https:\/\/acronoticias.com\/index.php\/wp-json\/wp\/v2\/comments?post=66417"}],"version-history":[{"count":0,"href":"https:\/\/acronoticias.com\/index.php\/wp-json\/wp\/v2\/posts\/66417\/revisions"}],"wp:featuredmedia":[{"embeddable":true,"href":"https:\/\/acronoticias.com\/index.php\/wp-json\/wp\/v2\/media\/66418"}],"wp:attachment":[{"href":"https:\/\/acronoticias.com\/index.php\/wp-json\/wp\/v2\/media?parent=66417"}],"wp:term":[{"taxonomy":"category","embeddable":true,"href":"https:\/\/acronoticias.com\/index.php\/wp-json\/wp\/v2\/categories?post=66417"},{"taxonomy":"post_tag","embeddable":true,"href":"https:\/\/acronoticias.com\/index.php\/wp-json\/wp\/v2\/tags?post=66417"}],"curies":[{"name":"wp","href":"https:\/\/api.w.org\/{rel}","templated":true}]}}