{"id":66413,"date":"2026-08-31T16:18:40","date_gmt":"2026-08-31T16:18:40","guid":{"rendered":"https:\/\/acronoticias.com\/index.php\/2026\/08\/31\/mercado-modelo-de-santiago-dos-incendios-en-dos-anos-vuelven-a-poner-en-jaque-a-comerciantes\/"},"modified":"2026-08-31T16:18:40","modified_gmt":"2026-08-31T16:18:40","slug":"mercado-modelo-de-santiago-dos-incendios-en-dos-anos-vuelven-a-poner-en-jaque-a-comerciantes","status":"publish","type":"post","link":"https:\/\/acronoticias.com\/index.php\/2026\/08\/31\/mercado-modelo-de-santiago-dos-incendios-en-dos-anos-vuelven-a-poner-en-jaque-a-comerciantes\/","title":{"rendered":"Mercado Modelo de Santiago: dos incendios en dos a\u00f1os vuelven a poner en jaque a comerciantes"},"content":{"rendered":"<p><img decoding=\"async\" width=\"355\" height=\"200\" src=\"https:\/\/nuevodiario-assets.s3.us-east-2.amazonaws.com\/wp-content\/uploads\/2026\/08\/WhatsApp-Image-2026-08-31-at-12.05.57-PM-355x200.jpeg\" class=\"webfeedsFeaturedVisual wp-post-image\" alt=\"\" style=\"display: block;margin-bottom: 5px;clear:both;max-width: 100%\" loading=\"lazy\" \/><\/p>\n<p><strong>EL NUEVO DIARIO, SANTIAGO. \u2013<\/strong> El Mercado Modelo de Santiago vuelve a estar en el centro de la preocupaci\u00f3n de comerciantes y autoridades municipales. Dos a\u00f1os despu\u00e9s de que un incendio provocara importantes da\u00f1os en varios establecimientos de este tradicional centro comercial, un nuevo siniestro volvi\u00f3 a consumir parte de sus instalaciones y dej\u00f3 p\u00e9rdidas econ\u00f3micas entre los vendedores.<\/p>\n<p>El m\u00e1s reciente incendio se registr\u00f3 durante la madrugada del s\u00e1bado 29 de agosto de 2026, en el \u00e1rea de la Plaza Lorenzo Vargas, donde las llamas destruyeron alrededor de <strong>14 locales<\/strong>, de acuerdo con la evaluaci\u00f3n preliminar ofrecida por el alcalde de Santiago, <strong>Ulises Rodr\u00edguez<\/strong>.<\/p>\n<p>La escena vuelve a ser conocida para los comerciantes del Mercado Modelo. En agosto de <strong>2024<\/strong>, otro incendio afect\u00f3 varios negocios del lugar, provocando p\u00e9rdidas y obligando a las autoridades a intervenir para recuperar los espacios afectados. En aquella ocasi\u00f3n, el propio alcalde Ulises Rodr\u00edguez acudi\u00f3 al lugar y anunci\u00f3 un levantamiento de los da\u00f1os para determinar las medidas que ser\u00edan tomadas.<\/p>\n<p>El Mercado Modelo, uno de los espacios comerciales tradicionales del centro hist\u00f3rico de Santiago, comenz\u00f3 a funcionar en <strong>1946<\/strong>, mientras que la Plaza Lorenzo Vargas, conocida como El Sombrerero, fue inaugurada posteriormente como parte de la expansi\u00f3n de esta zona comercial.<\/p>\n<p>El nuevo siniestro reabre una pregunta que va m\u00e1s all\u00e1 de las p\u00e9rdidas materiales: <strong>\u00bfqu\u00e9 est\u00e1 pasando con las condiciones de seguridad del Mercado Modelo para que en un per\u00edodo de apenas dos a\u00f1os vuelva a producirse un incendio de esta magnitud?<\/strong><\/p>\n<p>Las autoridades todav\u00eda no han establecido oficialmente la causa del fuego. Precisamente por eso, durante su recorrido por la zona afectada, el alcalde Ulises Rodr\u00edguez insisti\u00f3 en la necesidad de realizar una investigaci\u00f3n exhaustiva.<\/p>\n<p>\u201cHay que hacer una investigaci\u00f3n m\u00e1s exhaustiva para ver el origen del incendio y evitar que este tipo de situaciones ocurran\u201d, afirm\u00f3 el alcalde.<\/p>\n<p>La preocupaci\u00f3n de los comerciantes se centra ahora no solo en recuperar las mercanc\u00edas y los espacios destruidos, sino tambi\u00e9n en conocer qu\u00e9 origin\u00f3 el fuego y qu\u00e9 medidas se implementar\u00e1n para evitar que un tercer episodio vuelva a afectar el mercado.<\/p>\n<p>Durante su visita del domingo, el alcalde estuvo acompa\u00f1ado por el general <strong>Alexis Moscat<\/strong>, intendente del Cuerpo de Bomberos de Santiago, adem\u00e1s de representantes de la Polic\u00eda Nacional y la Polic\u00eda Municipal.<\/p>\n<p>Rodr\u00edguez explic\u00f3 que la Alcald\u00eda se encontraba realizando un levantamiento para determinar la magnitud de los da\u00f1os y garantizar las condiciones necesarias para los comerciantes.<\/p>\n<p>\u201cTan pronto se haga el levantamiento, r\u00e1pidamente podamos remodelar, remozar y reabrir el Mercado Modelo\u201d, asegur\u00f3.<\/p>\n<p>M\u00e1s all\u00e1 de las paredes, los m\u00f3dulos y las mercanc\u00edas, el Mercado Modelo representa una parte de la din\u00e1mica comercial y tur\u00edstica del centro de Santiago. All\u00ed confluyen comerciantes que durante a\u00f1os han construido sus negocios y familias que dependen directamente de las ventas realizadas en este espacio.<\/p>\n<p>Por eso, cada incendio representa mucho m\u00e1s que una p\u00e9rdida de infraestructura. Significa mercanc\u00edas destruidas, inversiones perdidas y la incertidumbre de comerciantes que deben comenzar nuevamente.<\/p>\n<p><img loading=\"lazy\" decoding=\"async\" data-recalc-dims=\"1\" class=\"alignnone size-medium wp-image-3259248\" src=\"https:\/\/i0.wp.com\/nuevodiario-assets.s3.us-east-2.amazonaws.com\/wp-content\/uploads\/2026\/08\/WhatsApp-Image-2026-08-30-at-4.51.56-PM-1-400x293.jpeg?resize=400%2C293&quality=100&ssl=1\" alt=\"\" width=\"400\" height=\"293\" \/> <img loading=\"lazy\" decoding=\"async\" data-recalc-dims=\"1\" class=\"alignnone size-medium wp-image-3259249\" src=\"https:\/\/i0.wp.com\/nuevodiario-assets.s3.us-east-2.amazonaws.com\/wp-content\/uploads\/2026\/08\/WhatsApp-Image-2026-08-31-at-12.05.57-PM-2-300x400.jpeg?resize=300%2C400&quality=100&ssl=1\" alt=\"\" width=\"300\" height=\"400\" \/> <img decoding=\"async\" data-recalc-dims=\"1\" loading=\"lazy\" class=\"alignnone size-medium wp-image-3259250\" src=\"https:\/\/i0.wp.com\/nuevodiario-assets.s3.us-east-2.amazonaws.com\/wp-content\/uploads\/2026\/08\/WhatsApp-Image-2026-08-31-at-12.05.57-PM-1-400x300.jpeg?resize=400%2C300&quality=100&ssl=1\" alt=\"\" width=\"400\" height=\"300\" \/> <img decoding=\"async\" data-recalc-dims=\"1\" loading=\"lazy\" class=\"alignnone size-medium wp-image-3259252\" src=\"https:\/\/i0.wp.com\/nuevodiario-assets.s3.us-east-2.amazonaws.com\/wp-content\/uploads\/2026\/08\/WhatsApp-Image-2026-08-31-at-12.05.57-PM-3-400x300.jpeg?resize=400%2C300&quality=100&ssl=1\" alt=\"\" width=\"400\" height=\"300\" \/><\/p>\n<p>\u00a0<\/p>\n<p>La entrada <a href=\"https:\/\/elnuevodiario.com.do\/mercado-modelo-de-santiago-dos-incendios-en-dos-anos-vuelven-a-poner-en-jaque-a-comerciantes\/\">Mercado Modelo de Santiago: dos incendios en dos a\u00f1os vuelven a poner en jaque a comerciantes<\/a> se public\u00f3 primero en <a href=\"https:\/\/elnuevodiario.com.do\">El Nuevo Diario (Rep\u00fablica Dominicana)<\/a>.<\/p>\n","protected":false},"excerpt":{"rendered":"EL NUEVO DIARIO, SANTIAGO. \u2013 El Mercado Modelo de Santiago vuelve a&hellip;\n","protected":false},"author":1,"featured_media":66414,"comment_status":"open","ping_status":"open","sticky":false,"template":"","format":"standard","meta":{"footnotes":""},"categories":[1],"tags":[],"class_list":["post-66413","post","type-post","status-publish","format-standard","has-post-thumbnail","category-nacionales"],"_links":{"self":[{"href":"https:\/\/acronoticias.com\/index.php\/wp-json\/wp\/v2\/posts\/66413","targetHints":{"allow":["GET"]}}],"collection":[{"href":"https:\/\/acronoticias.com\/index.php\/wp-json\/wp\/v2\/posts"}],"about":[{"href":"https:\/\/acronoticias.com\/index.php\/wp-json\/wp\/v2\/types\/post"}],"author":[{"embeddable":true,"href":"https:\/\/acronoticias.com\/index.php\/wp-json\/wp\/v2\/users\/1"}],"replies":[{"embeddable":true,"href":"https:\/\/acronoticias.com\/index.php\/wp-json\/wp\/v2\/comments?post=66413"}],"version-history":[{"count":0,"href":"https:\/\/acronoticias.com\/index.php\/wp-json\/wp\/v2\/posts\/66413\/revisions"}],"wp:featuredmedia":[{"embeddable":true,"href":"https:\/\/acronoticias.com\/index.php\/wp-json\/wp\/v2\/media\/66414"}],"wp:attachment":[{"href":"https:\/\/acronoticias.com\/index.php\/wp-json\/wp\/v2\/media?parent=66413"}],"wp:term":[{"taxonomy":"category","embeddable":true,"href":"https:\/\/acronoticias.com\/index.php\/wp-json\/wp\/v2\/categories?post=66413"},{"taxonomy":"post_tag","embeddable":true,"href":"https:\/\/acronoticias.com\/index.php\/wp-json\/wp\/v2\/tags?post=66413"}],"curies":[{"name":"wp","href":"https:\/\/api.w.org\/{rel}","templated":true}]}}