{"id":66411,"date":"2026-08-31T16:02:35","date_gmt":"2026-08-31T16:02:35","guid":{"rendered":"https:\/\/acronoticias.com\/index.php\/2026\/08\/31\/pese-a-abrir-inscripciones-en-marzo-educacion-recibio-2400-solicitudes-de-cupos-luego-de-iniciar-las-clases\/"},"modified":"2026-08-31T16:02:35","modified_gmt":"2026-08-31T16:02:35","slug":"pese-a-abrir-inscripciones-en-marzo-educacion-recibio-2400-solicitudes-de-cupos-luego-de-iniciar-las-clases","status":"publish","type":"post","link":"https:\/\/acronoticias.com\/index.php\/2026\/08\/31\/pese-a-abrir-inscripciones-en-marzo-educacion-recibio-2400-solicitudes-de-cupos-luego-de-iniciar-las-clases\/","title":{"rendered":"Pese a abrir inscripciones en marzo, Educaci\u00f3n recibi\u00f3 2,400 solicitudes de cupos luego de iniciar las clases"},"content":{"rendered":"<p><img loading=\"lazy\" decoding=\"async\" width=\"355\" height=\"200\" src=\"https:\/\/nuevodiario-assets.s3.us-east-2.amazonaws.com\/wp-content\/uploads\/2026\/08\/WhatsApp-Image-2026-08-31-at-5.11.21-PM-355x200.jpeg\" class=\"webfeedsFeaturedVisual wp-post-image\" alt=\"\" style=\"display: block;margin-bottom: 5px;clear:both;max-width: 100%\" \/><\/p>\n<p>EL NUEVO DIARIO, SANTO DOMINGO.- El viceministro de Planificaci\u00f3n y Desarrollo Educativo del Ministerio de Educaci\u00f3n, Ayacx Mercedes Contreras, atribuy\u00f3 a la coordinaci\u00f3n oportuna el buen inicio del reci\u00e9n comenzado a\u00f1o escolar y la reducci\u00f3n de las denuncias relacionadas con la falta de cupos.<\/p>\n<p>Mercedes Contreras explic\u00f3 que la preparaci\u00f3n para el a\u00f1o escolar comenz\u00f3 en febrero debido a la magnitud de la operaci\u00f3n que implica garantizar los servicios educativos a m\u00e1s de 2.08 millones de estudiantes del sector p\u00fablico, adem\u00e1s de gestionar m\u00e1s de 8,000 centros educativos y 125,000 docentes.<\/p>\n<p>\u201cPor primera vez en la historia, las inscripciones comenzaron en marzo, para que pudi\u00e9ramos contrarrestar un poco esa tendencia cultural de los dominicanos de dejarlo todo para el \u00faltimo momento. Por eso es que el trabajo comenz\u00f3 temprano\u201d, coment\u00f3.<\/p>\n<p class=\"PDq2pG_selectionAnchorContainer\" data-start=\"0\" data-end=\"211\">Agreg\u00f3 que al inicio del a\u00f1o escolar se hab\u00edan atendido unas 157,000 solicitudes. Sin embargo, pese a que el proceso de inscripci\u00f3n comenz\u00f3 en marzo, durante la primera semana de clases surgieron 2,400 nuevas solicitudes durante la primera semana, de las cuales unas 1,800 ya fueron resueltas.<\/p>\n<p data-start=\"457\" data-end=\"599\" data-is-last-node=\"\" data-is-only-node=\"\">\u201cUn proceso que inici\u00f3 en febrero y la familia se aparece el 27 de agosto, obviamente requiere un tiempo m\u00ednimo para darle respuesta\u201d, se\u00f1al\u00f3.<\/p>\n<p>Mercedes Contreras realiz\u00f3 estas declaraciones durante una entrevista concedida en el programa \u201cEl Nuevo Diario AM\u201d, que transmite la plataforma digital El Nuevo Diario TV.<\/p>\n<p>(Ver programa).<\/p>\n<div class=\"jetpack-video-wrapper\"><\/div>\n<p>Afirm\u00f3 que, aunque persisten algunas dificultades, el sistema educativo se encuentra mejor preparado en materia de organizaci\u00f3n y log\u00edstica.<\/p>\n<p>\u201cPodemos decir a boca llena que en este inicio del a\u00f1o escolar estamos m\u00e1s listos que nunca. Eso no significa que no haya problemas; claro que hay problemas, pero a nivel de preparaci\u00f3n, log\u00edstica y organizaci\u00f3n estamos en condiciones \u00f3ptimas en este a\u00f1o escolar\u201d, expres\u00f3.<\/p>\n<p><strong>Ministerio prioriza construcci\u00f3n de aulas para reducir d\u00e9ficit<\/strong><\/p>\n<p>En cuanto al d\u00e9ficit de aulas, Mercedes Contreras explic\u00f3 que el Ministerio de Educaci\u00f3n, junto con la Direcci\u00f3n de Infraestructura Escolar, realiz\u00f3 una evaluaci\u00f3n de los planteles que se encontraban en proceso de construcci\u00f3n y estableci\u00f3 prioridades para acelerar su terminaci\u00f3n.<\/p>\n<p>Indic\u00f3 que se utilizaron dos criterios principales: el nivel de avance de las obras y la importancia estrat\u00e9gica de los centros educativos para las comunidades donde est\u00e1n ubicados.<\/p>\n<p>\u201cEl a\u00f1o pasado, junto con la Direcci\u00f3n de Infraestructura Escolar, nos sentamos a ver las aulas en proceso de construcci\u00f3n y decidimos priorizar con base en dos criterios: por un lado, las aulas que estaban m\u00e1s cerca de estar terminadas y, por otro, las aulas que tuvieran mayor importancia estrat\u00e9gica\u201d, explic\u00f3.<\/p>\n<p>En ese sentido, indic\u00f3 que, como resultado de esta planificaci\u00f3n, para principios de agosto ya hab\u00edan sido terminadas 1,308 aulas, mientras unas 200 permanec\u00edan en proceso de conclusi\u00f3n.<\/p>\n<p>Agreg\u00f3 que, al cierre de 2026, se proyecta entregar 580 aulas adicionales, lo que elevar\u00eda a aproximadamente 2,090 las nuevas aulas entregadas durante el a\u00f1o.<\/p>\n<p>\u201cEste ser\u00e1 el tercer a\u00f1o de mayor producci\u00f3n de aulas de la historia, superado solamente por el 2014 y 2015\u201d, coment\u00f3.<\/p>\n<p>Mercedes Contreras se\u00f1al\u00f3 que estas cifras no incluyen las denominadas aulas modulares o prefabricadas, cuya instalaci\u00f3n puede realizarse con mayor rapidez y presentan mejores condiciones frente a eventos s\u00edsmicos.<\/p>\n<p>La entrada <a href=\"https:\/\/elnuevodiario.com.do\/pese-a-abrir-inscripciones-en-marzo-educacion-recibio-2400-solicitudes-de-cupos-luego-de-iniciar-las-clases\/\">Pese a abrir inscripciones en marzo, Educaci\u00f3n recibi\u00f3 2,400 solicitudes de cupos luego de iniciar las clases<\/a> se public\u00f3 primero en <a href=\"https:\/\/elnuevodiario.com.do\">El Nuevo Diario (Rep\u00fablica Dominicana)<\/a>.<\/p>\n","protected":false},"excerpt":{"rendered":"EL NUEVO DIARIO, SANTO DOMINGO.- El viceministro de Planificaci\u00f3n y Desarrollo Educativo&hellip;\n","protected":false},"author":1,"featured_media":66412,"comment_status":"open","ping_status":"open","sticky":false,"template":"","format":"standard","meta":{"footnotes":""},"categories":[1],"tags":[],"class_list":["post-66411","post","type-post","status-publish","format-standard","has-post-thumbnail","category-nacionales"],"_links":{"self":[{"href":"https:\/\/acronoticias.com\/index.php\/wp-json\/wp\/v2\/posts\/66411","targetHints":{"allow":["GET"]}}],"collection":[{"href":"https:\/\/acronoticias.com\/index.php\/wp-json\/wp\/v2\/posts"}],"about":[{"href":"https:\/\/acronoticias.com\/index.php\/wp-json\/wp\/v2\/types\/post"}],"author":[{"embeddable":true,"href":"https:\/\/acronoticias.com\/index.php\/wp-json\/wp\/v2\/users\/1"}],"replies":[{"embeddable":true,"href":"https:\/\/acronoticias.com\/index.php\/wp-json\/wp\/v2\/comments?post=66411"}],"version-history":[{"count":0,"href":"https:\/\/acronoticias.com\/index.php\/wp-json\/wp\/v2\/posts\/66411\/revisions"}],"wp:featuredmedia":[{"embeddable":true,"href":"https:\/\/acronoticias.com\/index.php\/wp-json\/wp\/v2\/media\/66412"}],"wp:attachment":[{"href":"https:\/\/acronoticias.com\/index.php\/wp-json\/wp\/v2\/media?parent=66411"}],"wp:term":[{"taxonomy":"category","embeddable":true,"href":"https:\/\/acronoticias.com\/index.php\/wp-json\/wp\/v2\/categories?post=66411"},{"taxonomy":"post_tag","embeddable":true,"href":"https:\/\/acronoticias.com\/index.php\/wp-json\/wp\/v2\/tags?post=66411"}],"curies":[{"name":"wp","href":"https:\/\/api.w.org\/{rel}","templated":true}]}}