{"id":66407,"date":"2026-08-31T15:47:44","date_gmt":"2026-08-31T15:47:44","guid":{"rendered":"https:\/\/acronoticias.com\/index.php\/2026\/08\/31\/mexico-regulara-el-uso-de-celulares-en-las-escuelas-tras-consulta-a-docentes\/"},"modified":"2026-08-31T15:47:44","modified_gmt":"2026-08-31T15:47:44","slug":"mexico-regulara-el-uso-de-celulares-en-las-escuelas-tras-consulta-a-docentes","status":"publish","type":"post","link":"https:\/\/acronoticias.com\/index.php\/2026\/08\/31\/mexico-regulara-el-uso-de-celulares-en-las-escuelas-tras-consulta-a-docentes\/","title":{"rendered":"M\u00e9xico regular\u00e1 el uso de celulares en las escuelas tras consulta a docentes"},"content":{"rendered":"<div id=\"nota-texto\">\n<p><strong><a href=\"https:\/\/noticiassin.com\/tag\/ciudad-de-mexico\/\" class=\"nsin-auto-tag-link\">Ciudad de M\u00e9xico<\/a><\/strong>. \u2013 El <strong>Gobierno<\/strong> mexicano prepara nuevos lineamientos para regular el uso de tel\u00e9fonos celulares y otros dispositivos en las escuelas, despu\u00e9s de que el 81 % de m\u00e1s de 565.000 docentes consultados respaldara establecer reglas para garantizar un uso seguro y pedag\u00f3gico de la tecnolog\u00eda, inform\u00f3 este lunes el secretario de <strong><a href=\"https:\/\/noticiassin.com\/tag\/educacion-publica\/\" class=\"nsin-auto-tag-link\">Educaci\u00f3n P\u00fablica<\/a><\/strong>, <strong><a href=\"https:\/\/noticiassin.com\/tag\/mario-delgado\/\" class=\"nsin-auto-tag-link\">Mario Delgado<\/a><\/strong>.<\/p>\n<p>El anuncio coincidi\u00f3 con el regreso a las aulas de millones de estudiantes para el ciclo escolar 2026-2027, que moviliza a m\u00e1s de 1,6 millones de docentes en unas<strong> 250,000 escuelas del pa\u00eds.<\/strong><\/p>\n<h2 id=\"consulta-docente-y-propuesta-nacional\" class=\"wp-block-heading\">Consulta docente y propuesta nacional<\/h2>\n<p><strong>Delgado<\/strong> explic\u00f3 que la <strong>Secretar\u00eda de Educaci\u00f3n P\u00fablica<\/strong> (<strong>SEP<\/strong>) realiz\u00f3 la consulta durante el <strong>Consejo T\u00e9cnico Escolar Intensivo<\/strong> de la semana pasada, con la participaci\u00f3n de 565.396 maestros, para conocer c\u00f3mo est\u00e1n experimentando la presencia de dispositivos electr\u00f3nicos en las aulas.<\/p>\n<h3 id=\"presencia-de-celulares-y-relojes\" class=\"wp-block-heading\">Presencia de celulares y relojes<\/h3>\n<p>Seg\u00fan los resultados, <strong>cerca del 40 % de los docentes <\/strong>detecta que los alumnos llevan tel\u00e9fonos celulares a la escuela, y un 24 % se\u00f1al\u00f3 la presencia de relojes inteligentes.<\/p>\n<p>El 48 % consider\u00f3 que los celulares dificultan mantener la atenci\u00f3n de los estudiantes, mientras que el 38 % afirm\u00f3 que interrumpen las actividades e<strong>scolares y el 34 % advirti\u00f3 que los alumnos<\/strong> abandonan alguna forma de convivencia por permanecer pendientes de sus dispositivos.<\/p>\n<div class=\"nbs-subscribe-box \">\n<p>Suscribete al newsletter de Noticias SIN<\/p>\n<\/div>\n<h3 id=\"impacto-en-atencion-y-convivencia\" class=\"wp-block-heading\">Impacto en atenci\u00f3n y convivencia<\/h3>\n<p><strong>Adem\u00e1s, un 38,7 % de los profesores<\/strong> asegur\u00f3 haber detectado que los conflictos originados en las redes sociales terminan traslad\u00e1ndose a las aulas o las escuelas.<\/p>\n<p>Ante este panorama, el 51 % de los docentes propuso establecer protocolos para atender situaciones de riesgo y alcanzar acuerdos con madres y padres de familia<strong> sobre el acceso y uso de las tecnolog\u00edas.<\/strong><\/p>\n<p>Delgado explic\u00f3 que los resultados fueron presentados parcialmente el viernes ante las autoridades educativas de los estados y que, durante esta semana, <strong>continuar\u00e1n trabajando en una propuesta nacional.<\/strong><\/p>\n<p><strong>\u00abVamos a seguir revisando esta semana para ver qu\u00e9 lineamientos<\/strong> vamos a tener a partir de lo que dicen los maestros, de lo que dicen las autoridades educativas\u201d, afirm\u00f3.<\/p>\n<h2 id=\"contexto-internacional-y-salud-emocional\" class=\"wp-block-heading\">Contexto internacional y salud emocional<\/h2>\n<p>La regulaci\u00f3n de los celulares en las escuelas ha cobrado fuerza en distintos pa\u00edses ante las preocupaciones sobre sus efectos en la<strong> concentraci\u00f3n, el aprendizaje, <\/strong>la convivencia y la salud mental de ni\u00f1os y adolescentes.<\/p>\n<p>La <strong>Unesco<\/strong> ha recomendado que la tecnolog\u00eda se utilice en las aulas \u00fanicamente cuando contribuya al aprendizaje y ha advertido sobre los efectos negativos que puede tener su uso excesivo.<\/p>\n<p>En el nuevo ciclo escolar, la <strong>SEP<\/strong> pondr\u00e1 en marcha el programa \u2018ABC de las emociones\u2019, con gu\u00edas para estudiantes, docentes y familias, y una hora semanal dedicada a hablar sobre salud emocional en secundarias y preparatorias.<\/p>\n<blockquote class=\"wp-block-quote is-layout-flow wp-block-quote-is-layout-flow\">\n<p>En <strong>Ciudad de M\u00e9xico<\/strong>, la alcaldesa <strong><a href=\"https:\/\/noticiassin.com\/tag\/clara-brugada\/\" class=\"nsin-auto-tag-link\">Clara Brugada<\/a><\/strong> inform\u00f3 del despliegue de 15.000 polic\u00edas para vigilar escuelas, cruces, calles y transporte durante el regreso a clases, adem\u00e1s de programas para renovar planteles y ampliar las aulas digitales.<\/p>\n<\/blockquote>\n<\/div>\n","protected":false},"excerpt":{"rendered":"Ciudad de M\u00e9xico. \u2013 El Gobierno mexicano prepara nuevos lineamientos para regular&hellip;\n","protected":false},"author":1,"featured_media":66408,"comment_status":"open","ping_status":"open","sticky":false,"template":"","format":"standard","meta":{"footnotes":""},"categories":[3],"tags":[],"class_list":["post-66407","post","type-post","status-publish","format-standard","has-post-thumbnail","category-internacionales"],"_links":{"self":[{"href":"https:\/\/acronoticias.com\/index.php\/wp-json\/wp\/v2\/posts\/66407","targetHints":{"allow":["GET"]}}],"collection":[{"href":"https:\/\/acronoticias.com\/index.php\/wp-json\/wp\/v2\/posts"}],"about":[{"href":"https:\/\/acronoticias.com\/index.php\/wp-json\/wp\/v2\/types\/post"}],"author":[{"embeddable":true,"href":"https:\/\/acronoticias.com\/index.php\/wp-json\/wp\/v2\/users\/1"}],"replies":[{"embeddable":true,"href":"https:\/\/acronoticias.com\/index.php\/wp-json\/wp\/v2\/comments?post=66407"}],"version-history":[{"count":0,"href":"https:\/\/acronoticias.com\/index.php\/wp-json\/wp\/v2\/posts\/66407\/revisions"}],"wp:featuredmedia":[{"embeddable":true,"href":"https:\/\/acronoticias.com\/index.php\/wp-json\/wp\/v2\/media\/66408"}],"wp:attachment":[{"href":"https:\/\/acronoticias.com\/index.php\/wp-json\/wp\/v2\/media?parent=66407"}],"wp:term":[{"taxonomy":"category","embeddable":true,"href":"https:\/\/acronoticias.com\/index.php\/wp-json\/wp\/v2\/categories?post=66407"},{"taxonomy":"post_tag","embeddable":true,"href":"https:\/\/acronoticias.com\/index.php\/wp-json\/wp\/v2\/tags?post=66407"}],"curies":[{"name":"wp","href":"https:\/\/api.w.org\/{rel}","templated":true}]}}