{"id":66405,"date":"2026-08-31T15:46:55","date_gmt":"2026-08-31T15:46:55","guid":{"rendered":"https:\/\/acronoticias.com\/index.php\/2026\/08\/31\/aneih-destaca-que-una-justicia-eficiente-es-clave-para-atraer-inversion\/"},"modified":"2026-08-31T15:46:55","modified_gmt":"2026-08-31T15:46:55","slug":"aneih-destaca-que-una-justicia-eficiente-es-clave-para-atraer-inversion","status":"publish","type":"post","link":"https:\/\/acronoticias.com\/index.php\/2026\/08\/31\/aneih-destaca-que-una-justicia-eficiente-es-clave-para-atraer-inversion\/","title":{"rendered":"Aneih destaca que una justicia eficiente es clave para atraer inversi\u00f3n"},"content":{"rendered":"<p><img loading=\"lazy\" decoding=\"async\" width=\"355\" height=\"200\" src=\"https:\/\/nuevodiario-assets.s3.us-east-2.amazonaws.com\/wp-content\/uploads\/2026\/08\/Aneih-destaca-que-una-justicia-eficiente-es-clave-para-atraer-inversion-Foto-Comunicaciones-Aneih-355x200.jpeg\" class=\"webfeedsFeaturedVisual wp-post-image\" alt=\"\" style=\"display: block;margin-bottom: 5px;clear:both;max-width: 100%\" \/><\/p>\n<p><span style=\"font-weight: 400\">EL NUEVO DIARIO, SANTO DOMINGO. \u2013 La Asociaci\u00f3n Nacional de Empresas e Industrias Herrera (Aneih) consider\u00f3 que el fortalecimiento de las instituciones y la modernizaci\u00f3n del sistema de justicia tienen una incidencia directa en la capacidad del pa\u00eds para atraer inversiones, impulsar el emprendimiento, aumentar la producci\u00f3n y generar empleos.<\/span><\/p>\n<p><span style=\"font-weight: 400\">De acuerdo a un comunicado, el planteamiento fue expuesto por Francis Mateo, primer vicepresidente de la Aneih, al destacar la importancia de las reformas normativas que impulsa el Poder Ejecutivo, desde la reforma constitucional hasta la nueva Ley Org\u00e1nica del Ministerio de Justicia.<\/span><\/p>\n<p><span style=\"font-weight: 400\">Sostuvo que los efectos de una justicia eficiente, moderna e independiente trascienden al sector productivo, pues tambi\u00e9n contribuyen a fortalecer la convivencia democr\u00e1tica y garantizar los derechos y las oportunidades de los ciudadanos.<\/span><\/p>\n<p><span style=\"font-weight: 400\">Mateo se\u00f1al\u00f3 que, desde la perspectiva empresarial, contar con reglas claras, instituciones s\u00f3lidas y procesos eficientes genera la confianza necesaria para invertir, emprender, producir y generar empleos.<\/span><\/p>\n<figure id=\"attachment_3259191\" aria-describedby=\"caption-attachment-3259191\" style=\"width: 267px\" class=\"wp-caption alignnone\"><img loading=\"lazy\" decoding=\"async\" data-recalc-dims=\"1\" class=\"size-medium wp-image-3259191\" src=\"https:\/\/i0.wp.com\/nuevodiario-assets.s3.us-east-2.amazonaws.com\/wp-content\/uploads\/2026\/08\/Aneih-destaca-que-una-justicia-eficiente-es-clave-para-atraer-inversion-Foto-Comunicaciones-Aneih-2-267x400.jpeg?resize=267%2C400&quality=100&ssl=1\" alt=\"\" width=\"267\" height=\"400\" \/><figcaption id=\"caption-attachment-3259191\" class=\"wp-caption-text\"><span style=\"font-weight: 400\">Ministro de Justicia, Antoliano Peralta <\/span>(Foto: Comunicaciones Aneih)<\/figcaption><\/figure>\n<p><span style=\"font-weight: 400\">El primer vicepresidente de la Aneih ofreci\u00f3 estas declaraciones durante el C\u00f3ctel-Conferencia de la entidad, que cont\u00f3 con la participaci\u00f3n del ministro de Justicia, Antoliano Peralta, quien abord\u00f3 las reformas normativas que impulsa el Poder Ejecutivo, incluidos los cambios en materia constitucional y la nueva Ley Org\u00e1nica del Ministerio de Justicia.<\/span><\/p>\n<p><span style=\"font-weight: 400\">Ante el proceso de reformas institucionales, Mateo plante\u00f3 la importancia de mantener espacios de di\u00e1logo y participaci\u00f3n que permitan escuchar las distintas posiciones de la sociedad y construir consensos sobre los cambios que est\u00e1n llamados a perdurar.<\/span><\/p>\n<p><span style=\"font-weight: 400\">\u201cLos cambios llamados a perdurar requieren escuchar las distintas voces de la sociedad, construir consensos y procurar que las reformas respondan verdaderamente a las necesidades y aspiraciones del pa\u00eds\u201d, expres\u00f3.<\/span><\/p>\n<p><span style=\"font-weight: 400\">Mateo consider\u00f3 que este tipo de encuentros constituye una oportunidad para conocer las propuestas, formular preguntas e intercambiar ideas en un ambiente abierto y constructivo.<\/span><\/p>\n<p><span style=\"font-weight: 400\">El encuentro se realiz\u00f3 en el marco de la Expo Feria Destino Oeste, que se desarroll\u00f3 del 27 al 30 de agosto de 2026 en el Club Julio Sauri, ubicado en la avenida Luper\u00f3n, casi esquina Cayetano Germos\u00e9n.<\/span><\/p>\n<p>MMB\/<\/p>\n<p>La entrada <a href=\"https:\/\/elnuevodiario.com.do\/aneih-destaca-que-una-justicia-eficiente-es-clave-para-atraer-inversion\/\">Aneih destaca que una justicia eficiente es clave para atraer inversi\u00f3n<\/a> se public\u00f3 primero en <a href=\"https:\/\/elnuevodiario.com.do\">El Nuevo Diario (Rep\u00fablica Dominicana)<\/a>.<\/p>\n","protected":false},"excerpt":{"rendered":"EL NUEVO DIARIO, SANTO DOMINGO. \u2013 La Asociaci\u00f3n Nacional de Empresas e&hellip;\n","protected":false},"author":1,"featured_media":66406,"comment_status":"open","ping_status":"open","sticky":false,"template":"","format":"standard","meta":{"footnotes":""},"categories":[1],"tags":[],"class_list":["post-66405","post","type-post","status-publish","format-standard","has-post-thumbnail","category-nacionales"],"_links":{"self":[{"href":"https:\/\/acronoticias.com\/index.php\/wp-json\/wp\/v2\/posts\/66405","targetHints":{"allow":["GET"]}}],"collection":[{"href":"https:\/\/acronoticias.com\/index.php\/wp-json\/wp\/v2\/posts"}],"about":[{"href":"https:\/\/acronoticias.com\/index.php\/wp-json\/wp\/v2\/types\/post"}],"author":[{"embeddable":true,"href":"https:\/\/acronoticias.com\/index.php\/wp-json\/wp\/v2\/users\/1"}],"replies":[{"embeddable":true,"href":"https:\/\/acronoticias.com\/index.php\/wp-json\/wp\/v2\/comments?post=66405"}],"version-history":[{"count":0,"href":"https:\/\/acronoticias.com\/index.php\/wp-json\/wp\/v2\/posts\/66405\/revisions"}],"wp:featuredmedia":[{"embeddable":true,"href":"https:\/\/acronoticias.com\/index.php\/wp-json\/wp\/v2\/media\/66406"}],"wp:attachment":[{"href":"https:\/\/acronoticias.com\/index.php\/wp-json\/wp\/v2\/media?parent=66405"}],"wp:term":[{"taxonomy":"category","embeddable":true,"href":"https:\/\/acronoticias.com\/index.php\/wp-json\/wp\/v2\/categories?post=66405"},{"taxonomy":"post_tag","embeddable":true,"href":"https:\/\/acronoticias.com\/index.php\/wp-json\/wp\/v2\/tags?post=66405"}],"curies":[{"name":"wp","href":"https:\/\/api.w.org\/{rel}","templated":true}]}}