{"id":66403,"date":"2026-08-31T15:29:50","date_gmt":"2026-08-31T15:29:50","guid":{"rendered":"https:\/\/acronoticias.com\/index.php\/2026\/08\/31\/ifb-y-fundacion-ayo-entregan-mochilas-y-utiles-escolares-a-ninos-de-escasos-recursos\/"},"modified":"2026-08-31T15:29:50","modified_gmt":"2026-08-31T15:29:50","slug":"ifb-y-fundacion-ayo-entregan-mochilas-y-utiles-escolares-a-ninos-de-escasos-recursos","status":"publish","type":"post","link":"https:\/\/acronoticias.com\/index.php\/2026\/08\/31\/ifb-y-fundacion-ayo-entregan-mochilas-y-utiles-escolares-a-ninos-de-escasos-recursos\/","title":{"rendered":"IFB y Fundaci\u00f3n AYO entregan mochilas y \u00fatiles escolares a ni\u00f1os de escasos recursos"},"content":{"rendered":"<p><img decoding=\"async\" width=\"355\" height=\"200\" src=\"https:\/\/nuevodiario-assets.s3.us-east-2.amazonaws.com\/wp-content\/uploads\/2026\/08\/IFB-y-Fundacion-AYO-entregan-mochilas-y-utiles-escolares-a-ninos-de-escasos-recursos-1-355x200.jpeg\" class=\"webfeedsFeaturedVisual wp-post-image\" alt=\"\" style=\"display: block;margin-bottom: 5px;clear:both;max-width: 100%\" loading=\"lazy\" \/><\/p>\n<p>EL NUEVO DIARIO, SANTO DOMINGO ESTE.- La Iglesia Fundamento B\u00edblico (IFB) junto a la Fundaci\u00f3n AYO (Ayudando a Otro) distribuy\u00f3 m\u00e1s de 500 mochilas y \u00fatiles escolares a ni\u00f1os y ni\u00f1as de familias de escasos recursos, como parte de sus acciones de apoyo social con motivo del inicio del a\u00f1o escolar.<\/p>\n<p>El pastor \u00c1ngel Castillo, representante de la organizaci\u00f3n, explic\u00f3 que las jornadas de solidaridad se desarrollaron en diferentes comunidades de la regi\u00f3n Sur y la zona Este del pa\u00eds, as\u00ed como la sede de la Iglesia Fundamento B\u00edblico (IFB) en Santo Domingo Este, con el prop\u00f3sito de contribuir a que los menores cuenten con los materiales b\u00e1sicos necesarios para asistir a sus centros educativos.<\/p>\n<p>Destac\u00f3 que estas acciones forman parte de su compromiso de promover la solidaridad, el servicio y la formaci\u00f3n integral de ni\u00f1os, j\u00f3venes y familias en condiciones de vulnerabilidad.<\/p>\n<figure id=\"attachment_3259146\" aria-describedby=\"caption-attachment-3259146\" style=\"width: 1200px\" class=\"wp-caption alignnone\"><img loading=\"lazy\" decoding=\"async\" data-recalc-dims=\"1\" class=\"size-full wp-image-3259146\" src=\"https:\/\/i0.wp.com\/nuevodiario-assets.s3.us-east-2.amazonaws.com\/wp-content\/uploads\/2026\/08\/IFB-y-Fundacion-AYO-entregan-mochilas-y-utiles-escolares-a-ninos-de-escasos-recursos-2.jpeg?resize=640%2C853&quality=100&ssl=1\" alt=\"\" width=\"640\" height=\"853\" \/><figcaption id=\"caption-attachment-3259146\" class=\"wp-caption-text\"><em><strong>(Foto: IFB)<\/strong><\/em><\/figcaption><\/figure>\n<p>La iniciativa tambi\u00e9n busca aliviar la carga econ\u00f3mica de padres y tutores que enfrentan dificultades para cubrir los gastos relacionados con el inicio del per\u00edodo escolar.<\/p>\n<p>Adem\u00e1s de la entrega de \u00fatiles, la Fundaci\u00f3n AYO desarrolla programas de asistencia comunitaria que incluyen distribuci\u00f3n de alimentos, apoyo a familias vulnerables y proyectos de mejoramiento de viviendas.<\/p>\n<figure id=\"attachment_3259147\" aria-describedby=\"caption-attachment-3259147\" style=\"width: 960px\" class=\"wp-caption alignnone\"><img loading=\"lazy\" decoding=\"async\" data-recalc-dims=\"1\" class=\"size-full wp-image-3259147\" src=\"https:\/\/i0.wp.com\/nuevodiario-assets.s3.us-east-2.amazonaws.com\/wp-content\/uploads\/2026\/08\/IFB-y-Fundacion-AYO-entregan-mochilas-y-utiles-escolares-a-ninos-de-escasos-recursos-3.jpeg?resize=640%2C641&quality=100&ssl=1\" alt=\"\" width=\"640\" height=\"641\" \/><figcaption id=\"caption-attachment-3259147\" class=\"wp-caption-text\"><em><strong>(Foto: IFB)<\/strong><\/em><\/figcaption><\/figure>\n<p>Con estas iniciativas, la Fundaci\u00f3n AYO procura que las limitaciones econ\u00f3micas no impidan a los ni\u00f1os contar con las herramientas necesarias para asistir a las aulas, al tiempo que promueve valores de solidaridad, servicio y responsabilidad comunitaria.<\/p>\n<p>La entrada <a href=\"https:\/\/elnuevodiario.com.do\/ifb-y-fundacion-ayo-entregan-mochilas-y-utiles-escolares-a-ninos-de-escasos-recursos\/\">IFB y Fundaci\u00f3n AYO entregan mochilas y \u00fatiles escolares a ni\u00f1os de escasos recursos<\/a> se public\u00f3 primero en <a href=\"https:\/\/elnuevodiario.com.do\">El Nuevo Diario (Rep\u00fablica Dominicana)<\/a>.<\/p>\n","protected":false},"excerpt":{"rendered":"EL NUEVO DIARIO, SANTO DOMINGO ESTE.- La Iglesia Fundamento B\u00edblico (IFB) junto&hellip;\n","protected":false},"author":1,"featured_media":66404,"comment_status":"open","ping_status":"open","sticky":false,"template":"","format":"standard","meta":{"footnotes":""},"categories":[1],"tags":[],"class_list":["post-66403","post","type-post","status-publish","format-standard","has-post-thumbnail","category-nacionales"],"_links":{"self":[{"href":"https:\/\/acronoticias.com\/index.php\/wp-json\/wp\/v2\/posts\/66403","targetHints":{"allow":["GET"]}}],"collection":[{"href":"https:\/\/acronoticias.com\/index.php\/wp-json\/wp\/v2\/posts"}],"about":[{"href":"https:\/\/acronoticias.com\/index.php\/wp-json\/wp\/v2\/types\/post"}],"author":[{"embeddable":true,"href":"https:\/\/acronoticias.com\/index.php\/wp-json\/wp\/v2\/users\/1"}],"replies":[{"embeddable":true,"href":"https:\/\/acronoticias.com\/index.php\/wp-json\/wp\/v2\/comments?post=66403"}],"version-history":[{"count":0,"href":"https:\/\/acronoticias.com\/index.php\/wp-json\/wp\/v2\/posts\/66403\/revisions"}],"wp:featuredmedia":[{"embeddable":true,"href":"https:\/\/acronoticias.com\/index.php\/wp-json\/wp\/v2\/media\/66404"}],"wp:attachment":[{"href":"https:\/\/acronoticias.com\/index.php\/wp-json\/wp\/v2\/media?parent=66403"}],"wp:term":[{"taxonomy":"category","embeddable":true,"href":"https:\/\/acronoticias.com\/index.php\/wp-json\/wp\/v2\/categories?post=66403"},{"taxonomy":"post_tag","embeddable":true,"href":"https:\/\/acronoticias.com\/index.php\/wp-json\/wp\/v2\/tags?post=66403"}],"curies":[{"name":"wp","href":"https:\/\/api.w.org\/{rel}","templated":true}]}}