{"id":66399,"date":"2026-08-31T14:57:43","date_gmt":"2026-08-31T14:57:43","guid":{"rendered":"https:\/\/acronoticias.com\/index.php\/2026\/08\/31\/eddy-alcantara-propone-reformar-las-normas-procesales-para-combatir-con-mayor-firmeza-el-delito\/"},"modified":"2026-08-31T14:57:43","modified_gmt":"2026-08-31T14:57:43","slug":"eddy-alcantara-propone-reformar-las-normas-procesales-para-combatir-con-mayor-firmeza-el-delito","status":"publish","type":"post","link":"https:\/\/acronoticias.com\/index.php\/2026\/08\/31\/eddy-alcantara-propone-reformar-las-normas-procesales-para-combatir-con-mayor-firmeza-el-delito\/","title":{"rendered":"Eddy Alc\u00e1ntara propone reformar\u00a0las\u00a0normas procesales para combatir con mayor firmeza el delito"},"content":{"rendered":"<div id=\"mvp-content-main\">\n<h3 id=\"pide-revisar-el-equilibrio-de-las-garantias-de-derechos-entre-los-ciudadanos-y-el-delito\" class=\"wp-block-heading\">-Pide revisar el equilibrio de las garant\u00edas de derechos entre los ciudadanos y el delito-<\/h3>\n<p><strong>PUERTO PLATA.-<\/strong>El abogado y polit\u00f3logo Eddy Alc\u00e1ntara plante\u00f3\u00a0aqu\u00ed\u00a0la necesidad de introducir cambios en las normas procesales y leyes sectoriales, a fin de fortalecer la persecuci\u00f3n y sanci\u00f3n del delito y el crimen organizado.<\/p>\n<p>Durante su participaci\u00f3n en la segunda edici\u00f3n del Congreso Internacional de Derecho, celebrado en esta ciudad bajo el lema \u201cEstado constitucional, democracia y garant\u00edas fundamentales\u201d, Alc\u00e1ntara se\u00f1al\u00f3 que aunque el pa\u00eds cuenta con un nuevo C\u00f3digo Penal que castiga conductas que antes no estaban tipificadas, \u201ctambi\u00e9n debe prestarse atenci\u00f3n al proceso previo a la sanci\u00f3n definitiva de los tribunales\u201d.<\/p>\n<p>El jurista sostuvo que las disposiciones que regulan los procesos judiciales deben ser m\u00e1s rigurosas, para evitar que las personas acusadas de cometer delitos graves obtengan con facilidad la libertad provisional o definitiva.<\/p>\n<p>Alc\u00e1ntara se\u00f1al\u00f3 que para abordar estos aspectos ser\u00eda necesario revisar\u00a0las normas procesales,\u00a0particularmente en lo relativo a los derechos individuales y colectivos, de manera que las agencias de vigilancia, protecci\u00f3n, persecuci\u00f3n y sanci\u00f3n del delito cuenten con garant\u00edas para ejercer sus funciones frente al crimen organizado y otras formas de criminalidad.<\/p>\n<p>Afirm\u00f3 que los par\u00e1metros de sanci\u00f3n est\u00e1n contemplados en el nuevo C\u00f3digo Penal, pero cuestion\u00f3 las libertades que, a su juicio, pueden derivarse de los procedimientos establecidos en la normativa procesal.<\/p>\n<p>En ese sentido, se\u00f1al\u00f3 que el esquema actual puede generar condiciones que incentiven la comisi\u00f3n del delito, al establecer garant\u00edas que\u00a0\u201cequiparan a quienes no infringen la ley con aquellos que resultan afectados por acciones contrarias a la normativa\u201d.<\/p>\n<p>Plante\u00f3, adem\u00e1s, que debe revisarse el papel de los responsables de la vigilancia, persecuci\u00f3n y sanci\u00f3n del delito, de forma que la legislaci\u00f3n los comprometa a actuar de acuerdo con las responsabilidades que corresponden a todo servidor p\u00fablico.<\/p>\n<p>El destacado abogado, polit\u00f3logo y comunicador resalt\u00f3 durante su ponencia que el crimen organizado y la delincuencia del siglo XXI representan un desaf\u00edo complejo, favorecido por la lentitud de las leyes, la corrupci\u00f3n institucional y el rezago tecnol\u00f3gico.<\/p>\n<p>\u201cAnte esta realidad \u2014prosigui\u00f3\u2014, los Estados democr\u00e1ticos deben responder con firmeza, sin renunciar a sus principios fundamentales\u201d.<\/p>\n<p>Agreg\u00f3 finalmente, que una legislaci\u00f3n robusta no es la que atropella los derechos ciudadanos, \u201csino la que utiliza la inteligencia, la tecnolog\u00eda, la reforma policial y la mano firme\u00a0contra la corrupci\u00f3n para combatir el crimen organizado\u201d.<\/p>\n<\/div>\n","protected":false},"excerpt":{"rendered":"-Pide revisar el equilibrio de las garant\u00edas de derechos entre los ciudadanos&hellip;\n","protected":false},"author":1,"featured_media":66400,"comment_status":"open","ping_status":"open","sticky":false,"template":"","format":"standard","meta":{"footnotes":""},"categories":[1],"tags":[],"class_list":["post-66399","post","type-post","status-publish","format-standard","has-post-thumbnail","category-nacionales"],"_links":{"self":[{"href":"https:\/\/acronoticias.com\/index.php\/wp-json\/wp\/v2\/posts\/66399","targetHints":{"allow":["GET"]}}],"collection":[{"href":"https:\/\/acronoticias.com\/index.php\/wp-json\/wp\/v2\/posts"}],"about":[{"href":"https:\/\/acronoticias.com\/index.php\/wp-json\/wp\/v2\/types\/post"}],"author":[{"embeddable":true,"href":"https:\/\/acronoticias.com\/index.php\/wp-json\/wp\/v2\/users\/1"}],"replies":[{"embeddable":true,"href":"https:\/\/acronoticias.com\/index.php\/wp-json\/wp\/v2\/comments?post=66399"}],"version-history":[{"count":0,"href":"https:\/\/acronoticias.com\/index.php\/wp-json\/wp\/v2\/posts\/66399\/revisions"}],"wp:featuredmedia":[{"embeddable":true,"href":"https:\/\/acronoticias.com\/index.php\/wp-json\/wp\/v2\/media\/66400"}],"wp:attachment":[{"href":"https:\/\/acronoticias.com\/index.php\/wp-json\/wp\/v2\/media?parent=66399"}],"wp:term":[{"taxonomy":"category","embeddable":true,"href":"https:\/\/acronoticias.com\/index.php\/wp-json\/wp\/v2\/categories?post=66399"},{"taxonomy":"post_tag","embeddable":true,"href":"https:\/\/acronoticias.com\/index.php\/wp-json\/wp\/v2\/tags?post=66399"}],"curies":[{"name":"wp","href":"https:\/\/api.w.org\/{rel}","templated":true}]}}