{"id":66392,"date":"2026-08-31T14:25:47","date_gmt":"2026-08-31T14:25:47","guid":{"rendered":"https:\/\/acronoticias.com\/index.php\/2026\/08\/31\/victor-pichardo-instala-lamparas-de-alumbrado-en-kilometro-5-de-monte-plata\/"},"modified":"2026-08-31T14:25:47","modified_gmt":"2026-08-31T14:25:47","slug":"victor-pichardo-instala-lamparas-de-alumbrado-en-kilometro-5-de-monte-plata","status":"publish","type":"post","link":"https:\/\/acronoticias.com\/index.php\/2026\/08\/31\/victor-pichardo-instala-lamparas-de-alumbrado-en-kilometro-5-de-monte-plata\/","title":{"rendered":"V\u00edctor Pichardo instala l\u00e1mparas de alumbrado en kil\u00f3metro 5 de Monte Plata"},"content":{"rendered":"<p><img loading=\"lazy\" decoding=\"async\" width=\"355\" height=\"200\" src=\"https:\/\/nuevodiario-assets.s3.us-east-2.amazonaws.com\/wp-content\/uploads\/2026\/08\/Victor-Pichardo-instala-lamparas-Foto-Genara-Sanchez-355x200.jpeg\" class=\"webfeedsFeaturedVisual wp-post-image\" alt=\"\" style=\"display: block;margin-bottom: 5px;clear:both;max-width: 100%\" \/><\/p>\n<p><span style=\"font-weight: 400\">EL NUEVO DIARIO, MONTE PLATA. \u2013 Tras una gesti\u00f3n realizada por el dirigente V\u00edctor Pichardo ante el director general del Fideicomiso RD Vial, Hostos Rizik Lugo, fueron instaladas l\u00e1mparas en la carretera del kil\u00f3metro 5 de Monte Plata.<\/span><\/p>\n<p><span style=\"font-weight: 400\">Con esta instalaci\u00f3n se da respuesta a una necesidad planteada por la comunidad durante varios a\u00f1os.<\/span><\/p>\n<p><span style=\"font-weight: 400\">\u201cEste era un pedido reiterado de esta comunidad y, gracias a la coordinaci\u00f3n con el amigo Hostos Rizik y RD Vial, ya pudimos cumplirle a nuestra gente\u201d, indic\u00f3 Pichardo.<\/span><\/p>\n<p><span style=\"font-weight: 400\">Pichardo supervis\u00f3 personalmente los trabajos y se\u00f1al\u00f3 que la iluminaci\u00f3n contribuir\u00e1 a mejorar la visibilidad de conductores y peatones y facilitar el tr\u00e1nsito nocturno.<\/span><\/p>\n<p><a href=\"https:\/\/nuevodiario-assets.s3.us-east-2.amazonaws.com\/wp-content\/uploads\/2026\/08\/instalacion-de-lamparas-de-alumbrado-en-kilometro-5-de-Monte-Plata-Video-Genara-Sanchez.mp4\">Instalaci\u00f3n de l\u00e1mparas de alumbrado en kil\u00f3metro 5 de Monte Plata (Video Genara S\u00e1nchez)<\/a><\/p>\n<p><span style=\"font-weight: 400\">El dirigente agradeci\u00f3 al presidente Luis Abinader y al director general de RD Vial, Hostos Rizik Lugo, por atender la solicitud relacionada con las necesidades de la provincia de Monte Plata.<\/span><\/p>\n<p><span style=\"font-weight: 400\">Asimismo, V\u00edctor Pichardo asegur\u00f3 que continuar\u00e1 dando seguimiento a las necesidades de la provincia y gestionando soluciones para sus comunidades.<\/span><\/p>\n<p>MMB\/<\/p>\n<p>\u00a0<\/p>\n<p>La entrada <a href=\"https:\/\/elnuevodiario.com.do\/victor-pichardo-instala-lamparas-de-alumbrado-en-kilometro-5-de-monte-plata\/\">V\u00edctor Pichardo instala l\u00e1mparas de alumbrado en kil\u00f3metro 5 de Monte Plata<\/a> se public\u00f3 primero en <a href=\"https:\/\/elnuevodiario.com.do\">El Nuevo Diario (Rep\u00fablica Dominicana)<\/a>.<\/p>\n","protected":false},"excerpt":{"rendered":"EL NUEVO DIARIO, MONTE PLATA. \u2013 Tras una gesti\u00f3n realizada por el&hellip;\n","protected":false},"author":1,"featured_media":66393,"comment_status":"open","ping_status":"open","sticky":false,"template":"","format":"standard","meta":{"footnotes":""},"categories":[1],"tags":[],"class_list":["post-66392","post","type-post","status-publish","format-standard","has-post-thumbnail","category-nacionales"],"_links":{"self":[{"href":"https:\/\/acronoticias.com\/index.php\/wp-json\/wp\/v2\/posts\/66392","targetHints":{"allow":["GET"]}}],"collection":[{"href":"https:\/\/acronoticias.com\/index.php\/wp-json\/wp\/v2\/posts"}],"about":[{"href":"https:\/\/acronoticias.com\/index.php\/wp-json\/wp\/v2\/types\/post"}],"author":[{"embeddable":true,"href":"https:\/\/acronoticias.com\/index.php\/wp-json\/wp\/v2\/users\/1"}],"replies":[{"embeddable":true,"href":"https:\/\/acronoticias.com\/index.php\/wp-json\/wp\/v2\/comments?post=66392"}],"version-history":[{"count":0,"href":"https:\/\/acronoticias.com\/index.php\/wp-json\/wp\/v2\/posts\/66392\/revisions"}],"wp:featuredmedia":[{"embeddable":true,"href":"https:\/\/acronoticias.com\/index.php\/wp-json\/wp\/v2\/media\/66393"}],"wp:attachment":[{"href":"https:\/\/acronoticias.com\/index.php\/wp-json\/wp\/v2\/media?parent=66392"}],"wp:term":[{"taxonomy":"category","embeddable":true,"href":"https:\/\/acronoticias.com\/index.php\/wp-json\/wp\/v2\/categories?post=66392"},{"taxonomy":"post_tag","embeddable":true,"href":"https:\/\/acronoticias.com\/index.php\/wp-json\/wp\/v2\/tags?post=66392"}],"curies":[{"name":"wp","href":"https:\/\/api.w.org\/{rel}","templated":true}]}}