{"id":66390,"date":"2026-08-31T14:09:50","date_gmt":"2026-08-31T14:09:50","guid":{"rendered":"https:\/\/acronoticias.com\/index.php\/2026\/08\/31\/seguridad-cooperacion-y-comercio-marcan-visita-del-presidente-de-honduras-nasry-asfura-en-el-pais\/"},"modified":"2026-08-31T14:09:50","modified_gmt":"2026-08-31T14:09:50","slug":"seguridad-cooperacion-y-comercio-marcan-visita-del-presidente-de-honduras-nasry-asfura-en-el-pais","status":"publish","type":"post","link":"https:\/\/acronoticias.com\/index.php\/2026\/08\/31\/seguridad-cooperacion-y-comercio-marcan-visita-del-presidente-de-honduras-nasry-asfura-en-el-pais\/","title":{"rendered":"Seguridad, cooperaci\u00f3n y comercio marcan visita del presidente de Honduras Nasry Asfura en el pa\u00eds"},"content":{"rendered":"<div>\n<p class=\"wp-block-paragraph\">Santo Domingo\u2013 El <strong>presidente de Honduras<\/strong>, <strong>Nasry Asfura Zablah<\/strong>, concluy\u00f3 este domingo una visita oficial de <strong>dos d\u00edas <\/strong>a <strong>Rep\u00fablica Dominicana<\/strong>, durante la cual agot\u00f3 una <strong>amplia agenda <\/strong>junto al <strong>presidente Luis Abinader,<\/strong> con <strong>actividades<\/strong> en <strong>Santo Domingo<\/strong> y la <strong>zona fronteriza<\/strong> de <strong>Dajab\u00f3n<\/strong>.<\/p>\n<p class=\"wp-block-paragraph\">La<strong> visita<\/strong> inici\u00f3 el <strong>s\u00e1bado 29 <\/strong>de <strong>agosto<\/strong>, cuando <strong>Asfura <\/strong>arrib\u00f3 al <strong>pa\u00eds<\/strong> a la <strong>1:13 de la tarde <\/strong>por el <strong>Aeropuerto Internacional de Las Am\u00e9ricas<\/strong>, acompa\u00f1ado de su <strong>comitiva oficial<\/strong>. A su llegada fue recibido por autoridades dominicanas, entre ellas el <strong>canciller V\u00edctor \u201cIto\u201d Bison\u00f3<\/strong>.<\/p>\n<figure class=\"wp-block-image size-large is-resized\"><img data-recalc-dims=\"1\" fetchpriority=\"high\" decoding=\"async\" width=\"696\" height=\"498\" data-attachment-id=\"523674\" data-permalink=\"https:\/\/rnn.com.do\/seguridad-cooperacion-y-comercio-marcan-visita-del-presidente-de-honduras-nasry-asfura-en-el-pais\/presidente-de-honduras\/\" data-orig-file=\"https:\/\/i0.wp.com\/rnn.com.do\/wp-content\/uploads\/2026\/08\/Presidente-de-Honduras-.webp?fit=1483%2C1061&ssl=1\" data-orig-size=\"1483,1061\" data-comments-opened=\"1\" data-image-meta=\"{&quot;aperture&quot;:&quot;0&quot;,&quot;credit&quot;:&quot;&quot;,&quot;camera&quot;:&quot;&quot;,&quot;caption&quot;:&quot;&quot;,&quot;created_timestamp&quot;:&quot;0&quot;,&quot;copyright&quot;:&quot;&quot;,&quot;focal_length&quot;:&quot;0&quot;,&quot;iso&quot;:&quot;0&quot;,&quot;shutter_speed&quot;:&quot;0&quot;,&quot;title&quot;:&quot;&quot;,&quot;orientation&quot;:&quot;0&quot;,&quot;alt&quot;:&quot;&quot;}\" data-image-title=\"Presidente-de-Honduras-\" data-image-description=\"\" data-image-caption=\"\" data-large-file=\"https:\/\/i0.wp.com\/rnn.com.do\/wp-content\/uploads\/2026\/08\/Presidente-de-Honduras-.webp?fit=696%2C498&ssl=1\" src=\"https:\/\/i0.wp.com\/rnn.com.do\/wp-content\/uploads\/2026\/08\/Presidente-de-Honduras-.webp?resize=696%2C498&ssl=1\" alt=\"\" class=\"wp-image-523674\" style=\"aspect-ratio:1.397722855809571;width:471px;height:auto\" srcset=\"https:\/\/i0.wp.com\/rnn.com.do\/wp-content\/uploads\/2026\/08\/Presidente-de-Honduras-.webp?resize=1024%2C733&ssl=1 1024w, https:\/\/i0.wp.com\/rnn.com.do\/wp-content\/uploads\/2026\/08\/Presidente-de-Honduras-.webp?resize=300%2C215&ssl=1 300w, https:\/\/i0.wp.com\/rnn.com.do\/wp-content\/uploads\/2026\/08\/Presidente-de-Honduras-.webp?resize=768%2C549&ssl=1 768w, https:\/\/i0.wp.com\/rnn.com.do\/wp-content\/uploads\/2026\/08\/Presidente-de-Honduras-.webp?resize=587%2C420&ssl=1 587w, https:\/\/i0.wp.com\/rnn.com.do\/wp-content\/uploads\/2026\/08\/Presidente-de-Honduras-.webp?resize=150%2C107&ssl=1 150w, https:\/\/i0.wp.com\/rnn.com.do\/wp-content\/uploads\/2026\/08\/Presidente-de-Honduras-.webp?resize=696%2C498&ssl=1 696w, https:\/\/i0.wp.com\/rnn.com.do\/wp-content\/uploads\/2026\/08\/Presidente-de-Honduras-.webp?resize=1068%2C764&ssl=1 1068w, https:\/\/i0.wp.com\/rnn.com.do\/wp-content\/uploads\/2026\/08\/Presidente-de-Honduras-.webp?w=1483&ssl=1 1483w, https:\/\/i0.wp.com\/rnn.com.do\/wp-content\/uploads\/2026\/08\/Presidente-de-Honduras-.webp?w=1392&ssl=1 1392w\" sizes=\"(max-width: 696px) 100vw, 696px\"\/><\/figure>\n<p class=\"wp-block-paragraph\"><strong>Recorrido por la Base A\u00e9rea de San Isidro<\/strong><\/p>\n<p class=\"wp-block-paragraph\">Como <strong>primera actividad<\/strong> oficial,<strong> Asfura <\/strong>se traslad\u00f3 junto al presidente <strong>Luis Abinade<\/strong>r a la <strong>Base A\u00e9rea <\/strong>de San Isidro, donde conoci\u00f3 parte de las capacidades de la <strong>industria militar dominicana<\/strong>.<\/p>\n<figure class=\"wp-block-image size-large is-resized\"><img loading=\"lazy\" data-recalc-dims=\"1\" decoding=\"async\" width=\"696\" height=\"392\" data-attachment-id=\"523676\" data-permalink=\"https:\/\/rnn.com.do\/seguridad-cooperacion-y-comercio-marcan-visita-del-presidente-de-honduras-nasry-asfura-en-el-pais\/abinaderfuerzaaereasaisidro\/\" data-orig-file=\"https:\/\/i0.wp.com\/rnn.com.do\/wp-content\/uploads\/2026\/08\/abinaderfuerzaaereasaisidro.webp?fit=1104%2C622&ssl=1\" data-orig-size=\"1104,622\" data-comments-opened=\"1\" data-image-meta=\"{&quot;aperture&quot;:&quot;0&quot;,&quot;credit&quot;:&quot;&quot;,&quot;camera&quot;:&quot;&quot;,&quot;caption&quot;:&quot;&quot;,&quot;created_timestamp&quot;:&quot;0&quot;,&quot;copyright&quot;:&quot;&quot;,&quot;focal_length&quot;:&quot;0&quot;,&quot;iso&quot;:&quot;0&quot;,&quot;shutter_speed&quot;:&quot;0&quot;,&quot;title&quot;:&quot;&quot;,&quot;orientation&quot;:&quot;0&quot;,&quot;alt&quot;:&quot;&quot;}\" data-image-title=\"abinaderfuerzaaereasaisidro\" data-image-description=\"\" data-image-caption=\"\" data-large-file=\"https:\/\/i0.wp.com\/rnn.com.do\/wp-content\/uploads\/2026\/08\/abinaderfuerzaaereasaisidro.webp?fit=696%2C392&ssl=1\" src=\"https:\/\/i0.wp.com\/rnn.com.do\/wp-content\/uploads\/2026\/08\/abinaderfuerzaaereasaisidro.webp?resize=696%2C392&ssl=1\" alt=\"\" class=\"wp-image-523676\" style=\"aspect-ratio:1.7749217276497522;width:483px;height:auto\" srcset=\"https:\/\/i0.wp.com\/rnn.com.do\/wp-content\/uploads\/2026\/08\/abinaderfuerzaaereasaisidro.webp?resize=1024%2C577&ssl=1 1024w, https:\/\/i0.wp.com\/rnn.com.do\/wp-content\/uploads\/2026\/08\/abinaderfuerzaaereasaisidro.webp?resize=300%2C169&ssl=1 300w, https:\/\/i0.wp.com\/rnn.com.do\/wp-content\/uploads\/2026\/08\/abinaderfuerzaaereasaisidro.webp?resize=768%2C433&ssl=1 768w, https:\/\/i0.wp.com\/rnn.com.do\/wp-content\/uploads\/2026\/08\/abinaderfuerzaaereasaisidro.webp?resize=745%2C420&ssl=1 745w, https:\/\/i0.wp.com\/rnn.com.do\/wp-content\/uploads\/2026\/08\/abinaderfuerzaaereasaisidro.webp?resize=150%2C85&ssl=1 150w, https:\/\/i0.wp.com\/rnn.com.do\/wp-content\/uploads\/2026\/08\/abinaderfuerzaaereasaisidro.webp?resize=696%2C392&ssl=1 696w, https:\/\/i0.wp.com\/rnn.com.do\/wp-content\/uploads\/2026\/08\/abinaderfuerzaaereasaisidro.webp?resize=1068%2C602&ssl=1 1068w, https:\/\/i0.wp.com\/rnn.com.do\/wp-content\/uploads\/2026\/08\/abinaderfuerzaaereasaisidro.webp?w=1104&ssl=1 1104w\" sizes=\"auto, (max-width: 696px) 100vw, 696px\"\/><\/figure>\n<p class=\"wp-block-paragraph\">Durante el recorrido recibi\u00f3 explicaciones sobre el proceso de ensamblaje de los<strong> aviones TS-7 Dulus,<\/strong> as\u00ed como sobre los veh\u00edculos <strong>blindados Furia<\/strong>, desarrollados y <strong>ensamblados<\/strong> por la <strong>Industria Militar Dominicana<\/strong>.<\/p>\n<p class=\"wp-block-paragraph\">El <strong>mandatario hondure\u00f1o<\/strong> manifest\u00f3 su inter\u00e9s en las capacidades de<strong> producci\u00f3n militar dominicanas<\/strong> y posteriormente confirm\u00f3 que su gobierno inici\u00f3 conversaciones para evaluar la adquisici\u00f3n de<strong> aeronaves Dulus <\/strong>y <strong>veh\u00edculos blindados <\/strong>para fortalecer las capacidades de seguridad de <strong>Honduras<\/strong>.<\/p>\n<p class=\"wp-block-paragraph\">Como <strong>recuerdo<\/strong> de la visita, <strong>Abinader<\/strong> entreg\u00f3 a <strong>Asfura <\/strong>una <strong>r\u00e9plica<\/strong> del<strong> primer avi\u00f3n militar ensamblado<\/strong> en <strong>Rep\u00fablica Dominicana<\/strong>.<\/p>\n<figure class=\"wp-block-image size-large is-resized\"><img loading=\"lazy\" data-recalc-dims=\"1\" decoding=\"async\" width=\"696\" height=\"392\" data-attachment-id=\"523681\" data-permalink=\"https:\/\/rnn.com.do\/seguridad-cooperacion-y-comercio-marcan-visita-del-presidente-de-honduras-nasry-asfura-en-el-pais\/attachment\/1002008886\/\" data-orig-file=\"https:\/\/i0.wp.com\/rnn.com.do\/wp-content\/uploads\/2026\/08\/1002008886.jpg?fit=1300%2C731&ssl=1\" data-orig-size=\"1300,731\" data-comments-opened=\"1\" data-image-meta=\"{&quot;aperture&quot;:&quot;0&quot;,&quot;credit&quot;:&quot;&quot;,&quot;camera&quot;:&quot;&quot;,&quot;caption&quot;:&quot;&quot;,&quot;created_timestamp&quot;:&quot;0&quot;,&quot;copyright&quot;:&quot;&quot;,&quot;focal_length&quot;:&quot;0&quot;,&quot;iso&quot;:&quot;0&quot;,&quot;shutter_speed&quot;:&quot;0&quot;,&quot;title&quot;:&quot;&quot;,&quot;orientation&quot;:&quot;0&quot;,&quot;alt&quot;:&quot;&quot;}\" data-image-title=\"1002008886\" data-image-description=\"\" data-image-caption=\"\" data-large-file=\"https:\/\/i0.wp.com\/rnn.com.do\/wp-content\/uploads\/2026\/08\/1002008886.jpg?fit=696%2C392&ssl=1\" src=\"https:\/\/i0.wp.com\/rnn.com.do\/wp-content\/uploads\/2026\/08\/1002008886.jpg?resize=696%2C392&ssl=1\" alt=\"\" class=\"wp-image-523681\" style=\"aspect-ratio:1.778369863805872;width:459px;height:auto\" srcset=\"https:\/\/i0.wp.com\/rnn.com.do\/wp-content\/uploads\/2026\/08\/1002008886.jpg?resize=1024%2C576&ssl=1 1024w, https:\/\/i0.wp.com\/rnn.com.do\/wp-content\/uploads\/2026\/08\/1002008886.jpg?resize=300%2C169&ssl=1 300w, https:\/\/i0.wp.com\/rnn.com.do\/wp-content\/uploads\/2026\/08\/1002008886.jpg?resize=768%2C432&ssl=1 768w, https:\/\/i0.wp.com\/rnn.com.do\/wp-content\/uploads\/2026\/08\/1002008886.jpg?resize=747%2C420&ssl=1 747w, https:\/\/i0.wp.com\/rnn.com.do\/wp-content\/uploads\/2026\/08\/1002008886.jpg?resize=150%2C84&ssl=1 150w, https:\/\/i0.wp.com\/rnn.com.do\/wp-content\/uploads\/2026\/08\/1002008886.jpg?resize=696%2C391&ssl=1 696w, https:\/\/i0.wp.com\/rnn.com.do\/wp-content\/uploads\/2026\/08\/1002008886.jpg?resize=1068%2C601&ssl=1 1068w, https:\/\/i0.wp.com\/rnn.com.do\/wp-content\/uploads\/2026\/08\/1002008886.jpg?w=1300&ssl=1 1300w\" sizes=\"auto, (max-width: 696px) 100vw, 696px\"\/><\/figure>\n<p class=\"wp-block-paragraph\"><strong>Visita al muro fronterizo en Dajab\u00f3n<\/strong><\/p>\n<p class=\"wp-block-paragraph\">Luego, ambos presidentes se trasladaron hasta <strong>Dajab\u00f3n, <\/strong>donde<strong> Asfura <\/strong>conoci\u00f3 de cerca la <strong>verja fronteriza<\/strong> y los mecanismos utilizados por Rep\u00fablica Dominicana para reforzar la <strong>seguridad<\/strong> en la<strong> zona lim\u00edtrofe<\/strong>.<\/p>\n<p class=\"wp-block-paragraph\">Durante el recorrido pudo observar la <strong>infraestructura<\/strong> del <strong>muro<\/strong>, adem\u00e1s de los <strong>sistemas tecnol\u00f3gicos<\/strong> de <strong>vigilancia<\/strong> y <strong>seguridad <\/strong>instalados en la <strong>frontera<\/strong>.<\/p>\n<figure class=\"wp-block-image size-large is-resized\"><img data-recalc-dims=\"1\" loading=\"lazy\" decoding=\"async\" width=\"696\" height=\"392\" data-attachment-id=\"523683\" data-permalink=\"https:\/\/rnn.com.do\/seguridad-cooperacion-y-comercio-marcan-visita-del-presidente-de-honduras-nasry-asfura-en-el-pais\/attachment\/1002005703\/\" data-orig-file=\"https:\/\/i0.wp.com\/rnn.com.do\/wp-content\/uploads\/2026\/08\/1002005703.jpg?fit=1300%2C731&ssl=1\" data-orig-size=\"1300,731\" data-comments-opened=\"1\" data-image-meta=\"{&quot;aperture&quot;:&quot;0&quot;,&quot;credit&quot;:&quot;&quot;,&quot;camera&quot;:&quot;&quot;,&quot;caption&quot;:&quot;&quot;,&quot;created_timestamp&quot;:&quot;0&quot;,&quot;copyright&quot;:&quot;&quot;,&quot;focal_length&quot;:&quot;0&quot;,&quot;iso&quot;:&quot;0&quot;,&quot;shutter_speed&quot;:&quot;0&quot;,&quot;title&quot;:&quot;&quot;,&quot;orientation&quot;:&quot;0&quot;,&quot;alt&quot;:&quot;&quot;}\" data-image-title=\"1002005703\" data-image-description=\"\" data-image-caption=\"\" data-large-file=\"https:\/\/i0.wp.com\/rnn.com.do\/wp-content\/uploads\/2026\/08\/1002005703.jpg?fit=696%2C392&ssl=1\" src=\"https:\/\/i0.wp.com\/rnn.com.do\/wp-content\/uploads\/2026\/08\/1002005703.jpg?resize=696%2C392&ssl=1\" alt=\"\" class=\"wp-image-523683\" style=\"aspect-ratio:1.778369863805872;width:606px;height:auto\" srcset=\"https:\/\/i0.wp.com\/rnn.com.do\/wp-content\/uploads\/2026\/08\/1002005703.jpg?resize=1024%2C576&ssl=1 1024w, https:\/\/i0.wp.com\/rnn.com.do\/wp-content\/uploads\/2026\/08\/1002005703.jpg?resize=300%2C169&ssl=1 300w, https:\/\/i0.wp.com\/rnn.com.do\/wp-content\/uploads\/2026\/08\/1002005703.jpg?resize=768%2C432&ssl=1 768w, https:\/\/i0.wp.com\/rnn.com.do\/wp-content\/uploads\/2026\/08\/1002005703.jpg?resize=747%2C420&ssl=1 747w, https:\/\/i0.wp.com\/rnn.com.do\/wp-content\/uploads\/2026\/08\/1002005703.jpg?resize=150%2C84&ssl=1 150w, https:\/\/i0.wp.com\/rnn.com.do\/wp-content\/uploads\/2026\/08\/1002005703.jpg?resize=696%2C391&ssl=1 696w, https:\/\/i0.wp.com\/rnn.com.do\/wp-content\/uploads\/2026\/08\/1002005703.jpg?resize=1068%2C601&ssl=1 1068w, https:\/\/i0.wp.com\/rnn.com.do\/wp-content\/uploads\/2026\/08\/1002005703.jpg?w=1300&ssl=1 1300w\" sizes=\"auto, (max-width: 696px) 100vw, 696px\"\/><\/figure>\n<p class=\"wp-block-paragraph\"><strong>Asfura<\/strong> destac\u00f3 el <strong>modelo dominicano<\/strong> de <strong>protecci\u00f3n fronteriza <\/strong>y consider\u00f3 que las acciones desarrolladas por el pa\u00eds constituyen una referencia para la regi\u00f3n, especialmente frente a amenazas como el <strong>narcotr\u00e1fico <\/strong>y el <strong>crimen organizado<\/strong>.<\/p>\n<p class=\"wp-block-paragraph\"><strong>Recibimiento oficial en el Palacio Nacional<\/strong><\/p>\n<p class=\"wp-block-paragraph\">Las actividades continuaron el domingo 30 de agosto con el<strong> recibimiento oficial <\/strong>de <strong>Asfura <\/strong>en el <strong>Palacio Nacional.<\/strong><\/p>\n<p class=\"wp-block-paragraph\">El<strong> mandatario hondure\u00f1o<\/strong> recibi\u00f3 los<strong> honores <\/strong>correspondientes a su <strong>investidura<\/strong>, incluyendo el pase de revista a la <strong>Guardia Presidencial<\/strong>, la interpretaci\u00f3n de los <strong>himnos nacionales de Honduras <\/strong>y<strong> Rep\u00fablica Dominicana<\/strong> y una <strong>salva<\/strong> de <strong>21 ca\u00f1onazos.<\/strong><\/p>\n<figure class=\"wp-block-image size-large is-resized\"><img data-recalc-dims=\"1\" loading=\"lazy\" decoding=\"async\" width=\"696\" height=\"491\" data-attachment-id=\"523684\" data-permalink=\"https:\/\/rnn.com.do\/seguridad-cooperacion-y-comercio-marcan-visita-del-presidente-de-honduras-nasry-asfura-en-el-pais\/1002007807_0\/\" data-orig-file=\"https:\/\/i0.wp.com\/rnn.com.do\/wp-content\/uploads\/2026\/08\/1002007807_0.jpg?fit=1280%2C902&ssl=1\" data-orig-size=\"1280,902\" data-comments-opened=\"1\" data-image-meta=\"{&quot;aperture&quot;:&quot;0&quot;,&quot;credit&quot;:&quot;&quot;,&quot;camera&quot;:&quot;&quot;,&quot;caption&quot;:&quot;&quot;,&quot;created_timestamp&quot;:&quot;0&quot;,&quot;copyright&quot;:&quot;&quot;,&quot;focal_length&quot;:&quot;0&quot;,&quot;iso&quot;:&quot;0&quot;,&quot;shutter_speed&quot;:&quot;0&quot;,&quot;title&quot;:&quot;&quot;,&quot;orientation&quot;:&quot;0&quot;,&quot;alt&quot;:&quot;&quot;}\" data-image-title=\"1002007807_0\" data-image-description=\"\" data-image-caption=\"\" data-large-file=\"https:\/\/i0.wp.com\/rnn.com.do\/wp-content\/uploads\/2026\/08\/1002007807_0.jpg?fit=696%2C491&ssl=1\" src=\"https:\/\/i0.wp.com\/rnn.com.do\/wp-content\/uploads\/2026\/08\/1002007807_0.jpg?resize=696%2C491&ssl=1\" alt=\"\" class=\"wp-image-523684\" style=\"aspect-ratio:1.419080566895458;width:548px;height:auto\" srcset=\"https:\/\/i0.wp.com\/rnn.com.do\/wp-content\/uploads\/2026\/08\/1002007807_0.jpg?resize=1024%2C722&ssl=1 1024w, https:\/\/i0.wp.com\/rnn.com.do\/wp-content\/uploads\/2026\/08\/1002007807_0.jpg?resize=300%2C211&ssl=1 300w, https:\/\/i0.wp.com\/rnn.com.do\/wp-content\/uploads\/2026\/08\/1002007807_0.jpg?resize=768%2C541&ssl=1 768w, https:\/\/i0.wp.com\/rnn.com.do\/wp-content\/uploads\/2026\/08\/1002007807_0.jpg?resize=596%2C420&ssl=1 596w, https:\/\/i0.wp.com\/rnn.com.do\/wp-content\/uploads\/2026\/08\/1002007807_0.jpg?resize=150%2C106&ssl=1 150w, https:\/\/i0.wp.com\/rnn.com.do\/wp-content\/uploads\/2026\/08\/1002007807_0.jpg?resize=696%2C490&ssl=1 696w, https:\/\/i0.wp.com\/rnn.com.do\/wp-content\/uploads\/2026\/08\/1002007807_0.jpg?resize=1068%2C753&ssl=1 1068w, https:\/\/i0.wp.com\/rnn.com.do\/wp-content\/uploads\/2026\/08\/1002007807_0.jpg?resize=100%2C70&ssl=1 100w, https:\/\/i0.wp.com\/rnn.com.do\/wp-content\/uploads\/2026\/08\/1002007807_0.jpg?w=1280&ssl=1 1280w\" sizes=\"auto, (max-width: 696px) 100vw, 696px\"\/><\/figure>\n<p class=\"wp-block-paragraph\">Posteriormente, ambos presidentes sostuvieron una <strong>reuni\u00f3n<\/strong> de trabajo en la<strong> sede<\/strong> del <strong>Gobierno dominicano<\/strong>.<\/p>\n<p class=\"wp-block-paragraph\"><strong>Reuni\u00f3n entre las delegaciones<\/strong><\/p>\n<p class=\"wp-block-paragraph\">Despu\u00e9s del encuentro entre <strong>los mandatarios,<\/strong> las delegaciones oficiales de ambos pa\u00edses participaron en una<strong> reuni\u00f3n<\/strong> para abordar temas de <strong>inter\u00e9s com\u00fan<\/strong>.<\/p>\n<figure class=\"wp-block-image size-large is-resized\"><img data-recalc-dims=\"1\" loading=\"lazy\" decoding=\"async\" width=\"696\" height=\"464\" data-attachment-id=\"523687\" data-permalink=\"https:\/\/rnn.com.do\/seguridad-cooperacion-y-comercio-marcan-visita-del-presidente-de-honduras-nasry-asfura-en-el-pais\/attachment\/1002008861\/\" data-orig-file=\"https:\/\/i0.wp.com\/rnn.com.do\/wp-content\/uploads\/2026\/08\/1002008861.jpg?fit=1600%2C1066&ssl=1\" data-orig-size=\"1600,1066\" data-comments-opened=\"1\" data-image-meta=\"{&quot;aperture&quot;:&quot;0&quot;,&quot;credit&quot;:&quot;&quot;,&quot;camera&quot;:&quot;&quot;,&quot;caption&quot;:&quot;&quot;,&quot;created_timestamp&quot;:&quot;0&quot;,&quot;copyright&quot;:&quot;&quot;,&quot;focal_length&quot;:&quot;0&quot;,&quot;iso&quot;:&quot;0&quot;,&quot;shutter_speed&quot;:&quot;0&quot;,&quot;title&quot;:&quot;&quot;,&quot;orientation&quot;:&quot;0&quot;,&quot;alt&quot;:&quot;&quot;}\" data-image-title=\"1002008861\" data-image-description=\"\" data-image-caption=\"\" data-large-file=\"https:\/\/i0.wp.com\/rnn.com.do\/wp-content\/uploads\/2026\/08\/1002008861.jpg?fit=696%2C464&ssl=1\" src=\"https:\/\/i0.wp.com\/rnn.com.do\/wp-content\/uploads\/2026\/08\/1002008861.jpg?resize=696%2C464&ssl=1\" alt=\"\" class=\"wp-image-523687\" style=\"aspect-ratio:1.5009486590150056;width:521px;height:auto\" srcset=\"https:\/\/i0.wp.com\/rnn.com.do\/wp-content\/uploads\/2026\/08\/1002008861.jpg?resize=1024%2C682&ssl=1 1024w, https:\/\/i0.wp.com\/rnn.com.do\/wp-content\/uploads\/2026\/08\/1002008861.jpg?resize=300%2C200&ssl=1 300w, https:\/\/i0.wp.com\/rnn.com.do\/wp-content\/uploads\/2026\/08\/1002008861.jpg?resize=768%2C512&ssl=1 768w, https:\/\/i0.wp.com\/rnn.com.do\/wp-content\/uploads\/2026\/08\/1002008861.jpg?resize=1536%2C1023&ssl=1 1536w, https:\/\/i0.wp.com\/rnn.com.do\/wp-content\/uploads\/2026\/08\/1002008861.jpg?resize=630%2C420&ssl=1 630w, https:\/\/i0.wp.com\/rnn.com.do\/wp-content\/uploads\/2026\/08\/1002008861.jpg?resize=150%2C100&ssl=1 150w, https:\/\/i0.wp.com\/rnn.com.do\/wp-content\/uploads\/2026\/08\/1002008861.jpg?resize=696%2C464&ssl=1 696w, https:\/\/i0.wp.com\/rnn.com.do\/wp-content\/uploads\/2026\/08\/1002008861.jpg?resize=1068%2C712&ssl=1 1068w, https:\/\/i0.wp.com\/rnn.com.do\/wp-content\/uploads\/2026\/08\/1002008861.jpg?w=1600&ssl=1 1600w, https:\/\/i0.wp.com\/rnn.com.do\/wp-content\/uploads\/2026\/08\/1002008861.jpg?w=1392&ssl=1 1392w\" sizes=\"auto, (max-width: 696px) 100vw, 696px\"\/><\/figure>\n<p class=\"wp-block-paragraph\">Entre los asuntos tratados estuvieron el<strong> fortalecimiento<\/strong> de las <strong>relaciones bilaterales,<\/strong> <strong>seguridad, turismo, agricultura, comercio, inversi\u00f3n<\/strong> y cooperaci\u00f3n, adem\u00e1s de la <strong>coordinaci\u00f3n <\/strong>en <strong>escenarios internacionales.<\/strong><\/p>\n<p class=\"wp-block-paragraph\"><strong>Almuerzo oficial y firma de instrumentos<\/strong><\/p>\n<p class=\"wp-block-paragraph\">Como parte de la agenda, el <strong>presidente<\/strong> <strong>Luis Abinader<\/strong> ofreci\u00f3 un <strong>almuerzo <\/strong>en honor a<strong> Asfura <\/strong>y su <strong>comitiva<\/strong>.<\/p>\n<p class=\"wp-block-paragraph\">Posteriormente, los gobiernos de <strong>Rep\u00fablica Dominicana <\/strong>y <strong>Honduras<\/strong> formalizaron instrumentos de<strong> cooperaci\u00f3n <\/strong>y suscribieron una <strong>Declaraci\u00f3n Conjunta<\/strong>, como parte de los esfuerzos para ampliar los <strong>v\u00ednculos<\/strong> entre<strong> ambas naciones.<\/strong><\/p>\n<figure class=\"wp-block-image size-large is-resized\"><img data-recalc-dims=\"1\" loading=\"lazy\" decoding=\"async\" width=\"696\" height=\"392\" data-attachment-id=\"523686\" data-permalink=\"https:\/\/rnn.com.do\/seguridad-cooperacion-y-comercio-marcan-visita-del-presidente-de-honduras-nasry-asfura-en-el-pais\/attachment\/1002008871\/\" data-orig-file=\"https:\/\/i0.wp.com\/rnn.com.do\/wp-content\/uploads\/2026\/08\/1002008871.jpg?fit=1300%2C731&ssl=1\" data-orig-size=\"1300,731\" data-comments-opened=\"1\" data-image-meta=\"{&quot;aperture&quot;:&quot;0&quot;,&quot;credit&quot;:&quot;&quot;,&quot;camera&quot;:&quot;&quot;,&quot;caption&quot;:&quot;&quot;,&quot;created_timestamp&quot;:&quot;0&quot;,&quot;copyright&quot;:&quot;&quot;,&quot;focal_length&quot;:&quot;0&quot;,&quot;iso&quot;:&quot;0&quot;,&quot;shutter_speed&quot;:&quot;0&quot;,&quot;title&quot;:&quot;&quot;,&quot;orientation&quot;:&quot;0&quot;,&quot;alt&quot;:&quot;&quot;}\" data-image-title=\"1002008871\" data-image-description=\"\" data-image-caption=\"\" data-large-file=\"https:\/\/i0.wp.com\/rnn.com.do\/wp-content\/uploads\/2026\/08\/1002008871.jpg?fit=696%2C392&ssl=1\" src=\"https:\/\/i0.wp.com\/rnn.com.do\/wp-content\/uploads\/2026\/08\/1002008871.jpg?resize=696%2C392&ssl=1\" alt=\"\" class=\"wp-image-523686\" style=\"aspect-ratio:1.778369863805872;width:537px;height:auto\" srcset=\"https:\/\/i0.wp.com\/rnn.com.do\/wp-content\/uploads\/2026\/08\/1002008871.jpg?resize=1024%2C576&ssl=1 1024w, https:\/\/i0.wp.com\/rnn.com.do\/wp-content\/uploads\/2026\/08\/1002008871.jpg?resize=300%2C169&ssl=1 300w, https:\/\/i0.wp.com\/rnn.com.do\/wp-content\/uploads\/2026\/08\/1002008871.jpg?resize=768%2C432&ssl=1 768w, https:\/\/i0.wp.com\/rnn.com.do\/wp-content\/uploads\/2026\/08\/1002008871.jpg?resize=747%2C420&ssl=1 747w, https:\/\/i0.wp.com\/rnn.com.do\/wp-content\/uploads\/2026\/08\/1002008871.jpg?resize=150%2C84&ssl=1 150w, https:\/\/i0.wp.com\/rnn.com.do\/wp-content\/uploads\/2026\/08\/1002008871.jpg?resize=696%2C391&ssl=1 696w, https:\/\/i0.wp.com\/rnn.com.do\/wp-content\/uploads\/2026\/08\/1002008871.jpg?resize=1068%2C601&ssl=1 1068w, https:\/\/i0.wp.com\/rnn.com.do\/wp-content\/uploads\/2026\/08\/1002008871.jpg?w=1300&ssl=1 1300w\" sizes=\"auto, (max-width: 696px) 100vw, 696px\"\/><\/figure>\n<p class=\"wp-block-paragraph\"><strong>Ofrenda floral en el Altar de la Patria<\/strong><\/p>\n<p class=\"wp-block-paragraph\">La <strong>agenda oficial <\/strong>concluy\u00f3 en <strong>horas<\/strong> de la<strong> tarde<\/strong> con la visita de<strong> Asfura<\/strong> y su comitiva al <strong>Altar de la Patria<\/strong>, en el Parque Independencia, donde el <strong>presidente hondure\u00f1o deposit\u00f3 <\/strong>una <strong>ofrenda floral <\/strong>en honor a los <strong>padres fundadores <\/strong>de <strong>la Rep\u00fablica Dominicana<\/strong>.<\/p>\n<figure class=\"wp-block-image size-full is-resized\"><img data-recalc-dims=\"1\" loading=\"lazy\" decoding=\"async\" width=\"335\" height=\"597\" data-attachment-id=\"523689\" data-permalink=\"https:\/\/rnn.com.do\/seguridad-cooperacion-y-comercio-marcan-visita-del-presidente-de-honduras-nasry-asfura-en-el-pais\/images-83\/\" data-orig-file=\"https:\/\/i0.wp.com\/rnn.com.do\/wp-content\/uploads\/2026\/08\/images-10.jpg?fit=335%2C597&ssl=1\" data-orig-size=\"335,597\" data-comments-opened=\"1\" data-image-meta=\"{&quot;aperture&quot;:&quot;0&quot;,&quot;credit&quot;:&quot;&quot;,&quot;camera&quot;:&quot;&quot;,&quot;caption&quot;:&quot;&quot;,&quot;created_timestamp&quot;:&quot;0&quot;,&quot;copyright&quot;:&quot;&quot;,&quot;focal_length&quot;:&quot;0&quot;,&quot;iso&quot;:&quot;0&quot;,&quot;shutter_speed&quot;:&quot;0&quot;,&quot;title&quot;:&quot;&quot;,&quot;orientation&quot;:&quot;0&quot;,&quot;alt&quot;:&quot;&quot;}\" data-image-title=\"images\" data-image-description=\"\" data-image-caption=\"\" data-large-file=\"https:\/\/i0.wp.com\/rnn.com.do\/wp-content\/uploads\/2026\/08\/images-10.jpg?fit=335%2C597&ssl=1\" src=\"https:\/\/i0.wp.com\/rnn.com.do\/wp-content\/uploads\/2026\/08\/images-10.jpg?resize=335%2C597&ssl=1\" alt=\"\" class=\"wp-image-523689\" style=\"width:234px;height:auto\" srcset=\"https:\/\/i0.wp.com\/rnn.com.do\/wp-content\/uploads\/2026\/08\/images-10.jpg?w=335&ssl=1 335w, https:\/\/i0.wp.com\/rnn.com.do\/wp-content\/uploads\/2026\/08\/images-10.jpg?resize=168%2C300&ssl=1 168w, https:\/\/i0.wp.com\/rnn.com.do\/wp-content\/uploads\/2026\/08\/images-10.jpg?resize=236%2C420&ssl=1 236w, https:\/\/i0.wp.com\/rnn.com.do\/wp-content\/uploads\/2026\/08\/images-10.jpg?resize=150%2C267&ssl=1 150w, https:\/\/i0.wp.com\/rnn.com.do\/wp-content\/uploads\/2026\/08\/images-10.jpg?resize=300%2C535&ssl=1 300w\" sizes=\"auto, (max-width: 335px) 100vw, 335px\"\/><\/figure>\n<p class=\"wp-block-paragraph\"><strong>Abinader<\/strong> destac\u00f3 las <strong>oportunidades <\/strong>para ampliar la <strong>cooperaci\u00f3n<\/strong> en <strong>\u00e1reas<\/strong> como <strong>agricultura, seguridad y turismo<\/strong>, mientras que <strong>Asfura<\/strong> valor\u00f3 la experiencia dominicana en materia de <strong>seguridad fronteriza<\/strong> y la <strong>organizaci\u00f3n<\/strong> de los <strong>Juegos Centroamericanos<\/strong> <strong>y del Caribe<\/strong>, adem\u00e1s de agradecer el apoyo de Rep\u00fablica Dominicana de cara a la pr\u00f3xima <strong>sede<\/strong> de estos<strong> juegos en Honduras<\/strong>, prevista para <strong>2029.<\/strong><\/p>\n<p class=\"wp-block-paragraph\">La visita de <strong>Nasry Asfura<\/strong> dej\u00f3 como <strong>resultado <\/strong>e<strong>l compromiso <\/strong>de <strong>ambos gobiernos<\/strong> de continuar<strong> fortaleciendo sus relaciones<\/strong> y convertir los <strong>acercamientos pol\u00edticos<\/strong> en proyectos concretos de<strong> cooperaci\u00f3n<\/strong>, especialmente en <strong>seguridad, turismo, comercio, agricultura e inversi\u00f3n.<\/strong><\/p>\n<\/div>\n","protected":false},"excerpt":{"rendered":"Santo Domingo\u2013 El presidente de Honduras, Nasry Asfura Zablah, concluy\u00f3 este domingo&hellip;\n","protected":false},"author":1,"featured_media":66391,"comment_status":"open","ping_status":"open","sticky":false,"template":"","format":"standard","meta":{"footnotes":""},"categories":[1],"tags":[],"class_list":["post-66390","post","type-post","status-publish","format-standard","has-post-thumbnail","category-nacionales"],"_links":{"self":[{"href":"https:\/\/acronoticias.com\/index.php\/wp-json\/wp\/v2\/posts\/66390","targetHints":{"allow":["GET"]}}],"collection":[{"href":"https:\/\/acronoticias.com\/index.php\/wp-json\/wp\/v2\/posts"}],"about":[{"href":"https:\/\/acronoticias.com\/index.php\/wp-json\/wp\/v2\/types\/post"}],"author":[{"embeddable":true,"href":"https:\/\/acronoticias.com\/index.php\/wp-json\/wp\/v2\/users\/1"}],"replies":[{"embeddable":true,"href":"https:\/\/acronoticias.com\/index.php\/wp-json\/wp\/v2\/comments?post=66390"}],"version-history":[{"count":0,"href":"https:\/\/acronoticias.com\/index.php\/wp-json\/wp\/v2\/posts\/66390\/revisions"}],"wp:featuredmedia":[{"embeddable":true,"href":"https:\/\/acronoticias.com\/index.php\/wp-json\/wp\/v2\/media\/66391"}],"wp:attachment":[{"href":"https:\/\/acronoticias.com\/index.php\/wp-json\/wp\/v2\/media?parent=66390"}],"wp:term":[{"taxonomy":"category","embeddable":true,"href":"https:\/\/acronoticias.com\/index.php\/wp-json\/wp\/v2\/categories?post=66390"},{"taxonomy":"post_tag","embeddable":true,"href":"https:\/\/acronoticias.com\/index.php\/wp-json\/wp\/v2\/tags?post=66390"}],"curies":[{"name":"wp","href":"https:\/\/api.w.org\/{rel}","templated":true}]}}