{"id":66388,"date":"2026-08-31T13:53:50","date_gmt":"2026-08-31T13:53:50","guid":{"rendered":"https:\/\/acronoticias.com\/index.php\/2026\/08\/31\/director-del-intrant-busca-reincorporar-tecnicos-especializados-para-fortalecer-capacidad-del-organismo\/"},"modified":"2026-08-31T13:53:50","modified_gmt":"2026-08-31T13:53:50","slug":"director-del-intrant-busca-reincorporar-tecnicos-especializados-para-fortalecer-capacidad-del-organismo","status":"publish","type":"post","link":"https:\/\/acronoticias.com\/index.php\/2026\/08\/31\/director-del-intrant-busca-reincorporar-tecnicos-especializados-para-fortalecer-capacidad-del-organismo\/","title":{"rendered":"Director del Intrant busca reincorporar t\u00e9cnicos especializados para fortalecer capacidad del organismo"},"content":{"rendered":"<p><img decoding=\"async\" width=\"355\" height=\"200\" src=\"https:\/\/nuevodiario-assets.s3.us-east-2.amazonaws.com\/wp-content\/uploads\/2026\/08\/Director-del-Intrant-Foto-Direccion-de-Comunicaciones-Intrant-355x200.jpeg\" class=\"webfeedsFeaturedVisual wp-post-image\" alt=\"\" style=\"display: block;margin-bottom: 5px;clear:both;max-width: 100%\" loading=\"lazy\" \/><\/p>\n<p>EL NUEVO DIARIO, SANTO DOMINGO. \u2013<span style=\"font-weight: 400\"> El director ejecutivo del Instituto Nacional de Tr\u00e1nsito y Transporte Terrestre (Intrant), Juan Manuel M\u00e9ndez, inform\u00f3 que trabaja en la identificaci\u00f3n de t\u00e9cnicos especializados que anteriormente prestaban servicios en la instituci\u00f3n, con miras a evaluar su reintegraci\u00f3n y fortalecer la capacidad t\u00e9cnica del organismo.<\/span><\/p>\n<p><span style=\"font-weight: 400\">Durante una entrevista con la periodista Nuria Piera, M\u00e9ndez Garc\u00eda destac\u00f3 que recuperar ese conocimiento institucional fue parte de las conversaciones que sostuvo con el presidente Luis Abinader antes de asumir sus funciones.<\/span><\/p>\n<p><span style=\"font-weight: 400\">\u201cMuchos de los t\u00e9cnicos de ac\u00e1 ya no estaban y estoy consiguiendo el listado, porque creo mucho en esa parte, en los t\u00e9cnicos. Ellos tienen el conocimiento\u201d, expres\u00f3.<\/span><\/p>\n<p><span style=\"font-weight: 400\">\u201cParte de lo que hab\u00eda hablado con el presidente era de la reposici\u00f3n de los mismos. Esos t\u00e9cnicos hay que mandarlos a buscar y reponerlos\u201d, agreg\u00f3.<\/span><\/p>\n<figure id=\"attachment_3258884\" aria-describedby=\"caption-attachment-3258884\" style=\"width: 400px\" class=\"wp-caption alignnone\"><img decoding=\"async\" data-recalc-dims=\"1\" loading=\"lazy\" class=\"size-medium wp-image-3258884\" src=\"https:\/\/i0.wp.com\/nuevodiario-assets.s3.us-east-2.amazonaws.com\/wp-content\/uploads\/2026\/08\/Fachada-Intrant-Foto-Direccion-de-Comunicaciones-Intrant-400x267.jpeg?resize=400%2C267&quality=100&ssl=1\" alt=\"\" width=\"400\" height=\"267\" \/><figcaption id=\"caption-attachment-3258884\" class=\"wp-caption-text\"><strong>Fachada Intrant (Foto: Direcci\u00f3n de Comunicaciones Intrant)<\/strong><\/figcaption><\/figure>\n<p><b>Acciones para impactar el tr\u00e1nsito<\/b><\/p>\n<p><span style=\"font-weight: 400\">El director ejecutivo inform\u00f3 que trabaja en un plan de acciones a corto, mediano y largo plazo, al reconocer que existen problemas que no pueden solucionarse de la noche a la ma\u00f1ana, pero sobre los cuales s\u00ed se pueden generar resultados.<\/span><\/p>\n<p><span style=\"font-weight: 400\">Entre los temas bajo evaluaci\u00f3n mencion\u00f3 la se\u00f1alizaci\u00f3n vial, los giros a la izquierda, la circulaci\u00f3n de veh\u00edculos pesados y la inspecci\u00f3n t\u00e9cnica vehicular, adem\u00e1s de disposiciones contempladas en la Ley 63-17 pendientes de implementaci\u00f3n.<\/span><\/p>\n<p><span style=\"font-weight: 400\">Tambi\u00e9n destac\u00f3 los proyectos dirigidos a mejorar puntos cr\u00edticos, como el kil\u00f3metro 9 de la autopista Duarte, donde recientemente realiz\u00f3 un recorrido t\u00e9cnico para conocer los avances del reordenamiento y la integraci\u00f3n del transporte p\u00fablico.<\/span><\/p>\n<p><b>El lado humano de su designaci\u00f3n<\/b><\/p>\n<p><span style=\"font-weight: 400\">M\u00e9ndez Garc\u00eda tambi\u00e9n comparti\u00f3 uno de los momentos m\u00e1s emotivos que acompa\u00f1aron su llegada al Intrant: la reacci\u00f3n de su hijo de ocho a\u00f1os al conocer que dejar\u00eda el Centro de Operaciones de Emergencias (COE), tras m\u00e1s de dos d\u00e9cadas, para asumir una nueva responsabilidad.<\/span><\/p>\n<p><span style=\"font-weight: 400\">\u201cSe puso a orar: \u2018Dios m\u00edo, que a mi pap\u00e1 no se le da\u00f1e su imagen\u2019\u201d, relat\u00f3.<\/span><\/p>\n<p><span style=\"font-weight: 400\">Ante la preocupaci\u00f3n del peque\u00f1o, record\u00f3 que le respondi\u00f3: \u201cNo te preocupes, mi hijo, que vamos a trabajar para enfrentar las situaciones\u201d.<\/span><\/p>\n<p><span style=\"font-weight: 400\">El funcionario sostuvo que asume el reto consciente de las dificultades existentes y sin generar falsas expectativas sobre una problem\u00e1tica tan compleja como el tr\u00e1nsito.<\/span><\/p>\n<p>MMB\/<\/p>\n<p>\u00a0<\/p>\n<p>La entrada <a href=\"https:\/\/elnuevodiario.com.do\/director-del-intrant-busca-reincorporar-tecnicos-especializados-para-fortalecer-capacidad-del-organismo\/\">Director del Intrant busca reincorporar t\u00e9cnicos especializados para fortalecer capacidad del organismo<\/a> se public\u00f3 primero en <a href=\"https:\/\/elnuevodiario.com.do\">El Nuevo Diario (Rep\u00fablica Dominicana)<\/a>.<\/p>\n","protected":false},"excerpt":{"rendered":"EL NUEVO DIARIO, SANTO DOMINGO. \u2013 El director ejecutivo del Instituto Nacional&hellip;\n","protected":false},"author":1,"featured_media":66389,"comment_status":"open","ping_status":"open","sticky":false,"template":"","format":"standard","meta":{"footnotes":""},"categories":[1],"tags":[],"class_list":["post-66388","post","type-post","status-publish","format-standard","has-post-thumbnail","category-nacionales"],"_links":{"self":[{"href":"https:\/\/acronoticias.com\/index.php\/wp-json\/wp\/v2\/posts\/66388","targetHints":{"allow":["GET"]}}],"collection":[{"href":"https:\/\/acronoticias.com\/index.php\/wp-json\/wp\/v2\/posts"}],"about":[{"href":"https:\/\/acronoticias.com\/index.php\/wp-json\/wp\/v2\/types\/post"}],"author":[{"embeddable":true,"href":"https:\/\/acronoticias.com\/index.php\/wp-json\/wp\/v2\/users\/1"}],"replies":[{"embeddable":true,"href":"https:\/\/acronoticias.com\/index.php\/wp-json\/wp\/v2\/comments?post=66388"}],"version-history":[{"count":0,"href":"https:\/\/acronoticias.com\/index.php\/wp-json\/wp\/v2\/posts\/66388\/revisions"}],"wp:featuredmedia":[{"embeddable":true,"href":"https:\/\/acronoticias.com\/index.php\/wp-json\/wp\/v2\/media\/66389"}],"wp:attachment":[{"href":"https:\/\/acronoticias.com\/index.php\/wp-json\/wp\/v2\/media?parent=66388"}],"wp:term":[{"taxonomy":"category","embeddable":true,"href":"https:\/\/acronoticias.com\/index.php\/wp-json\/wp\/v2\/categories?post=66388"},{"taxonomy":"post_tag","embeddable":true,"href":"https:\/\/acronoticias.com\/index.php\/wp-json\/wp\/v2\/tags?post=66388"}],"curies":[{"name":"wp","href":"https:\/\/api.w.org\/{rel}","templated":true}]}}