{"id":66374,"date":"2026-08-31T12:47:51","date_gmt":"2026-08-31T12:47:51","guid":{"rendered":"https:\/\/acronoticias.com\/index.php\/2026\/08\/31\/djokovic-revela-problema-fisico-tras-caer-en-el-us-open\/"},"modified":"2026-08-31T12:47:51","modified_gmt":"2026-08-31T12:47:51","slug":"djokovic-revela-problema-fisico-tras-caer-en-el-us-open","status":"publish","type":"post","link":"https:\/\/acronoticias.com\/index.php\/2026\/08\/31\/djokovic-revela-problema-fisico-tras-caer-en-el-us-open\/","title":{"rendered":"Djokovic revela problema f\u00edsico tras caer en el US Open"},"content":{"rendered":"<p><img loading=\"lazy\" decoding=\"async\" width=\"355\" height=\"200\" src=\"https:\/\/nuevodiario-assets.s3.us-east-2.amazonaws.com\/wp-content\/uploads\/2026\/01\/djokovic-1-355x200.webp\" class=\"webfeedsFeaturedVisual wp-post-image\" alt=\"\" style=\"display: block;margin-bottom: 5px;clear:both;max-width: 100%\" \/><\/p>\n<p class=\"isSelectedEnd\"><strong>REDACCI\u00d3N DEPORTES, EE. UU.<\/strong>.\u2013 Novak Djokovic revel\u00f3 que atraviesa un problema f\u00edsico que lo ha afectado durante pr\u00e1cticamente todos los partidos que ha disputado este a\u00f1o.<\/p>\n<p class=\"isSelectedEnd\">El tenista serbio hizo la revelaci\u00f3n tras perder ante el argentino Mariano Navone en la primera ronda del Abierto de Estados Unidos.<\/p>\n<p class=\"isSelectedEnd\">Djokovic explic\u00f3 que durante el encuentro sufri\u00f3 v\u00f3mitos, n\u00e1useas, calambres y fuertes dolores, situaci\u00f3n que termin\u00f3 afectando su rendimiento en la pista.<\/p>\n<h3 id=\"djokovic-admite-que-atraviesa-un-problema-serio\">Djokovic admite que atraviesa un problema serio<\/h3>\n<p class=\"isSelectedEnd\">\u00abCreo que fue evidente que en la pista tuve una sensaci\u00f3n horrible. Es algo que, por desgracia, he arrastrado pr\u00e1cticamente en todos los partidos este a\u00f1o: v\u00f3mitos, n\u00e1useas, un problema serio en ese sentido\u00bb, declar\u00f3 Djokovic en la rueda de prensa posterior al partido.<\/p>\n<p class=\"isSelectedEnd\">El ganador de 24 t\u00edtulos de Grand Slam agreg\u00f3 que, despu\u00e9s de esos episodios, su cuerpo comienza a debilitarse y aparecen los calambres y el dolor.<\/p>\n<p class=\"isSelectedEnd\">\u00abAl final, la espalda y el hombro no dieron m\u00e1s de s\u00ed, y no pude cerrarlo\u00bb, explic\u00f3 el serbio, quien reconoci\u00f3 que la situaci\u00f3n le impide saber hasta d\u00f3nde podr\u00e1 llegar en las pr\u00f3ximas competiciones.<\/p>\n<p class=\"isSelectedEnd\">Djokovic tambi\u00e9n destac\u00f3 el desempe\u00f1o de Navone y evit\u00f3 restarle m\u00e9rito a la victoria del argentino.<\/p>\n<p class=\"isSelectedEnd\">\u00abTuve un break de ventaja en el cuarto set, pero sufr\u00ed durante todo el partido desde el cuarto juego. De nuevo, no quiero restarle m\u00e9rito a su victoria. Enhorabuena para \u00e9l. Es un buen chico, un luchador\u00bb, afirm\u00f3.<\/p>\n<h3 id=\"djokovic-pierde-un-record-en-nueva-york\">Djokovic pierde un r\u00e9cord en Nueva York<\/h3>\n<p class=\"isSelectedEnd\">La derrota puso fin a una marca destacada del serbio, quien nunca hab\u00eda perdido en la primera ronda durante sus 19 participaciones anteriores en el Abierto de Estados Unidos.<\/p>\n<p class=\"isSelectedEnd\">Djokovic reconoci\u00f3 la importancia de ese registro, aunque asegur\u00f3 que en este momento su principal preocupaci\u00f3n es su estado f\u00edsico.<\/p>\n<p class=\"isSelectedEnd\">\u00abS\u00ed, es un buen r\u00e9cord, otro m\u00e1s. Pero, s\u00ed, la verdad es que no estoy pensando demasiado en ello\u00bb, manifest\u00f3.<\/p>\n<p class=\"isSelectedEnd\">El serbio se\u00f1al\u00f3 que, pese a sentirse orgulloso de sus logros anteriores, ahora debe concentrarse en el presente y en recuperar el control sobre su cuerpo.<\/p>\n<p class=\"isSelectedEnd\">\u00abAcabo de salir de la pista y todav\u00eda estoy intentando gestionar mi cuerpo\u00bb, expres\u00f3.<\/p>\n<h3 id=\"el-serbio-busca-saber-hasta-donde-puede-llegar\">El serbio busca saber hasta d\u00f3nde puede llegar<\/h3>\n<p class=\"isSelectedEnd\">Djokovic evit\u00f3 profundizar sobre su situaci\u00f3n f\u00edsica y dijo que, por ahora, intenta comprender lo que est\u00e1 ocurriendo.<\/p>\n<p class=\"isSelectedEnd\">\u00abAhora mismo no estoy profundizando tanto. Simplemente estoy tratando de afrontar realmente lo que est\u00e1 pasando y ver hasta d\u00f3nde puedo llegar as\u00ed\u00bb, concluy\u00f3.<\/p>\n<p>La eliminaci\u00f3n representa un duro golpe para Djokovic, quien afrontaba el Abierto de Estados Unidos con el objetivo de avanzar en uno de los torneos m\u00e1s importantes del calendario.<\/p>\n<p>La entrada <a href=\"https:\/\/elnuevodiario.com.do\/djokovic-revela-problema-fisico-tras-caer-en-el-us-open\/\">Djokovic revela problema f\u00edsico tras caer en el US Open<\/a> se public\u00f3 primero en <a href=\"https:\/\/elnuevodiario.com.do\">El Nuevo Diario (Rep\u00fablica Dominicana)<\/a>.<\/p>\n","protected":false},"excerpt":{"rendered":"REDACCI\u00d3N DEPORTES, EE. UU..\u2013 Novak Djokovic revel\u00f3 que atraviesa un problema f\u00edsico&hellip;\n","protected":false},"author":1,"featured_media":66375,"comment_status":"open","ping_status":"open","sticky":false,"template":"","format":"standard","meta":{"footnotes":""},"categories":[2],"tags":[],"class_list":["post-66374","post","type-post","status-publish","format-standard","has-post-thumbnail","category-deporte"],"_links":{"self":[{"href":"https:\/\/acronoticias.com\/index.php\/wp-json\/wp\/v2\/posts\/66374","targetHints":{"allow":["GET"]}}],"collection":[{"href":"https:\/\/acronoticias.com\/index.php\/wp-json\/wp\/v2\/posts"}],"about":[{"href":"https:\/\/acronoticias.com\/index.php\/wp-json\/wp\/v2\/types\/post"}],"author":[{"embeddable":true,"href":"https:\/\/acronoticias.com\/index.php\/wp-json\/wp\/v2\/users\/1"}],"replies":[{"embeddable":true,"href":"https:\/\/acronoticias.com\/index.php\/wp-json\/wp\/v2\/comments?post=66374"}],"version-history":[{"count":0,"href":"https:\/\/acronoticias.com\/index.php\/wp-json\/wp\/v2\/posts\/66374\/revisions"}],"wp:featuredmedia":[{"embeddable":true,"href":"https:\/\/acronoticias.com\/index.php\/wp-json\/wp\/v2\/media\/66375"}],"wp:attachment":[{"href":"https:\/\/acronoticias.com\/index.php\/wp-json\/wp\/v2\/media?parent=66374"}],"wp:term":[{"taxonomy":"category","embeddable":true,"href":"https:\/\/acronoticias.com\/index.php\/wp-json\/wp\/v2\/categories?post=66374"},{"taxonomy":"post_tag","embeddable":true,"href":"https:\/\/acronoticias.com\/index.php\/wp-json\/wp\/v2\/tags?post=66374"}],"curies":[{"name":"wp","href":"https:\/\/api.w.org\/{rel}","templated":true}]}}