{"id":66370,"date":"2026-08-31T12:32:41","date_gmt":"2026-08-31T12:32:41","guid":{"rendered":"https:\/\/acronoticias.com\/index.php\/2026\/08\/31\/lamentable-accidente-de-transito-cobra-la-vida-de-un-joven-en-sabaneta-de-yasica\/"},"modified":"2026-08-31T12:32:41","modified_gmt":"2026-08-31T12:32:41","slug":"lamentable-accidente-de-transito-cobra-la-vida-de-un-joven-en-sabaneta-de-yasica","status":"publish","type":"post","link":"https:\/\/acronoticias.com\/index.php\/2026\/08\/31\/lamentable-accidente-de-transito-cobra-la-vida-de-un-joven-en-sabaneta-de-yasica\/","title":{"rendered":"Lamentable accidente de tr\u00e1nsito cobra la vida de un joven en Sabaneta de Y\u00e1sica"},"content":{"rendered":"<p><img loading=\"lazy\" decoding=\"async\" width=\"355\" height=\"200\" src=\"https:\/\/nuevodiario-assets.s3.us-east-2.amazonaws.com\/wp-content\/uploads\/2026\/08\/Accidente-de-transito-ocurrido-en-el-sector-Palo-Amarillo-Foto-Fuente-Externa-355x200.jpeg\" class=\"webfeedsFeaturedVisual wp-post-image\" alt=\"\" style=\"display: block;margin-bottom: 5px;clear:both;max-width: 100%\" \/><\/p>\n<p>EL NUEVO DIARIO, SABANETA DE Y\u00c1SICA.\u2014 Este es el joven Eduard Burgos Acosta, quien lamentablemente perdi\u00f3 la vida durante la madrugada de este lunes en un accidente de tr\u00e1nsito ocurrido en el sector Palo Amarillo, Sabaneta de Y\u00e1sica.<\/p>\n<p>Seg\u00fan informaciones preliminares, en el accidente estuvieron involucrados un carro y un cami\u00f3n, dejando como resultado el fallecimiento del joven.<\/p>\n<p>Las autoridades correspondientes se presentaron en el lugar para realizar el levantamiento y las investigaciones de rigor.<\/p>\n<figure id=\"attachment_3258813\" aria-describedby=\"caption-attachment-3258813\" style=\"width: 900px\" class=\"wp-caption alignnone\"><img loading=\"lazy\" decoding=\"async\" data-recalc-dims=\"1\" class=\"size-full wp-image-3258813\" src=\"https:\/\/i0.wp.com\/nuevodiario-assets.s3.us-east-2.amazonaws.com\/wp-content\/uploads\/2026\/08\/Accidente-de-transito-ocurrido-en-el-sector-Palo-Amarillo-Foto-Fuente-Externa-2.jpeg?resize=640%2C1138&quality=100&ssl=1\" alt=\"\" width=\"640\" height=\"1138\" \/><figcaption id=\"caption-attachment-3258813\" class=\"wp-caption-text\"><strong>Accidente de tr\u00e1nsito ocurrido en el sector Palo Amarillo (Foto: Fuente Externa)<\/strong><\/figcaption><\/figure>\n<p>ENV\/<\/p>\n<p>La entrada <a href=\"https:\/\/elnuevodiario.com.do\/lamentable-accidente-de-transito-cobra-la-vida-de-un-joven-en-sabaneta-de-yasica\/\">Lamentable accidente de tr\u00e1nsito cobra la vida de un joven en Sabaneta de Y\u00e1sica<\/a> se public\u00f3 primero en <a href=\"https:\/\/elnuevodiario.com.do\">El Nuevo Diario (Rep\u00fablica Dominicana)<\/a>.<\/p>\n","protected":false},"excerpt":{"rendered":"EL NUEVO DIARIO, SABANETA DE Y\u00c1SICA.\u2014 Este es el joven Eduard Burgos&hellip;\n","protected":false},"author":1,"featured_media":66371,"comment_status":"open","ping_status":"open","sticky":false,"template":"","format":"standard","meta":{"footnotes":""},"categories":[1],"tags":[],"class_list":["post-66370","post","type-post","status-publish","format-standard","has-post-thumbnail","category-nacionales"],"_links":{"self":[{"href":"https:\/\/acronoticias.com\/index.php\/wp-json\/wp\/v2\/posts\/66370","targetHints":{"allow":["GET"]}}],"collection":[{"href":"https:\/\/acronoticias.com\/index.php\/wp-json\/wp\/v2\/posts"}],"about":[{"href":"https:\/\/acronoticias.com\/index.php\/wp-json\/wp\/v2\/types\/post"}],"author":[{"embeddable":true,"href":"https:\/\/acronoticias.com\/index.php\/wp-json\/wp\/v2\/users\/1"}],"replies":[{"embeddable":true,"href":"https:\/\/acronoticias.com\/index.php\/wp-json\/wp\/v2\/comments?post=66370"}],"version-history":[{"count":0,"href":"https:\/\/acronoticias.com\/index.php\/wp-json\/wp\/v2\/posts\/66370\/revisions"}],"wp:featuredmedia":[{"embeddable":true,"href":"https:\/\/acronoticias.com\/index.php\/wp-json\/wp\/v2\/media\/66371"}],"wp:attachment":[{"href":"https:\/\/acronoticias.com\/index.php\/wp-json\/wp\/v2\/media?parent=66370"}],"wp:term":[{"taxonomy":"category","embeddable":true,"href":"https:\/\/acronoticias.com\/index.php\/wp-json\/wp\/v2\/categories?post=66370"},{"taxonomy":"post_tag","embeddable":true,"href":"https:\/\/acronoticias.com\/index.php\/wp-json\/wp\/v2\/tags?post=66370"}],"curies":[{"name":"wp","href":"https:\/\/api.w.org\/{rel}","templated":true}]}}