{"id":66368,"date":"2026-08-31T12:16:39","date_gmt":"2026-08-31T12:16:39","guid":{"rendered":"https:\/\/acronoticias.com\/index.php\/2026\/08\/31\/fallece-nino-de-12-anos-ahogado-mientras-compartia-con-familiares-en-rio-de-jamao-al-norte\/"},"modified":"2026-08-31T12:16:39","modified_gmt":"2026-08-31T12:16:39","slug":"fallece-nino-de-12-anos-ahogado-mientras-compartia-con-familiares-en-rio-de-jamao-al-norte","status":"publish","type":"post","link":"https:\/\/acronoticias.com\/index.php\/2026\/08\/31\/fallece-nino-de-12-anos-ahogado-mientras-compartia-con-familiares-en-rio-de-jamao-al-norte\/","title":{"rendered":"Fallece ni\u00f1o de 12 a\u00f1os ahogado mientras compart\u00eda con familiares en r\u00edo de Jamao al Norte"},"content":{"rendered":"<p><img loading=\"lazy\" decoding=\"async\" width=\"355\" height=\"200\" src=\"https:\/\/nuevodiario-assets.s3.us-east-2.amazonaws.com\/wp-content\/uploads\/2022\/02\/11101045\/Toga_nino_ahogado_muerto_muerte.png\" class=\"webfeedsFeaturedVisual wp-post-image\" alt=\"\" style=\"display: block;margin-bottom: 5px;clear:both;max-width: 100%\" \/><\/p>\n<p>EL NUEVO DIARIO, SANTIAGO.- Un ni\u00f1o de 12 a\u00f1os perdi\u00f3 la vida ahogado ayer domingo, cuando compart\u00eda con familiares en las aguas del r\u00edo Los Pe\u00f1a, en la comunidad Los Brazos, municipio Jamao al Norte.<\/p>\n<p><strong>Javier Parra Mart\u00ednez<\/strong>, resid\u00eda en la comunidad El Abanico, Veragua, quien se encontraba en el afluente cuando, por circunstancias que hasta el momento no han sido establecidas oficialmente, habr\u00eda presentado dificultades en el agua y posteriormente fue localizado sin signos vitales.<\/p>\n<p>Seg\u00fan Agenda 56, el cuerpo del ni\u00f1o fue trasladado a la morgue del Hospital Municipal, a la espera de la intervenci\u00f3n de las autoridades competentes para realizar los procedimientos correspondientes y establecer oficialmente la causa del fallecimiento.<\/p>\n<p>Al lugar acudieron representantes de los organismos correspondientes para iniciar las indagatorias y recopilar informaciones sobre las circunstancias en las que se produjo el hecho.<\/p>\n<p>\u00a0<\/p>\n<p>La entrada <a href=\"https:\/\/elnuevodiario.com.do\/fallece-nino-de-12-anos-ahogado-mientras-compartia-con-familiares-en-rio-de-jamao-al-norte\/\">Fallece ni\u00f1o de 12 a\u00f1os ahogado mientras compart\u00eda con familiares en r\u00edo de Jamao al Norte<\/a> se public\u00f3 primero en <a href=\"https:\/\/elnuevodiario.com.do\">El Nuevo Diario (Rep\u00fablica Dominicana)<\/a>.<\/p>\n","protected":false},"excerpt":{"rendered":"EL NUEVO DIARIO, SANTIAGO.- Un ni\u00f1o de 12 a\u00f1os perdi\u00f3 la vida&hellip;\n","protected":false},"author":1,"featured_media":66369,"comment_status":"open","ping_status":"open","sticky":false,"template":"","format":"standard","meta":{"footnotes":""},"categories":[1],"tags":[],"class_list":["post-66368","post","type-post","status-publish","format-standard","has-post-thumbnail","category-nacionales"],"_links":{"self":[{"href":"https:\/\/acronoticias.com\/index.php\/wp-json\/wp\/v2\/posts\/66368","targetHints":{"allow":["GET"]}}],"collection":[{"href":"https:\/\/acronoticias.com\/index.php\/wp-json\/wp\/v2\/posts"}],"about":[{"href":"https:\/\/acronoticias.com\/index.php\/wp-json\/wp\/v2\/types\/post"}],"author":[{"embeddable":true,"href":"https:\/\/acronoticias.com\/index.php\/wp-json\/wp\/v2\/users\/1"}],"replies":[{"embeddable":true,"href":"https:\/\/acronoticias.com\/index.php\/wp-json\/wp\/v2\/comments?post=66368"}],"version-history":[{"count":0,"href":"https:\/\/acronoticias.com\/index.php\/wp-json\/wp\/v2\/posts\/66368\/revisions"}],"wp:featuredmedia":[{"embeddable":true,"href":"https:\/\/acronoticias.com\/index.php\/wp-json\/wp\/v2\/media\/66369"}],"wp:attachment":[{"href":"https:\/\/acronoticias.com\/index.php\/wp-json\/wp\/v2\/media?parent=66368"}],"wp:term":[{"taxonomy":"category","embeddable":true,"href":"https:\/\/acronoticias.com\/index.php\/wp-json\/wp\/v2\/categories?post=66368"},{"taxonomy":"post_tag","embeddable":true,"href":"https:\/\/acronoticias.com\/index.php\/wp-json\/wp\/v2\/tags?post=66368"}],"curies":[{"name":"wp","href":"https:\/\/api.w.org\/{rel}","templated":true}]}}