{"id":66362,"date":"2026-08-31T11:43:49","date_gmt":"2026-08-31T11:43:49","guid":{"rendered":"https:\/\/acronoticias.com\/index.php\/2026\/08\/31\/llaman-a-jovenes-a-asumir-la-inteligencia-artificial-con-pensamiento-critico-etica-y-responsabilidad\/"},"modified":"2026-08-31T11:43:49","modified_gmt":"2026-08-31T11:43:49","slug":"llaman-a-jovenes-a-asumir-la-inteligencia-artificial-con-pensamiento-critico-etica-y-responsabilidad","status":"publish","type":"post","link":"https:\/\/acronoticias.com\/index.php\/2026\/08\/31\/llaman-a-jovenes-a-asumir-la-inteligencia-artificial-con-pensamiento-critico-etica-y-responsabilidad\/","title":{"rendered":"Llaman a j\u00f3venes a asumir la inteligencia artificial con pensamiento cr\u00edtico, \u00e9tica y responsabilidad"},"content":{"rendered":"<div>\n<div class=\"c-detail__author full\">\n<div>\n<div class=\"c-detail__author__thumb\">\n<figure>\n                                <picture src=\"https:\/\/imagenes.hoy.com.do\/files\/image_square_xs\/uploads\/2025\/11\/10\/6911b3b5d935b.png\" data-size=\"w:40,h:40\">\n                                    <img decoding=\"async\" loading=\"lazy\" alt=\"Hoy .\" width=\"40\" height=\"40\" src=\"https:\/\/imagenes.hoy.com.do\/files\/image_square_xs\/uploads\/2025\/11\/10\/6911b3b5d935b.png\"\/>\n                                <\/picture>\n                                <\/figure>\n<\/div>\n<\/div>\n<\/div>\n<p>                                                                                            <!-- --><\/p>\n<p class=\"paragraph\">El <a href=\"https:\/\/x.com\/PeriodicoHoy\">impacto <\/a>de la inteligencia artificial y la responsabilidad de las nuevas generaciones frente a su avance centraron el XX Congreso de J\u00f3venes de Cooperativa Vega Real, celebrado bajo el lema \u201cInteligencia Artificial y Paz Mundial\u201d, un encuentro que reuni\u00f3 a cientos de j\u00f3venes y profesionales de la tecnolog\u00eda para debatir sobre el uso de estas herramientas al servicio de una sociedad m\u00e1s humana y solidaria.<\/p>\n<p class=\"paragraph\">Durante el encuentro, Yanio Concepci\u00f3n, presidente ejecutivo de Cooperativa Vega Real, advirti\u00f3 que las transformaciones tecnol\u00f3gicas ya forman parte de la realidad y plantean desaf\u00edos que trascienden el \u00e1mbito t\u00e9cnico.<\/p>\n<p class=\"paragraph\">Concepci\u00f3n llam\u00f3 a los j\u00f3venes a prepararse con pensamiento cr\u00edtico, \u00e9tica y responsabilidad para enfrentar estos cambios y destac\u00f3 que el desaf\u00edo de la inteligencia artificial es tambi\u00e9n humano y social. En ese contexto, reafirm\u00f3 la apuesta de Vega Real por acercar el cooperativismo a las nuevas generaciones y promover una tecnolog\u00eda que contribuya al bien com\u00fan.<\/p>\n<p class=\"paragraph\">El panel central \u201cIA: \u00bfherramienta para la paz o desaf\u00edo para la humanidad?\u201d cont\u00f3 con las intervenciones del doctor Juan Pe\u00f1a y el ingeniero R\u00f3mulo P\u00e9rez.  Pe\u00f1a coloc\u00f3 la educaci\u00f3n, la conciencia y el discernimiento como elementos esenciales para relacionarse responsablemente con estas nuevas herramientas. Explic\u00f3 que la tecnolog\u00eda debe amplificar las capacidades humanas, no sustituirlas, insistiendo en la necesidad de utilizar el recurso y no permitir que el recurso termine utilizando a las personas. Su reflexi\u00f3n final fue clara: la inteligencia artificial puede aportar grandes beneficios, pero tambi\u00e9n convertirse en instrumento de manipulaci\u00f3n y control; por eso, debe estar al servicio del ser humano y nunca el ser humano al servicio de ella.<\/p>\n<p class=\"paragraph\">De su lado, el ingeniero R\u00f3mulo P\u00e9rez, a partir de su experiencia en proyectos como el desarrollo de soluciones tecnol\u00f3gicas para el tratamiento del sargazo, exhort\u00f3 a los j\u00f3venes dominicanos a asumir un papel m\u00e1s activo frente a la innovaci\u00f3n y pasar de consumidores de tecnolog\u00eda a creadores de soluciones para las necesidades de sus comunidades.<\/p>\n<p class=\"paragraph\">La jornada incluy\u00f3 adem\u00e1s la conferencia magistral \u201cInteligencia Artificial con prop\u00f3sito: innovaci\u00f3n al servicio de la paz\u201d, impartida por el pol\u00edtico y comunicador Jos\u00e9 Laluz, quien sostuvo que la inteligencia artificial est\u00e1 transformando la manera de aprender, trabajar y vivir, pero advirti\u00f3 que una mayor capacidad tecnol\u00f3gica no garantiza por s\u00ed sola una mejor sociedad.<\/p>\n<p class=\"paragraph\">Laluz plante\u00f3 la necesidad de que el desarrollo de estas herramientas avance acompa\u00f1ado de conciencia y responsabilidad, con la dignidad humana, la cooperaci\u00f3n y la paz como parte de sus prop\u00f3sitos.<\/p>\n<p class=\"paragraph\">El encuentro inici\u00f3 con una invocaci\u00f3n del padre Porfirio Espinal, quien llam\u00f3 a encontrar un equilibrio entre inteligencia y humanidad. \u201cConc\u00e9denos, Se\u00f1or, servir con humanidad y con inteligencia\u201d, expres\u00f3.<\/p>\n<p class=\"paragraph\">En tanto que, Billys Suriel, presidente del Comit\u00e9 de J\u00f3venes, se\u00f1al\u00f3 durante sus palabras de bienvenida que uno de los principales retos de la inteligencia artificial no est\u00e1 \u00fanicamente en sus capacidades t\u00e9cnicas, sino en el prop\u00f3sito que las personas decidan darle. Advirti\u00f3 que las mismas herramientas que permiten educar y conectar tambi\u00e9n pueden utilizarse para dividir y desinformar, por lo que llam\u00f3 a acompa\u00f1ar el desarrollo tecnol\u00f3gico de valores como la empat\u00eda, la \u00e9tica y el servicio.<\/p>\n<p class=\"paragraph\">Asimismo, Melivi Lora, directora de IDECOOP La Vega, destac\u00f3 el trabajo de Cooperativa Vega Real en la formaci\u00f3n de las nuevas generaciones y exhort\u00f3 a los participantes a prepararse para asumir las oportunidades que se presenten a lo largo de su desarrollo.<\/p>\n<h2 id=\"vega-real-elige-nueva-representacion-juvenil-para-2026-2028\" class=\"subtitle\">Vega Real elige nueva representaci\u00f3n juvenil para 2026-2028<br \/><\/h2>\n<p class=\"paragraph\">Como parte de la jornada tambi\u00e9n se celebr\u00f3 la VIII Asamblea General del Comit\u00e9 de J\u00f3venes Reales, destinada a fortalecer la participaci\u00f3n, integraci\u00f3n, liderazgo y relevo generacional dentro del movimiento cooperativista.<\/p>\n<p class=\"paragraph\">Durante la asamblea, Bilis D\u00edaz Suriel, presidente saliente, present\u00f3 el informe correspondiente a la gesti\u00f3n 2024-2026. Posteriormente, mediante un proceso de votaci\u00f3n, Nathalia G\u00f3mez P\u00e9rez, representante de la oficina de Moca, fue electa para encabezar el nuevo Comit\u00e9 de J\u00f3venes Reales durante el per\u00edodo 2026-2028.<\/p>\n<p class=\"paragraph\">El comit\u00e9 qued\u00f3 integrado adem\u00e1s por Jean Ferm\u00edn Payano, Genesis Judith Garc\u00eda Ure\u00f1a, Leinny Mar Jim\u00e9nez Hern\u00e1ndez, Selinet Altagracia Garc\u00eda De Coo, Bilis D\u00edaz Suriel, Josanny Dur\u00e1n Contreras, Milver Morales Rojas e Indira Bautista S\u00e1nchez. Sus integrantes fueron juramentados por Zenaida Pe\u00f1a, secretaria del Consejo de Administraci\u00f3n de Cooperativa Vega Real.<\/p>\n<p class=\"paragraph\">Con la vig\u00e9sima edici\u00f3n del Congreso y la renovaci\u00f3n de su Comit\u00e9 de J\u00f3venes Reales, Cooperativa Vega Real contin\u00faa impulsando espacios de formaci\u00f3n y participaci\u00f3n juvenil vinculados a los desaf\u00edos actuales, esta vez colocando en el centro del debate el papel que las nuevas generaciones tendr\u00e1n en el desarrollo y uso responsable de la inteligencia artificial.<\/p>\n<div class=\"c-detail__box \">\n<article class=\"c-detail__sumario \">\n<figure class=\"c-detail__sumario__thumb\" style=\"display: block;\">\n            <a href=\"#\" title=\"\">\n                <picture data-size=\"w:140,h:140\" loading=\"lazy\" src=\"https:\/\/imagenes.hoy.com.do\/files\/related_image\/files\/fp\/uploads\/2026\/08\/28\/6a919751e3c11.r_d.753-599.jpeg\" data-full-src=\"https:\/\/imagenes.hoy.com.do\/uploads\/2026\/08\/28\/6a919751e3c11.jpeg\">\n                    <img loading=\"lazy\" decoding=\"async\" width=\"140\" height=\"140\" alt=\"Imagen del evento\" src=\"https:\/\/imagenes.hoy.com.do\/uploads\/2026\/08\/28\/6a919751e3c11.jpeg\"\/>\n                <\/picture>\n            <\/a><br \/>\n        <\/figure>\n<\/article>\n<\/div><\/div>\n","protected":false},"excerpt":{"rendered":"El impacto de la inteligencia artificial y la responsabilidad de las nuevas&hellip;\n","protected":false},"author":1,"featured_media":66363,"comment_status":"open","ping_status":"open","sticky":false,"template":"","format":"standard","meta":{"footnotes":""},"categories":[3],"tags":[],"class_list":["post-66362","post","type-post","status-publish","format-standard","has-post-thumbnail","category-internacionales"],"_links":{"self":[{"href":"https:\/\/acronoticias.com\/index.php\/wp-json\/wp\/v2\/posts\/66362","targetHints":{"allow":["GET"]}}],"collection":[{"href":"https:\/\/acronoticias.com\/index.php\/wp-json\/wp\/v2\/posts"}],"about":[{"href":"https:\/\/acronoticias.com\/index.php\/wp-json\/wp\/v2\/types\/post"}],"author":[{"embeddable":true,"href":"https:\/\/acronoticias.com\/index.php\/wp-json\/wp\/v2\/users\/1"}],"replies":[{"embeddable":true,"href":"https:\/\/acronoticias.com\/index.php\/wp-json\/wp\/v2\/comments?post=66362"}],"version-history":[{"count":0,"href":"https:\/\/acronoticias.com\/index.php\/wp-json\/wp\/v2\/posts\/66362\/revisions"}],"wp:featuredmedia":[{"embeddable":true,"href":"https:\/\/acronoticias.com\/index.php\/wp-json\/wp\/v2\/media\/66363"}],"wp:attachment":[{"href":"https:\/\/acronoticias.com\/index.php\/wp-json\/wp\/v2\/media?parent=66362"}],"wp:term":[{"taxonomy":"category","embeddable":true,"href":"https:\/\/acronoticias.com\/index.php\/wp-json\/wp\/v2\/categories?post=66362"},{"taxonomy":"post_tag","embeddable":true,"href":"https:\/\/acronoticias.com\/index.php\/wp-json\/wp\/v2\/tags?post=66362"}],"curies":[{"name":"wp","href":"https:\/\/api.w.org\/{rel}","templated":true}]}}