{"id":66359,"date":"2026-08-31T10:45:40","date_gmt":"2026-08-31T10:45:40","guid":{"rendered":"https:\/\/acronoticias.com\/index.php\/2026\/08\/31\/estrellas-iniciaran-sus-practicas-el-14-de-septiembre\/"},"modified":"2026-08-31T10:45:40","modified_gmt":"2026-08-31T10:45:40","slug":"estrellas-iniciaran-sus-practicas-el-14-de-septiembre","status":"publish","type":"post","link":"https:\/\/acronoticias.com\/index.php\/2026\/08\/31\/estrellas-iniciaran-sus-practicas-el-14-de-septiembre\/","title":{"rendered":"Estrellas iniciar\u00e1n sus pr\u00e1cticas el 14 de septiembre"},"content":{"rendered":"<p><img decoding=\"async\" width=\"355\" height=\"200\" src=\"https:\/\/nuevodiario-assets.s3.us-east-2.amazonaws.com\/wp-content\/uploads\/2026\/02\/HBFS8pyWsAAzfoc-355x200.jpeg\" class=\"webfeedsFeaturedVisual wp-post-image\" alt=\"\" style=\"display: block;margin-bottom: 5px;clear:both;max-width: 100%\" loading=\"lazy\" \/><\/p>\n<p><strong>EL NUEVO DIARIO, SANTO DOMINGO ESTE.-<\/strong> Las Estrellas Orientales iniciar\u00e1n el 14 de septiembre sus entrenamientos con miras a su participaci\u00f3n en el pr\u00f3ximo torneo de la Liga de B\u00e9isbol Profesional de la Rep\u00fablica Dominicana (Lidom), que comenzar\u00e1 el 16 de octubre.<\/p>\n<p>El conjunto verde comenzar\u00e1 con un minicampamento en el complejo de los Tigres de Detroit, en el municipio Ram\u00f3n Santana, al que asistir\u00e1n principalmente lanzadores y receptores.<\/p>\n<p>Los entrenamientos de escuadra completa comenzar\u00e1n el 21 de septiembre en el Estadio Tetelo Vargas, en San Pedro de Macor\u00eds.<\/p>\n<p>El equipo estar\u00e1 dirigido por H\u00e9ctor Borg, quien har\u00e1 su debut como m\u00e1nager de las Estrellas. Lo acompa\u00f1ar\u00e1 un cuerpo t\u00e9cnico encabezado por Carlos Valderrama, coach de banca y corrido de bases; Carlos Paulino, asistente de m\u00e1nager; Jairo Cuevas, coach de pitcheo; Ren\u00e9 Rojas, coach de bateo, y otros entrenadores.<\/p>\n<h3 id=\"anuncian-dos-importados\">Anuncian dos importados<\/h3>\n<p>Las Estrellas han anunciado hasta el momento a dos jugadores importados para la pr\u00f3xima temporada, ambos con experiencia previa en el conjunto.<\/p>\n<p>Se trata del jardinero Ismael Mungu\u00eda, l\u00edder de bateo de la liga la pasada campa\u00f1a con promedio de .368, y el relevista Patrick Weigel, considerado uno de los principales relevistas del torneo en las \u00faltimas dos temporadas.<\/p>\n<p>La entrada <a href=\"https:\/\/elnuevodiario.com.do\/estrellas-iniciaran-sus-practicas-el-14-de-septiembre\/\">Estrellas iniciar\u00e1n sus pr\u00e1cticas el 14 de septiembre<\/a> se public\u00f3 primero en <a href=\"https:\/\/elnuevodiario.com.do\">El Nuevo Diario (Rep\u00fablica Dominicana)<\/a>.<\/p>\n","protected":false},"excerpt":{"rendered":"EL NUEVO DIARIO, SANTO DOMINGO ESTE.- Las Estrellas Orientales iniciar\u00e1n el 14&hellip;\n","protected":false},"author":1,"featured_media":63618,"comment_status":"open","ping_status":"open","sticky":false,"template":"","format":"standard","meta":{"footnotes":""},"categories":[2],"tags":[],"class_list":["post-66359","post","type-post","status-publish","format-standard","has-post-thumbnail","category-deporte"],"_links":{"self":[{"href":"https:\/\/acronoticias.com\/index.php\/wp-json\/wp\/v2\/posts\/66359","targetHints":{"allow":["GET"]}}],"collection":[{"href":"https:\/\/acronoticias.com\/index.php\/wp-json\/wp\/v2\/posts"}],"about":[{"href":"https:\/\/acronoticias.com\/index.php\/wp-json\/wp\/v2\/types\/post"}],"author":[{"embeddable":true,"href":"https:\/\/acronoticias.com\/index.php\/wp-json\/wp\/v2\/users\/1"}],"replies":[{"embeddable":true,"href":"https:\/\/acronoticias.com\/index.php\/wp-json\/wp\/v2\/comments?post=66359"}],"version-history":[{"count":0,"href":"https:\/\/acronoticias.com\/index.php\/wp-json\/wp\/v2\/posts\/66359\/revisions"}],"wp:featuredmedia":[{"embeddable":true,"href":"https:\/\/acronoticias.com\/index.php\/wp-json\/wp\/v2\/media\/63618"}],"wp:attachment":[{"href":"https:\/\/acronoticias.com\/index.php\/wp-json\/wp\/v2\/media?parent=66359"}],"wp:term":[{"taxonomy":"category","embeddable":true,"href":"https:\/\/acronoticias.com\/index.php\/wp-json\/wp\/v2\/categories?post=66359"},{"taxonomy":"post_tag","embeddable":true,"href":"https:\/\/acronoticias.com\/index.php\/wp-json\/wp\/v2\/tags?post=66359"}],"curies":[{"name":"wp","href":"https:\/\/api.w.org\/{rel}","templated":true}]}}