{"id":66357,"date":"2026-08-31T10:41:45","date_gmt":"2026-08-31T10:41:45","guid":{"rendered":"https:\/\/acronoticias.com\/index.php\/2026\/08\/31\/estudiantes-intentaron-suicidarse-sufren-estigma-rechazo-del-sistema-escolar\/"},"modified":"2026-08-31T10:41:45","modified_gmt":"2026-08-31T10:41:45","slug":"estudiantes-intentaron-suicidarse-sufren-estigma-rechazo-del-sistema-escolar","status":"publish","type":"post","link":"https:\/\/acronoticias.com\/index.php\/2026\/08\/31\/estudiantes-intentaron-suicidarse-sufren-estigma-rechazo-del-sistema-escolar\/","title":{"rendered":"Estudiantes intentaron suicidarse sufren estigma, rechazo del sistema escolar"},"content":{"rendered":"<div>\n<div class=\"c-detail__author full\">\n<div>\n<div class=\"c-detail__author__thumb\">\n<figure>\n                                <picture src=\"https:\/\/imagenes.hoy.com.do\/files\/image_square_xs\/uploads\/2025\/12\/15\/693fcb9c09a7e.jpeg\" data-size=\"w:40,h:40\">\n                                    <img decoding=\"async\" loading=\"lazy\" alt=\"Petra Savi\u00f1\u00f3n\" width=\"40\" height=\"40\" src=\"https:\/\/imagenes.hoy.com.do\/files\/image_square_xs\/uploads\/2025\/12\/15\/693fcb9c09a7e.jpeg\"\/>\n                                <\/picture>\n                                <\/figure>\n<\/div>\n<\/div>\n<\/div>\n<p>                                                                                            <!-- --><\/p>\n<p class=\"paragraph\">Un promedio anual de<b> 52 ni\u00f1os y adolescentes<\/b> entre seis y 18 a\u00f1os se suicida. Motivado, sobre todo, por maltrato en el hogar, la comunidad y la escuela.  alumnos que atentaron contra su vida o en cuyas    familias  hubo suicidios, denuncian  estigma, rechazo.   La situaci\u00f3n es registrada en   planteles p\u00fablicos y privados.<\/p>\n<p class=\"paragraph\">Las estad\u00edsticas oficiales consignan que el comportamiento suicida m\u00e1s alto  lo registra la poblaci\u00f3n de 15 a 18 a\u00f1os,  entre 28 y 35 decesos y en esa etapa es la tercera causa de muerte. Seguida del grupo de 10 a 14, con 15 fallecimientos,  pero  de mayor  aumento sostenido.<\/p>\n<p class=\"paragraph\">El <b>Ministerio de Educaci\u00f3n  (Minerd)<\/b> tiene protocolos de abordaje, que   sic\u00f3logos y docentes  plantean  revisar y sobre todo, capacitar al personal para que los centros  sean espacios de apoyo.<\/p>\n<figure class=\"c-detail__media \"><figcaption class=\"c-detail__media__txt\">\n<p class=\"c-detail__media__subtitle\">\n<p>        <span class=\"c-detail__media__credit \">Sic\u00f3logo Rafael Rom\u00e1n F.<\/span><\/p>\n<\/figcaption><\/figure>\n<p class=\"paragraph\">\u201cFui a la sic\u00f3loga del colegio y me dijo que la directora deb\u00eda saberlo para que trabaj\u00e1ramos con mis parientes. De repente, siento una actitud distante de  compa\u00f1eros y profesores. \u00bfEntonces todos estaban enterados sin mi consentimiento?\u201d<\/p>\n<p class=\"paragraph\">\u201cLa propia profesora, dentro del curso en el  liceo, me dijo que no era buena influencia para el grupo. A\u00fan as\u00ed, segu\u00ed all\u00ed  hasta terminar el bachillerato\u201d.<\/p>\n<p class=\"paragraph\">Los  testimonios de estas estudiante de <b>14 y 16 a\u00f1os<\/b>, son para la sic\u00f3loga escolar Fausta Recio Mej\u00eda una prueba del pobre manejo de las autoridades, que degenera en incremento de males mentales, como depresi\u00f3n, ansiedad y esquizofrenia. Estos trastornos  impactan a alrededor de  un  17 % del estudiantado de entre 12 y 18 a\u00f1os.<\/p>\n<p class=\"paragraph\">La especialista plantea n\u00facleos de respaldo compuestos por la familia, el \u00e1rea de sicolog\u00eda, los docentes y los compa\u00f1eros, que la escuela llegue al \u00e1mbieto familiar, a la comunidad, con herramientas que fomenten el respeto, la solidaridad.<\/p>\n<p class=\"paragraph\">De este modo, derribar\u00eda patrones lesivos y fortalecer\u00eda el acompa\u00f1amiento.  Exhorta al Minerd  a centrar el trabajo en todo el sistema,   \u201cpues act\u00faa como si solo le compitiera   lo estatal\u201d.<\/p>\n<p class=\"paragraph\"><b>M\u00e1s contundencia<\/b><\/p>\n<p class=\"paragraph\">El profesor de secundaria <b>Ernesto Vantroy Ram\u00edrez<\/b> ejerce desde hace 26 a\u00f1os en un liceo del  complejo municipio Los Alcarrizos. Lamenta el auge de suicidios  y le duele la pobreza de mecanismos  para evitarlos y  tratar a los sobrevivientes.<\/p>\n<p class=\"paragraph\">\u201cNo hay un acercamiento al entorno, ni siquiera un seguimiento efectivo al propio afectado. Solo si va directo a la oficina de sicolog\u00eda le atienden. No reparamos en los s\u00edntomas, en los que ya no interact\u00faan, han bajado las calificaciones y hasta van desaseados\u201d, expone.<\/p>\n<p class=\"paragraph\">Un escollo que empieza en el hogar puede ser agudizado en el plantel, por la ausencia de  herramientas  de la v\u00edctima,  vulnerabilidad que  le hace blanco de burlas.  Otras veces, el malestar nace en el recinto educativo y es la familia la que resta importancia o no sabe c\u00f3mo enfrentarlo, porque desconoce las normas a su favor.<\/p>\n<p class=\"paragraph\">El sic\u00f3logo cl\u00ednico <b>Rafael Rom\u00e1n Feliz<\/b> est\u00e1 de acuerdo con las c\u00e9lulas o peque\u00f1as redes de apoyo, compuestas por actores primarios de la confianza del estudiante y que adem\u00e1s sea educada la comunidad escolar, formar a todos los actores.<\/p>\n<p class=\"paragraph\">Alerta que no basta con las ordenanzas, porque el personal obvia que la conducta es analizada en su contexto, que el problema debe enfrentarse con\u00a0<\/p>\n<p class=\"paragraph\">herramientas en la escuela misma.<\/p>\n<p class=\"paragraph\"><b>Se\u00f1ales <\/b><\/p>\n<p class=\"paragraph\">Rom\u00e1n F\u00e9liz exhorta a prestar atenci\u00f3n a s\u00edntomas como la tristeza, el desinter\u00e9s repentino por las clases.<\/p>\n<p class=\"paragraph\">\u201cNos hemos enfocado en el bullying, que es importante y obviamos que a veces el problema viene de la casa.  Un matrimonio disfuncional que lleva al hijo a terapia porque entiende que  est\u00e1 mal, pero es resultado del problema de sus padres. Entonces puede autolesionarse  e intentar suicidarse\u201d.<\/p>\n<p class=\"paragraph\">Insiste en la formaci\u00f3n contra el suicidio y educar sobre la importancia del sic\u00f3logo en la sociedad.<\/p>\n<div class=\"c-detail__box \">\n<article class=\"c-detail__sumario \">\n<figure class=\"c-detail__sumario__thumb\" style=\"display: block;\">\n            <a href=\"#\" title=\"\">\n                <picture data-size=\"w:140,h:140\" loading=\"lazy\" src=\"https:\/\/imagenes.hoy.com.do\/files\/related_image\/files\/fp\/uploads\/2026\/08\/28\/6a9233859a70f.r_d.207-88.jpeg\" data-full-src=\"https:\/\/imagenes.hoy.com.do\/uploads\/2026\/08\/28\/6a9233859a70f.jpeg\">\n                    <img loading=\"lazy\" decoding=\"async\" width=\"140\" height=\"140\" alt=\"Retrato\" src=\"https:\/\/imagenes.hoy.com.do\/uploads\/2026\/08\/28\/6a9233859a70f.jpeg\"\/>\n                <\/picture>\n            <\/a><br \/>\n        <\/figure>\n<\/article>\n<\/div><\/div>\n","protected":false},"excerpt":{"rendered":"Un promedio anual de 52 ni\u00f1os y adolescentes entre seis y 18&hellip;\n","protected":false},"author":1,"featured_media":66358,"comment_status":"open","ping_status":"open","sticky":false,"template":"","format":"standard","meta":{"footnotes":""},"categories":[3],"tags":[],"class_list":["post-66357","post","type-post","status-publish","format-standard","has-post-thumbnail","category-internacionales"],"_links":{"self":[{"href":"https:\/\/acronoticias.com\/index.php\/wp-json\/wp\/v2\/posts\/66357","targetHints":{"allow":["GET"]}}],"collection":[{"href":"https:\/\/acronoticias.com\/index.php\/wp-json\/wp\/v2\/posts"}],"about":[{"href":"https:\/\/acronoticias.com\/index.php\/wp-json\/wp\/v2\/types\/post"}],"author":[{"embeddable":true,"href":"https:\/\/acronoticias.com\/index.php\/wp-json\/wp\/v2\/users\/1"}],"replies":[{"embeddable":true,"href":"https:\/\/acronoticias.com\/index.php\/wp-json\/wp\/v2\/comments?post=66357"}],"version-history":[{"count":0,"href":"https:\/\/acronoticias.com\/index.php\/wp-json\/wp\/v2\/posts\/66357\/revisions"}],"wp:featuredmedia":[{"embeddable":true,"href":"https:\/\/acronoticias.com\/index.php\/wp-json\/wp\/v2\/media\/66358"}],"wp:attachment":[{"href":"https:\/\/acronoticias.com\/index.php\/wp-json\/wp\/v2\/media?parent=66357"}],"wp:term":[{"taxonomy":"category","embeddable":true,"href":"https:\/\/acronoticias.com\/index.php\/wp-json\/wp\/v2\/categories?post=66357"},{"taxonomy":"post_tag","embeddable":true,"href":"https:\/\/acronoticias.com\/index.php\/wp-json\/wp\/v2\/tags?post=66357"}],"curies":[{"name":"wp","href":"https:\/\/api.w.org\/{rel}","templated":true}]}}