{"id":66355,"date":"2026-08-31T09:44:34","date_gmt":"2026-08-31T09:44:34","guid":{"rendered":"https:\/\/acronoticias.com\/index.php\/2026\/08\/31\/el-barcelona-ultima-la-incorporacion-del-dominicano-justin-minaya\/"},"modified":"2026-08-31T09:44:34","modified_gmt":"2026-08-31T09:44:34","slug":"el-barcelona-ultima-la-incorporacion-del-dominicano-justin-minaya","status":"publish","type":"post","link":"https:\/\/acronoticias.com\/index.php\/2026\/08\/31\/el-barcelona-ultima-la-incorporacion-del-dominicano-justin-minaya\/","title":{"rendered":"El Barcelona ultima la incorporaci\u00f3n del dominicano Justin Minaya"},"content":{"rendered":"<p><img decoding=\"async\" width=\"355\" height=\"200\" src=\"https:\/\/nuevodiario-assets.s3.us-east-2.amazonaws.com\/wp-content\/uploads\/2023\/04\/04140537\/FV_dfPUXwAMcIdm.png\" class=\"webfeedsFeaturedVisual wp-post-image\" alt=\"\" style=\"display: block;margin-bottom: 5px;clear:both;max-width: 100%\" loading=\"lazy\" \/><\/p>\n<p>EL NUEVO DIARIO, BARCELONA.- El Bar\u00e7a tiene muy avanzada la incorporaci\u00f3n del alero internacional con Rep\u00fablica Dominicana Justin Minaya, seg\u00fan inform\u00f3 este domingo la emisora RAC1 y confirmaron a EFE fuentes cercanas a la negociaci\u00f3n.<\/p>\n<p>El jugador estadounidense con pasaporte dominicano, de 27 a\u00f1os y 1,96 metros, jug\u00f3 la \u00faltima temporada en los Osceola Magic de la G-League estadounidense, donde promedi\u00f3 9,1 puntos y 4,1 rebotes por partido.<\/p>\n<p>En 2022, Minaya no fue elegido en el \u2018draft\u2019 de la NBA, pero jug\u00f3 con los Portland Trail Blazers de la liga estadounidense, con los que disput\u00f3 un total de 57 partidos entre 2022 y 2025, alternando participaciones con los Rip City Remix, el equipo afiliado de la franquicia de Oregon en la G-League.<\/p>\n<p>Hace un a\u00f1o, firm\u00f3 por los Orlando Magic, entidad que lo cort\u00f3 antes del inicio de la NBA, lo que lo oblig\u00f3 a jugar en el equipo de la entidad de Florida que compite en la G-League.<\/p>\n<p>Con su m\u00e1s que probable fichaje, que el club azulgrana pretende anunciar en las pr\u00f3ximas fechas, el renovado equipo de Aleksander Sekulic se asegura la incorporaci\u00f3n de un jugador defensivo y atl\u00e9tico, con capacidad de salto para capturar rebotes y f\u00edsico para defender a cualquier perfil exterior.<\/p>\n<p>El jugador cuenta con pasaporte \u2018coton\u00fa\u2019 por su nacionalidad dominicana, lo que le permitir\u00e1 no ocupar plaza de extracomunitario en la Liga Endesa.<\/p>\n<p>De confirmarse oficialmente su fichaje, Minaya ser\u00e1 la und\u00e9cima incorporaci\u00f3n del Bar\u00e7a para la temporada 2026-27 tras los bases Justin Robinson y Umoja Gibson; el escolta Agust\u00edn Ubal; los aleros Stanley Umude y Tyrese Martin; los ala-p\u00edvots Tosan Evbuomwan, Yoan Makoundou y Olivier Nkamhoua; y los p\u00edvots Olek Balcerowski y Josh Nebo.<\/p>\n<p>Pese a la llegada del internacional dominicano, el club no descarta en un futuro reforzar la pintura con la incorporaci\u00f3n de otro p\u00edvot, pero depender\u00e1 de los jugadores descartados por las franquicias de la NBA que ofrezca el mercado.<\/p>\n<p>La entrada <a href=\"https:\/\/elnuevodiario.com.do\/el-barcelona-ultima-la-incorporacion-del-dominicano-justin-minaya\/\">El Barcelona ultima la incorporaci\u00f3n del dominicano Justin Minaya<\/a> se public\u00f3 primero en <a href=\"https:\/\/elnuevodiario.com.do\">El Nuevo Diario (Rep\u00fablica Dominicana)<\/a>.<\/p>\n","protected":false},"excerpt":{"rendered":"EL NUEVO DIARIO, BARCELONA.- El Bar\u00e7a tiene muy avanzada la incorporaci\u00f3n del&hellip;\n","protected":false},"author":1,"featured_media":66356,"comment_status":"open","ping_status":"open","sticky":false,"template":"","format":"standard","meta":{"footnotes":""},"categories":[2],"tags":[],"class_list":["post-66355","post","type-post","status-publish","format-standard","has-post-thumbnail","category-deporte"],"_links":{"self":[{"href":"https:\/\/acronoticias.com\/index.php\/wp-json\/wp\/v2\/posts\/66355","targetHints":{"allow":["GET"]}}],"collection":[{"href":"https:\/\/acronoticias.com\/index.php\/wp-json\/wp\/v2\/posts"}],"about":[{"href":"https:\/\/acronoticias.com\/index.php\/wp-json\/wp\/v2\/types\/post"}],"author":[{"embeddable":true,"href":"https:\/\/acronoticias.com\/index.php\/wp-json\/wp\/v2\/users\/1"}],"replies":[{"embeddable":true,"href":"https:\/\/acronoticias.com\/index.php\/wp-json\/wp\/v2\/comments?post=66355"}],"version-history":[{"count":0,"href":"https:\/\/acronoticias.com\/index.php\/wp-json\/wp\/v2\/posts\/66355\/revisions"}],"wp:featuredmedia":[{"embeddable":true,"href":"https:\/\/acronoticias.com\/index.php\/wp-json\/wp\/v2\/media\/66356"}],"wp:attachment":[{"href":"https:\/\/acronoticias.com\/index.php\/wp-json\/wp\/v2\/media?parent=66355"}],"wp:term":[{"taxonomy":"category","embeddable":true,"href":"https:\/\/acronoticias.com\/index.php\/wp-json\/wp\/v2\/categories?post=66355"},{"taxonomy":"post_tag","embeddable":true,"href":"https:\/\/acronoticias.com\/index.php\/wp-json\/wp\/v2\/tags?post=66355"}],"curies":[{"name":"wp","href":"https:\/\/api.w.org\/{rel}","templated":true}]}}