{"id":66353,"date":"2026-08-31T09:40:41","date_gmt":"2026-08-31T09:40:41","guid":{"rendered":"https:\/\/acronoticias.com\/index.php\/2026\/08\/31\/politicos-resilientes\/"},"modified":"2026-08-31T09:40:41","modified_gmt":"2026-08-31T09:40:41","slug":"politicos-resilientes","status":"publish","type":"post","link":"https:\/\/acronoticias.com\/index.php\/2026\/08\/31\/politicos-resilientes\/","title":{"rendered":"Pol\u00edticos resilientes"},"content":{"rendered":"<div>\n<p>                                                                                            <!-- --><\/p>\n<p class=\"paragraph\">La <b>pol\u00edtica<\/b> es una carrera de disciplina, consistencia, resistencia y continuidad para alcanzar prop\u00f3sitos, metas, sue\u00f1os y objetivos. La vocaci\u00f3n, ambici\u00f3n y la necesidad de servir, forman parte de la columna vertebral en la pol\u00edtica. Sin embargo, para llegar y sostenerse en la dura carrera pol\u00edtica, la personalidad, los rasgos, temperamentos y car\u00e1cter, marcan la diferencia entre los que eligen ser pol\u00edtico, los que llegan al poder, los que se mantienen como modelos dignos de imitar o como referentes positivos que marcan un proceso, construyen una historia o trascienden en la vida pol\u00edtica, diferenci\u00e1ndose de los que terminan invisibilizados y olvidados.<\/p>\n<p class=\"paragraph\">Dir\u00edamos que son muy pocos los que logran la transcendencia, la admiraci\u00f3n y la referencia producto del alto desempe\u00f1o en la toma de decisiones pol\u00edticas que, sirvieron por d\u00e9cadas y que suelen perdurar en el tiempo como modelo de referencia hist\u00f3rico-social o como <b>proyecto de naci\u00f3n.<\/b><\/p>\n<p class=\"paragraph\">El pol\u00edtico cortoplacista, de visi\u00f3n corta y de memoria inmediata se preocupa por el \u201caqu\u00ed y el ahora\u201d en obtener resultados y admiraciones para ganar elecciones, obtener un pelda\u00f1o o lograr un prop\u00f3sito personal o grupal.<\/p>\n<p class=\"paragraph\">Vista la pol\u00edtica como una competencia de alto rendimiento, entonces, son muchos los que quedan excluidos, eliminados y fuera de la competitividad, producto de varios indicadores: mala comunicaci\u00f3n, falta de empat\u00eda, desconexi\u00f3n con el entorno, no genera confianza, falta de credibilidad, no sintoniza con las demandas sociales, o no tiene \u201c\u00e1ngel\u201d, no fluye, o le <b>falta carisma y olfato pol\u00edtico.<\/b><\/p>\n<p class=\"paragraph\">En pol\u00edtica los errores cuestan, las lecturas tard\u00edas y la falta de car\u00e1cter en arriesgarse y tomar decisiones marcan la diferencia entre el pol\u00edtico con servador y miedoso del pragm\u00e1tico y ambicioso en exponerse para generar cr\u00edticas y administrar resultados.<\/p>\n<p class=\"paragraph\">Al fin y al cabo, todo pol\u00edtico tiene un fin y un prop\u00f3sito: llegar al poder, y para lograrlo hay que sufrir, aguantar, resistir y construir resiliencia pol\u00edtica.<\/p>\n<p class=\"paragraph\">Un pol\u00edtico resiliente, desarrolla la capacidad y la fortaleza emocional para enfrentar crisis, traiciones, conflictos, deslealtad y p\u00e9rdidas. En <b>resiliencia pol\u00edtica<\/b> hay que tener adaptaci\u00f3n psicosocial y emocional para aprender a lidiar procesos, frustraciones o p\u00e9rdidas electorales y continua adelante. Es decir, en la vida lo significativo es aprender a levantarse debido a que se conoce, sabe de su fortaleza y de su autoconfianza, pero el que nunca se ha ca\u00eddo o no ha tenido p\u00e9rdidas, no se conoce, no sabe qu\u00e9 hacer con sus debilidades, vulnerabilidades y sus riesgos pol\u00edticos social.<\/p>\n<p class=\"paragraph\">El pol\u00edtico resiliente sabe gerenciar la cr\u00edtica, el control emocional, las consecuencias, valora los riesgos y el impacto en la toma de decisiones; pero, sobre todo, posee flexibilidad cognitiva, adaptarse a los tiempos con los temas, los cambios de la sociedad y el contexto econ\u00f3mico e hist\u00f3rico-social.<\/p>\n<p class=\"paragraph\">Uno de los mayores indicadores de resiliencia pol\u00edtica <b>es la metacognici\u00f3n<\/b>, donde el pol\u00edtico reconoce errores, se analiza, se eval\u00faa, adapta los cambios y mejora su comportamiento y conducta pol\u00edtica.<\/p>\n<p class=\"paragraph\">La resiliencia no llega por suerte, ni lo dirige el neuromarketing pol\u00edtico; es un proceso emocional, psicol\u00f3gico, social y espiritual, donde se aprende de cada proceso vivido, se resiste, se persiste y se insiste a pesar de las circunstancias adversas, de la anemia electoral y de la cr\u00edtica medi\u00e1tica.<\/p>\n<p class=\"paragraph\">El resiliente pol\u00edtico aprende a conocerse, no le teme a los reveses de la pol\u00edtica, ni a las p\u00e9rdidas; simplemente es un resultado de su propia adaptaci\u00f3n social.<\/p>\n<div class=\"c-detail__box \">\n<article class=\"c-detail__sumario \">\n<figure class=\"c-detail__sumario__thumb\" style=\"display: block;\">\n            <a href=\"#\" title=\"\">\n                <picture data-size=\"w:140,h:140\" loading=\"lazy\" src=\"https:\/\/imagenes.hoy.com.do\/files\/related_image\/uploads\/2026\/08\/23\/6a8ba267a0301.png\" data-full-src=\"https:\/\/imagenes.hoy.com.do\/uploads\/2026\/08\/23\/6a8ba267a0301.png\">\n                    <img loading=\"lazy\" decoding=\"async\" width=\"140\" height=\"140\" alt=\"Pol\u00edtico\" src=\"https:\/\/imagenes.hoy.com.do\/uploads\/2026\/08\/23\/6a8ba267a0301.png\"\/>\n                <\/picture>\n            <\/a><br \/>\n        <\/figure>\n<\/article>\n<\/div>\n<\/div>\n","protected":false},"excerpt":{"rendered":"La pol\u00edtica es una carrera de disciplina, consistencia, resistencia y continuidad para&hellip;\n","protected":false},"author":1,"featured_media":66354,"comment_status":"open","ping_status":"open","sticky":false,"template":"","format":"standard","meta":{"footnotes":""},"categories":[3],"tags":[],"class_list":["post-66353","post","type-post","status-publish","format-standard","has-post-thumbnail","category-internacionales"],"_links":{"self":[{"href":"https:\/\/acronoticias.com\/index.php\/wp-json\/wp\/v2\/posts\/66353","targetHints":{"allow":["GET"]}}],"collection":[{"href":"https:\/\/acronoticias.com\/index.php\/wp-json\/wp\/v2\/posts"}],"about":[{"href":"https:\/\/acronoticias.com\/index.php\/wp-json\/wp\/v2\/types\/post"}],"author":[{"embeddable":true,"href":"https:\/\/acronoticias.com\/index.php\/wp-json\/wp\/v2\/users\/1"}],"replies":[{"embeddable":true,"href":"https:\/\/acronoticias.com\/index.php\/wp-json\/wp\/v2\/comments?post=66353"}],"version-history":[{"count":0,"href":"https:\/\/acronoticias.com\/index.php\/wp-json\/wp\/v2\/posts\/66353\/revisions"}],"wp:featuredmedia":[{"embeddable":true,"href":"https:\/\/acronoticias.com\/index.php\/wp-json\/wp\/v2\/media\/66354"}],"wp:attachment":[{"href":"https:\/\/acronoticias.com\/index.php\/wp-json\/wp\/v2\/media?parent=66353"}],"wp:term":[{"taxonomy":"category","embeddable":true,"href":"https:\/\/acronoticias.com\/index.php\/wp-json\/wp\/v2\/categories?post=66353"},{"taxonomy":"post_tag","embeddable":true,"href":"https:\/\/acronoticias.com\/index.php\/wp-json\/wp\/v2\/tags?post=66353"}],"curies":[{"name":"wp","href":"https:\/\/api.w.org\/{rel}","templated":true}]}}