{"id":66347,"date":"2026-08-31T07:42:35","date_gmt":"2026-08-31T07:42:35","guid":{"rendered":"https:\/\/acronoticias.com\/index.php\/2026\/08\/31\/jason-kidd-planea-volver-a-dirigir-en-la-nba\/"},"modified":"2026-08-31T07:42:35","modified_gmt":"2026-08-31T07:42:35","slug":"jason-kidd-planea-volver-a-dirigir-en-la-nba","status":"publish","type":"post","link":"https:\/\/acronoticias.com\/index.php\/2026\/08\/31\/jason-kidd-planea-volver-a-dirigir-en-la-nba\/","title":{"rendered":"Jason Kidd planea volver a dirigir en la NBA"},"content":{"rendered":"<p><img decoding=\"async\" width=\"355\" height=\"200\" src=\"https:\/\/nuevodiario-assets.s3.us-east-2.amazonaws.com\/wp-content\/uploads\/2026\/05\/kidd-iso-101425-355x200.avif\" class=\"webfeedsFeaturedVisual wp-post-image\" alt=\"\" style=\"display: block;margin-bottom: 5px;clear:both;max-width: 100%\" loading=\"lazy\" \/><\/p>\n<p>EL NUEVO DIARIO, DALLAS.- Dentro del terremoto vivido hace ya a\u00f1o y medio en los Dallas Mavericks con la salida de Luka Doncic, uno de los \u00faltimos damnificados fue Jason Kidd. El entonces t\u00e9cnico de los de Texas, ya cuestionado anteriormente, se cay\u00f3 de un proyecto que respir\u00f3 aliviado con ese n\u00famero 1 del draft convertido en Cooper Flagg, pero que termin\u00f3 viendo en el coach otra pieza a reemplazar para respirar aires renovados.<\/p>\n<p>Despedido en el mes de mayo, Kidd tiene claro que su carrera en los banquillo no est\u00e1 ni mucho menos terminada. Actualmente se encuentra actualmente en Filipinas para participar en un evento con aficionados relacionado con la NBA. Desde all\u00ed, y en una entrevista concedida a Rappler, se\u00f1ala que estar\u00eda abierto a futuras oportunidades en la Liga.<\/p>\n<p>\u00abNunca dir\u00eda \u2018no\u2019 a entrenar y est\u00e1 claro que es algo que se puede dar en el futuro, pero ahora mismo estoy en casa disfrutando de mi familia, as\u00ed como viendo partidos y viendo si puedo ayudar a otros\u00bb, comenta antes de subrayar el contacto continuo que mantiene con jugadores que han estado bajo su batuta.<\/p>\n<p>\u00abM\u00e1s all\u00e1 de volver o no a entrenar, siempre estoy en contacto con Jalen Brunson y Giannis Antetokounmpo. Intento ayudar a otros ahora que no estoy entrenando\u00bb, explica, dejando claro que sigue muy ligado a lo que ocurre en la NBA.<\/p>\n<p>Aunque por ahora no ha logrado el \u00e9xito de ser campe\u00f3n, Kidd s\u00ed ha sido capaz de construir fuertes lazos con algunos de los mejores jugadores que ha entrenado. Durante su etapa en Dallas alcanz\u00f3 las finales de la Conferencia Oeste en 2022 y las Finales de la NBA en 2024. Tras dos a\u00f1os sin playoffs, fue despedido.<\/p>\n<p>La entrada <a href=\"https:\/\/elnuevodiario.com.do\/jason-kidd-planea-volver-a-dirigir-en-la-nba\/\">Jason Kidd planea volver a dirigir en la NBA<\/a> se public\u00f3 primero en <a href=\"https:\/\/elnuevodiario.com.do\">El Nuevo Diario (Rep\u00fablica Dominicana)<\/a>.<\/p>\n","protected":false},"excerpt":{"rendered":"EL NUEVO DIARIO, DALLAS.- Dentro del terremoto vivido hace ya a\u00f1o y&hellip;\n","protected":false},"author":1,"featured_media":66348,"comment_status":"open","ping_status":"open","sticky":false,"template":"","format":"standard","meta":{"footnotes":""},"categories":[2],"tags":[],"class_list":["post-66347","post","type-post","status-publish","format-standard","has-post-thumbnail","category-deporte"],"_links":{"self":[{"href":"https:\/\/acronoticias.com\/index.php\/wp-json\/wp\/v2\/posts\/66347","targetHints":{"allow":["GET"]}}],"collection":[{"href":"https:\/\/acronoticias.com\/index.php\/wp-json\/wp\/v2\/posts"}],"about":[{"href":"https:\/\/acronoticias.com\/index.php\/wp-json\/wp\/v2\/types\/post"}],"author":[{"embeddable":true,"href":"https:\/\/acronoticias.com\/index.php\/wp-json\/wp\/v2\/users\/1"}],"replies":[{"embeddable":true,"href":"https:\/\/acronoticias.com\/index.php\/wp-json\/wp\/v2\/comments?post=66347"}],"version-history":[{"count":0,"href":"https:\/\/acronoticias.com\/index.php\/wp-json\/wp\/v2\/posts\/66347\/revisions"}],"wp:featuredmedia":[{"embeddable":true,"href":"https:\/\/acronoticias.com\/index.php\/wp-json\/wp\/v2\/media\/66348"}],"wp:attachment":[{"href":"https:\/\/acronoticias.com\/index.php\/wp-json\/wp\/v2\/media?parent=66347"}],"wp:term":[{"taxonomy":"category","embeddable":true,"href":"https:\/\/acronoticias.com\/index.php\/wp-json\/wp\/v2\/categories?post=66347"},{"taxonomy":"post_tag","embeddable":true,"href":"https:\/\/acronoticias.com\/index.php\/wp-json\/wp\/v2\/tags?post=66347"}],"curies":[{"name":"wp","href":"https:\/\/api.w.org\/{rel}","templated":true}]}}