{"id":66339,"date":"2026-08-31T06:38:39","date_gmt":"2026-08-31T06:38:39","guid":{"rendered":"https:\/\/acronoticias.com\/index.php\/2026\/08\/31\/abinader-recibe-al-presidente-de-honduras-nasry-asfura-en-el-palacio-nacional\/"},"modified":"2026-08-31T06:38:39","modified_gmt":"2026-08-31T06:38:39","slug":"abinader-recibe-al-presidente-de-honduras-nasry-asfura-en-el-palacio-nacional","status":"publish","type":"post","link":"https:\/\/acronoticias.com\/index.php\/2026\/08\/31\/abinader-recibe-al-presidente-de-honduras-nasry-asfura-en-el-palacio-nacional\/","title":{"rendered":"Abinader recibe al presidente de Honduras Nasry Asfura en el Palacio Nacional"},"content":{"rendered":"<div data-td-block-uid=\"tdi_100\">\n<div class=\"tdb-block-inner td-fix-index\">\n<p class=\"wp-block-paragraph\">Santo Domingo-El presidente Luis Abinader recibi\u00f3 este domingo en el Palacio Nacional a su hom\u00f3logo de Honduras, Nasry Asfura Zablah, quien realiza una visita oficial a Rep\u00fablica Dominicana con el prop\u00f3sito de fortalecer los v\u00ednculos entre ambas naciones y ampliar las oportunidades de cooperaci\u00f3n.<\/p>\n<p class=\"wp-block-paragraph\">Asfura lleg\u00f3 a la sede del Gobierno dominicano alrededor de las 10:50 de la ma\u00f1ana, donde fue recibido por el director de Ceremonial de Estado y Protocolo, embajador Francisco Jos\u00e9 Cantizano Nadal, quien lo acompa\u00f1\u00f3 hasta el encuentro con el presidente Abinader.<\/p>\n<figure class=\"wp-block-image size-large is-resized\"><img data-recalc-dims=\"1\" fetchpriority=\"high\" decoding=\"async\" width=\"696\" height=\"464\" data-attachment-id=\"523573\" data-permalink=\"https:\/\/rnn.com.do\/abinader-recibe-al-presidente-de-honduras-nasry-asfura-en-el-palacio-nacional\/whatsapp-image-2026-08-30-at-12-21-45-pm1\/\" data-orig-file=\"https:\/\/i0.wp.com\/rnn.com.do\/wp-content\/uploads\/2026\/08\/WhatsApp-Image-2026-08-30-at-12.21.45-PM1.jpeg?fit=1280%2C854&ssl=1\" data-orig-size=\"1280,854\" data-comments-opened=\"1\" data-image-meta=\"{&quot;aperture&quot;:&quot;0&quot;,&quot;credit&quot;:&quot;&quot;,&quot;camera&quot;:&quot;&quot;,&quot;caption&quot;:&quot;&quot;,&quot;created_timestamp&quot;:&quot;0&quot;,&quot;copyright&quot;:&quot;&quot;,&quot;focal_length&quot;:&quot;0&quot;,&quot;iso&quot;:&quot;0&quot;,&quot;shutter_speed&quot;:&quot;0&quot;,&quot;title&quot;:&quot;&quot;,&quot;orientation&quot;:&quot;0&quot;,&quot;alt&quot;:&quot;&quot;}\" data-image-title=\"WhatsApp Image 2026-08-30 at 12.21.45 PM(1)\" data-image-description=\"\" data-image-caption=\"\" data-large-file=\"https:\/\/i0.wp.com\/rnn.com.do\/wp-content\/uploads\/2026\/08\/WhatsApp-Image-2026-08-30-at-12.21.45-PM1.jpeg?fit=696%2C464&ssl=1\" src=\"https:\/\/i0.wp.com\/rnn.com.do\/wp-content\/uploads\/2026\/08\/WhatsApp-Image-2026-08-30-at-12.21.45-PM1.jpeg?resize=696%2C464&ssl=1\" alt=\"\" class=\"wp-image-523573\" style=\"width:601px;height:auto\" srcset=\"https:\/\/i0.wp.com\/rnn.com.do\/wp-content\/uploads\/2026\/08\/WhatsApp-Image-2026-08-30-at-12.21.45-PM1.jpeg?resize=1024%2C683&ssl=1 1024w, https:\/\/i0.wp.com\/rnn.com.do\/wp-content\/uploads\/2026\/08\/WhatsApp-Image-2026-08-30-at-12.21.45-PM1.jpeg?resize=300%2C200&ssl=1 300w, https:\/\/i0.wp.com\/rnn.com.do\/wp-content\/uploads\/2026\/08\/WhatsApp-Image-2026-08-30-at-12.21.45-PM1.jpeg?resize=768%2C512&ssl=1 768w, https:\/\/i0.wp.com\/rnn.com.do\/wp-content\/uploads\/2026\/08\/WhatsApp-Image-2026-08-30-at-12.21.45-PM1.jpeg?resize=630%2C420&ssl=1 630w, https:\/\/i0.wp.com\/rnn.com.do\/wp-content\/uploads\/2026\/08\/WhatsApp-Image-2026-08-30-at-12.21.45-PM1.jpeg?resize=150%2C100&ssl=1 150w, https:\/\/i0.wp.com\/rnn.com.do\/wp-content\/uploads\/2026\/08\/WhatsApp-Image-2026-08-30-at-12.21.45-PM1.jpeg?resize=696%2C464&ssl=1 696w, https:\/\/i0.wp.com\/rnn.com.do\/wp-content\/uploads\/2026\/08\/WhatsApp-Image-2026-08-30-at-12.21.45-PM1.jpeg?resize=1068%2C713&ssl=1 1068w, https:\/\/i0.wp.com\/rnn.com.do\/wp-content\/uploads\/2026\/08\/WhatsApp-Image-2026-08-30-at-12.21.45-PM1.jpeg?w=1280&ssl=1 1280w\" sizes=\"(max-width: 696px) 100vw, 696px\"\/><\/figure>\n<p class=\"wp-block-paragraph\">Durante la ceremonia de bienvenida se rindieron los honores militares correspondientes, con la interpretaci\u00f3n de los himnos nacionales de Rep\u00fablica Dominicana y Honduras por parte de la Banda de M\u00fasica de la Guardia Presidencial, adem\u00e1s de una salva de 21 ca\u00f1onazos.<\/p>\n<p class=\"wp-block-paragraph\">Luego del pase de revista a la Guardia Presidencial y los saludos protocolares de las delegaciones, ambos mandatarios sostuvieron una reuni\u00f3n de trabajo en uno de los salones del Palacio Nacional.<\/p>\n<figure class=\"wp-block-image size-large is-resized\"><img loading=\"lazy\" data-recalc-dims=\"1\" decoding=\"async\" width=\"696\" height=\"464\" data-attachment-id=\"523574\" data-permalink=\"https:\/\/rnn.com.do\/abinader-recibe-al-presidente-de-honduras-nasry-asfura-en-el-palacio-nacional\/whatsapp-image-2026-08-30-at-12-21-46-pm\/\" data-orig-file=\"https:\/\/i0.wp.com\/rnn.com.do\/wp-content\/uploads\/2026\/08\/WhatsApp-Image-2026-08-30-at-12.21.46-PM.jpeg?fit=1280%2C854&ssl=1\" data-orig-size=\"1280,854\" data-comments-opened=\"1\" data-image-meta=\"{&quot;aperture&quot;:&quot;0&quot;,&quot;credit&quot;:&quot;&quot;,&quot;camera&quot;:&quot;&quot;,&quot;caption&quot;:&quot;&quot;,&quot;created_timestamp&quot;:&quot;0&quot;,&quot;copyright&quot;:&quot;&quot;,&quot;focal_length&quot;:&quot;0&quot;,&quot;iso&quot;:&quot;0&quot;,&quot;shutter_speed&quot;:&quot;0&quot;,&quot;title&quot;:&quot;&quot;,&quot;orientation&quot;:&quot;0&quot;,&quot;alt&quot;:&quot;&quot;}\" data-image-title=\"WhatsApp Image 2026-08-30 at 12.21.46 PM\" data-image-description=\"\" data-image-caption=\"\" data-large-file=\"https:\/\/i0.wp.com\/rnn.com.do\/wp-content\/uploads\/2026\/08\/WhatsApp-Image-2026-08-30-at-12.21.46-PM.jpeg?fit=696%2C464&ssl=1\" src=\"https:\/\/i0.wp.com\/rnn.com.do\/wp-content\/uploads\/2026\/08\/WhatsApp-Image-2026-08-30-at-12.21.46-PM.jpeg?resize=696%2C464&ssl=1\" alt=\"\" class=\"wp-image-523574\" style=\"width:625px;height:auto\" srcset=\"https:\/\/i0.wp.com\/rnn.com.do\/wp-content\/uploads\/2026\/08\/WhatsApp-Image-2026-08-30-at-12.21.46-PM.jpeg?resize=1024%2C683&ssl=1 1024w, https:\/\/i0.wp.com\/rnn.com.do\/wp-content\/uploads\/2026\/08\/WhatsApp-Image-2026-08-30-at-12.21.46-PM.jpeg?resize=300%2C200&ssl=1 300w, https:\/\/i0.wp.com\/rnn.com.do\/wp-content\/uploads\/2026\/08\/WhatsApp-Image-2026-08-30-at-12.21.46-PM.jpeg?resize=768%2C512&ssl=1 768w, https:\/\/i0.wp.com\/rnn.com.do\/wp-content\/uploads\/2026\/08\/WhatsApp-Image-2026-08-30-at-12.21.46-PM.jpeg?resize=630%2C420&ssl=1 630w, https:\/\/i0.wp.com\/rnn.com.do\/wp-content\/uploads\/2026\/08\/WhatsApp-Image-2026-08-30-at-12.21.46-PM.jpeg?resize=150%2C100&ssl=1 150w, https:\/\/i0.wp.com\/rnn.com.do\/wp-content\/uploads\/2026\/08\/WhatsApp-Image-2026-08-30-at-12.21.46-PM.jpeg?resize=696%2C464&ssl=1 696w, https:\/\/i0.wp.com\/rnn.com.do\/wp-content\/uploads\/2026\/08\/WhatsApp-Image-2026-08-30-at-12.21.46-PM.jpeg?resize=1068%2C713&ssl=1 1068w, https:\/\/i0.wp.com\/rnn.com.do\/wp-content\/uploads\/2026\/08\/WhatsApp-Image-2026-08-30-at-12.21.46-PM.jpeg?w=1280&ssl=1 1280w\" sizes=\"auto, (max-width: 696px) 100vw, 696px\"\/><\/figure>\n<p class=\"wp-block-paragraph\">En el encuentro participaron funcionarios de alto nivel de ambos gobiernos, quienes acompa\u00f1aron a los presidentes durante esta jornada oficial.<\/p>\n<p class=\"wp-block-paragraph\">La visita de Asfura se desarrolla en un contexto de inter\u00e9s por estrechar la cooperaci\u00f3n entre Rep\u00fablica Dominicana y Honduras en distintas \u00e1reas y continuar fortaleciendo las relaciones bilaterales.<\/p>\n<figure class=\"wp-block-embed is-type-rich is-provider-instagram wp-block-embed-instagram\"\/>\n<\/div>\n<\/div>\n","protected":false},"excerpt":{"rendered":"Santo Domingo-El presidente Luis Abinader recibi\u00f3 este domingo en el Palacio Nacional&hellip;\n","protected":false},"author":1,"featured_media":66340,"comment_status":"open","ping_status":"open","sticky":false,"template":"","format":"standard","meta":{"footnotes":""},"categories":[1],"tags":[],"class_list":["post-66339","post","type-post","status-publish","format-standard","has-post-thumbnail","category-nacionales"],"_links":{"self":[{"href":"https:\/\/acronoticias.com\/index.php\/wp-json\/wp\/v2\/posts\/66339","targetHints":{"allow":["GET"]}}],"collection":[{"href":"https:\/\/acronoticias.com\/index.php\/wp-json\/wp\/v2\/posts"}],"about":[{"href":"https:\/\/acronoticias.com\/index.php\/wp-json\/wp\/v2\/types\/post"}],"author":[{"embeddable":true,"href":"https:\/\/acronoticias.com\/index.php\/wp-json\/wp\/v2\/users\/1"}],"replies":[{"embeddable":true,"href":"https:\/\/acronoticias.com\/index.php\/wp-json\/wp\/v2\/comments?post=66339"}],"version-history":[{"count":0,"href":"https:\/\/acronoticias.com\/index.php\/wp-json\/wp\/v2\/posts\/66339\/revisions"}],"wp:featuredmedia":[{"embeddable":true,"href":"https:\/\/acronoticias.com\/index.php\/wp-json\/wp\/v2\/media\/66340"}],"wp:attachment":[{"href":"https:\/\/acronoticias.com\/index.php\/wp-json\/wp\/v2\/media?parent=66339"}],"wp:term":[{"taxonomy":"category","embeddable":true,"href":"https:\/\/acronoticias.com\/index.php\/wp-json\/wp\/v2\/categories?post=66339"},{"taxonomy":"post_tag","embeddable":true,"href":"https:\/\/acronoticias.com\/index.php\/wp-json\/wp\/v2\/tags?post=66339"}],"curies":[{"name":"wp","href":"https:\/\/api.w.org\/{rel}","templated":true}]}}