{"id":66337,"date":"2026-08-31T06:36:35","date_gmt":"2026-08-31T06:36:35","guid":{"rendered":"https:\/\/acronoticias.com\/index.php\/2026\/08\/31\/la-economia-crece-a-velocidad-de-crucero-en-los-primeros-siete-meses-del-ano\/"},"modified":"2026-08-31T06:36:35","modified_gmt":"2026-08-31T06:36:35","slug":"la-economia-crece-a-velocidad-de-crucero-en-los-primeros-siete-meses-del-ano","status":"publish","type":"post","link":"https:\/\/acronoticias.com\/index.php\/2026\/08\/31\/la-economia-crece-a-velocidad-de-crucero-en-los-primeros-siete-meses-del-ano\/","title":{"rendered":"La econom\u00eda crece a velocidad de crucero en los primeros siete meses del a\u00f1o"},"content":{"rendered":"<div>\n<p>                                                                                            <!-- --><\/p>\n<p class=\"paragraph\">La semana pasada conocimos los datos del sector real a julio, la primera impresi\u00f3n es que la econom\u00eda no acusa el empeoramiento del contexto internacional, pese a la inestabilidad de la guerra de Estados Unidos, Israel e Ir\u00e1n y alza de precio del petr\u00f3leo, en julio el PIB real <b>aument\u00f3 4.6% y 4.5% interanual.<\/b><\/p>\n<p class=\"paragraph\">Si se toma como referencia la variaci\u00f3n interanual de 4.4% del deflactor del PIB del primer trimestre del a\u00f1o (todav\u00eda no se publica para el segundo), el PIB a precios corrientes creci\u00f3 8.9% a final de julio, 1.7 puntos porcentuales m\u00e1s que el medio circulante (M1), que aument\u00f3 7.2% y 3.4 puntos porcentuales m\u00e1s que la oferta monetaria ampliada (M2), esta suma el medio circulante (M1), otros dep\u00f3sitos y valores, que interanual <b>creci\u00f3 5.5%.<\/b><\/p>\n<p class=\"paragraph\">Desde 2020, la econom\u00eda no depende de uno o dos productos, ha cambiado la estructura productiva, las estad\u00edsticas muestran que por la diversidad de las actividades econ\u00f3micas, entre 2020 y 2025 el PIB en d\u00f3lares estadounidenses creci\u00f3 a una tasa media anual de 6.8% y 5.9% por habitante, el primero se multiplic\u00f3 por 1.63 veces y 1.57 veces el segundo, a pesar el costo econ\u00f3mico de la crisis sanitaria Covid-19, el volumen del PIB se redujo -7,9%, recuperado por la econom\u00eda en menos de siete meses en 2021.<\/p>\n<p class=\"paragraph\">El pron\u00f3stico del <b>Banco Central<\/b> y organismos internacionales es que este a\u00f1o el PIB real crecer\u00e1 sobre 4.0%, por encima de las principales econom\u00edas de la regi\u00f3n. El an\u00e1lisis del crecimiento del PIB real desde la \u00f3ptica de la demanda nos dice que se debi\u00f3, principalmente, a la buena marcha de las exportaciones, acumulado a precios corrientes crecieron 12.5% en los primeros siete meses de 2026, con cifra r\u00e9cord de US$9,277.03 millones versus US$8,247.95 en los mismos meses de 2025.<\/p>\n<p class=\"paragraph\">En volumen, es decir, en t\u00e9rminos reales, las ventas <b>aumentaron solo 3.5%<\/b>, por los precios, subieron 9%, estimados considerando el aumento interanual de precios unitarios ponderados de los principales productos exportados, como instrumentos y aparatos de medicina, disyuntores el\u00e9ctricos, cigarros puros, tabaco total o parcialmente desvenado, art\u00edculos y aparatos de ortopedia, az\u00facar de ca\u00f1a, entre otros.<\/p>\n<p class=\"paragraph\">Por su parte, las importaciones a precios corrientes aumentaron 4.6%, de US$2,402.03 millones a US$2,511.40 millones, en volumen apenas 0.2% por la subida de los precios que estimo en 4.4%, basado en los precios unitarios ponderados principales productos importados, como petr\u00f3leo, en el total represento 22%, productos comestibles 18%, m\u00e1quinas y aparatos 15%, veh\u00edculos 10%, qu\u00edmicos y minerales 9%, piedras y metales 8.5%, entre otros.<\/p>\n<p class=\"paragraph\">Las cifras anteriores suponen aportaci\u00f3n positiva del saldo comercial exterior de 3.3 puntos porcentuales (3.5%-0.2%) y 1.2 puntos porcentuales de la demanda interna al crecimiento al PIB real de 4.5% en enero-julio 2026.<\/p>\n<p class=\"paragraph\">El <b>crecimiento<\/b> tambi\u00e9n se obtuvo por aumentos del empleo y productividad aparente del trabajo. Mi estimado es que, como por el lado de la producci\u00f3n son intensos en trabajo, los principales sectores que fueron responsables del crecimiento de la econom\u00eda en enero-julio 2026, como construcci\u00f3n, servicios y turismo, no es excesivo suponer que en el segundo trimestre del a\u00f1o interanual el empleo creci\u00f3 por lo menos igual que en el primer trimestre, es decir, 2.3%, por lo que 2.2% fue el aporte de la productividad aparente del trabajo al crecimiento de la econom\u00eda de 4.5% en enero-julio 2026.<\/p>\n<p class=\"paragraph\">Tomando como base estad\u00edsticas del mercado laboral del <b>Banco Central<\/b> del primer trimestre 2026, tenemos que interanual el ingreso nominal del trabajo aumento 10%, m\u00e1s que la productividad aparente de trabajo, por lo que el costo laboral nominal por unidad producida aumento 7.8% (10% \u2013 2.2%), m\u00e1s que la variaci\u00f3n de precios (deflactor) de 4% del PIB a precios b\u00e1sicos tambien del primer trimestre 2026, es decir, sin incluir impuestos sobre producci\u00f3n e importaciones, lo cual implica que en enero-julio 2026 el ingreso del trabajo gano peso en el PIB a costa de los m\u00e1rgenes empresariales.<\/p>\n<p class=\"paragraph\">Matem\u00e1tica de lo anterior, el deflactor es una media ponderada de las variaciones del costo laboral por unidad producida y del excedente bruto de explotaci\u00f3n por unidad producida, cuando el primero aumenta m\u00e1s que el deflactor del PIB, el segundo, por definici\u00f3n, lo hace por debajo, implica, como dije, que el costo laboral, el ingreso del trabajo, aumenta y se reducen los m\u00e1rgenes empresariales.\u00a0<\/p>\n<div class=\"c-detail__box \">\n<article class=\"c-detail__sumario \">\n<figure class=\"c-detail__sumario__thumb\" style=\"display: block;\">\n            <a href=\"#\" title=\"\">\n                <picture data-size=\"w:140,h:140\" loading=\"lazy\" src=\"https:\/\/imagenes.hoy.com.do\/files\/related_image\/files\/fp\/uploads\/2026\/08\/23\/6a8b9f7cde053.r_d.342-257.png\" data-full-src=\"https:\/\/imagenes.hoy.com.do\/uploads\/2026\/08\/23\/6a8b9f7cde053.png\">\n                    <img loading=\"lazy\" decoding=\"async\" width=\"140\" height=\"140\" alt=\"Importaciones\" src=\"https:\/\/imagenes.hoy.com.do\/uploads\/2026\/08\/23\/6a8b9f7cde053.png\"\/>\n                <\/picture>\n            <\/a><br \/>\n        <\/figure>\n<\/article>\n<\/div>\n<\/div>\n","protected":false},"excerpt":{"rendered":"La semana pasada conocimos los datos del sector real a julio, la&hellip;\n","protected":false},"author":1,"featured_media":66338,"comment_status":"open","ping_status":"open","sticky":false,"template":"","format":"standard","meta":{"footnotes":""},"categories":[3],"tags":[],"class_list":["post-66337","post","type-post","status-publish","format-standard","has-post-thumbnail","category-internacionales"],"_links":{"self":[{"href":"https:\/\/acronoticias.com\/index.php\/wp-json\/wp\/v2\/posts\/66337","targetHints":{"allow":["GET"]}}],"collection":[{"href":"https:\/\/acronoticias.com\/index.php\/wp-json\/wp\/v2\/posts"}],"about":[{"href":"https:\/\/acronoticias.com\/index.php\/wp-json\/wp\/v2\/types\/post"}],"author":[{"embeddable":true,"href":"https:\/\/acronoticias.com\/index.php\/wp-json\/wp\/v2\/users\/1"}],"replies":[{"embeddable":true,"href":"https:\/\/acronoticias.com\/index.php\/wp-json\/wp\/v2\/comments?post=66337"}],"version-history":[{"count":0,"href":"https:\/\/acronoticias.com\/index.php\/wp-json\/wp\/v2\/posts\/66337\/revisions"}],"wp:featuredmedia":[{"embeddable":true,"href":"https:\/\/acronoticias.com\/index.php\/wp-json\/wp\/v2\/media\/66338"}],"wp:attachment":[{"href":"https:\/\/acronoticias.com\/index.php\/wp-json\/wp\/v2\/media?parent=66337"}],"wp:term":[{"taxonomy":"category","embeddable":true,"href":"https:\/\/acronoticias.com\/index.php\/wp-json\/wp\/v2\/categories?post=66337"},{"taxonomy":"post_tag","embeddable":true,"href":"https:\/\/acronoticias.com\/index.php\/wp-json\/wp\/v2\/tags?post=66337"}],"curies":[{"name":"wp","href":"https:\/\/api.w.org\/{rel}","templated":true}]}}