{"id":66333,"date":"2026-08-31T06:06:37","date_gmt":"2026-08-31T06:06:37","guid":{"rendered":"https:\/\/acronoticias.com\/index.php\/2026\/08\/31\/coe-coloca-siete-provincias-en-alerta-verde-por-onda-tropical\/"},"modified":"2026-08-31T06:06:37","modified_gmt":"2026-08-31T06:06:37","slug":"coe-coloca-siete-provincias-en-alerta-verde-por-onda-tropical","status":"publish","type":"post","link":"https:\/\/acronoticias.com\/index.php\/2026\/08\/31\/coe-coloca-siete-provincias-en-alerta-verde-por-onda-tropical\/","title":{"rendered":"COE coloca siete provincias en alerta verde por onda tropical"},"content":{"rendered":"<div data-td-block-uid=\"tdi_100\">\n<div class=\"tdb-block-inner td-fix-index\">\n<p class=\"wp-block-paragraph\">Santo Domingo- El Centro de Operaciones de Emergencias (COE) coloc\u00f3 siete provincias y el Gran Santo Domingo en alerta verde debido a la incidencia de una onda tropical que provocar\u00e1 aguaceros y r\u00e1fagas de viento durante las pr\u00f3ximas horas.<\/p>\n<p class=\"wp-block-paragraph\">En alerta se encuentran La Altagracia, El Seibo, San Pedro de Macor\u00eds, La Romana, Hato Mayor, Saman\u00e1 y el Gran Santo Domingo.<\/p>\n<p class=\"wp-block-paragraph\">El organismo indic\u00f3 que las precipitaciones podr\u00edan dejar acumulados de entre 50 y 75 mil\u00edmetros de lluvia, lo que aumenta el riesgo de inundaciones urbanas, principalmente en zonas bajas y algunas v\u00edas de tr\u00e1nsito.<\/p>\n<figure class=\"wp-block-image size-large is-resized\"><img data-recalc-dims=\"1\" fetchpriority=\"high\" decoding=\"async\" width=\"696\" height=\"934\" data-attachment-id=\"523591\" data-permalink=\"https:\/\/rnn.com.do\/coe-coloca-siete-provincias-en-alerta-verde-por-onda-tropical\/hq-zrnfw8aahzg5\/\" data-orig-file=\"https:\/\/i0.wp.com\/rnn.com.do\/wp-content\/uploads\/2026\/08\/HQ-zRNfW8AAhzg5.jpg?fit=802%2C1076&ssl=1\" data-orig-size=\"802,1076\" data-comments-opened=\"1\" data-image-meta=\"{&quot;aperture&quot;:&quot;0&quot;,&quot;credit&quot;:&quot;&quot;,&quot;camera&quot;:&quot;&quot;,&quot;caption&quot;:&quot;&quot;,&quot;created_timestamp&quot;:&quot;0&quot;,&quot;copyright&quot;:&quot;&quot;,&quot;focal_length&quot;:&quot;0&quot;,&quot;iso&quot;:&quot;0&quot;,&quot;shutter_speed&quot;:&quot;0&quot;,&quot;title&quot;:&quot;&quot;,&quot;orientation&quot;:&quot;0&quot;,&quot;alt&quot;:&quot;&quot;}\" data-image-title=\"HQ-zRNfW8AAhzg5\" data-image-description=\"\" data-image-caption=\"\" data-large-file=\"https:\/\/i0.wp.com\/rnn.com.do\/wp-content\/uploads\/2026\/08\/HQ-zRNfW8AAhzg5.jpg?fit=696%2C934&ssl=1\" src=\"https:\/\/i0.wp.com\/rnn.com.do\/wp-content\/uploads\/2026\/08\/HQ-zRNfW8AAhzg5.jpg?resize=696%2C934&ssl=1\" alt=\"\" class=\"wp-image-523591\" style=\"width:626px;height:auto\" srcset=\"https:\/\/i0.wp.com\/rnn.com.do\/wp-content\/uploads\/2026\/08\/HQ-zRNfW8AAhzg5.jpg?resize=763%2C1024&ssl=1 763w, https:\/\/i0.wp.com\/rnn.com.do\/wp-content\/uploads\/2026\/08\/HQ-zRNfW8AAhzg5.jpg?resize=224%2C300&ssl=1 224w, https:\/\/i0.wp.com\/rnn.com.do\/wp-content\/uploads\/2026\/08\/HQ-zRNfW8AAhzg5.jpg?resize=768%2C1030&ssl=1 768w, https:\/\/i0.wp.com\/rnn.com.do\/wp-content\/uploads\/2026\/08\/HQ-zRNfW8AAhzg5.jpg?resize=313%2C420&ssl=1 313w, https:\/\/i0.wp.com\/rnn.com.do\/wp-content\/uploads\/2026\/08\/HQ-zRNfW8AAhzg5.jpg?resize=150%2C201&ssl=1 150w, https:\/\/i0.wp.com\/rnn.com.do\/wp-content\/uploads\/2026\/08\/HQ-zRNfW8AAhzg5.jpg?resize=300%2C402&ssl=1 300w, https:\/\/i0.wp.com\/rnn.com.do\/wp-content\/uploads\/2026\/08\/HQ-zRNfW8AAhzg5.jpg?resize=696%2C934&ssl=1 696w, https:\/\/i0.wp.com\/rnn.com.do\/wp-content\/uploads\/2026\/08\/HQ-zRNfW8AAhzg5.jpg?w=802&ssl=1 802w\" sizes=\"(max-width: 696px) 100vw, 696px\"\/><\/figure>\n<p class=\"wp-block-paragraph\">Adem\u00e1s de las precipitaciones, el COE advierte sobre <strong>vientos moderados<\/strong> y <strong>r\u00e1fagas ocasionales<\/strong> que podr\u00edan provocar afectaciones, por lo que recomend\u00f3 a la poblaci\u00f3n asegurar objetos que permanezcan sueltos en exteriores.<\/p>\n<p class=\"wp-block-paragraph\">La <strong>onda tropical<\/strong> comenzar\u00e1 a afectar de manera indirecta el <strong>territorio dominicano<\/strong> y las autoridades mantienen vigilancia permanente de su evoluci\u00f3n en coordinaci\u00f3n con el <strong>Indomet<\/strong>.<\/p>\n<p class=\"wp-block-paragraph\">Ante las condiciones previstas, el organismo pidi\u00f3 <strong>no cruzar r\u00edos<\/strong> con altos niveles de agua ni <strong>calles inundadas<\/strong> y evitar permanecer debajo de \u00e1rboles o estructuras que puedan resultar inestables debido a las <strong>r\u00e1fagas de viento<\/strong>.<\/p>\n<p class=\"wp-block-paragraph\">Tambi\u00e9n recomend\u00f3 identificar previamente <strong>rutas de evacuaci\u00f3n<\/strong> y zonas seguras, mantener preparada una <strong>mochila de emergencia<\/strong> con suministros para 72 horas, revisar el <strong>Plan Familiar de Respuesta<\/strong> y seguir las orientaciones de las autoridades locales.<\/p>\n<p class=\"wp-block-paragraph\">El informe del <strong>Instituto Dominicano de Meteorolog\u00eda<\/strong> (<strong>Indomet<\/strong>) de este domingo prev\u00e9 que el martes se sume a los efectos del disturbio tropical una <strong>vaguada<\/strong> para mantener \u00ablas condiciones propicias para que contin\u00faen los <strong>aguaceros<\/strong>, tormentas el\u00e9ctricas y <strong>r\u00e1fagas de viento<\/strong> en gran parte del pa\u00eds\u00bb.<\/p>\n<\/div>\n<\/div>\n","protected":false},"excerpt":{"rendered":"Santo Domingo- El Centro de Operaciones de Emergencias (COE) coloc\u00f3 siete provincias&hellip;\n","protected":false},"author":1,"featured_media":66334,"comment_status":"open","ping_status":"open","sticky":false,"template":"","format":"standard","meta":{"footnotes":""},"categories":[1],"tags":[],"class_list":["post-66333","post","type-post","status-publish","format-standard","has-post-thumbnail","category-nacionales"],"_links":{"self":[{"href":"https:\/\/acronoticias.com\/index.php\/wp-json\/wp\/v2\/posts\/66333","targetHints":{"allow":["GET"]}}],"collection":[{"href":"https:\/\/acronoticias.com\/index.php\/wp-json\/wp\/v2\/posts"}],"about":[{"href":"https:\/\/acronoticias.com\/index.php\/wp-json\/wp\/v2\/types\/post"}],"author":[{"embeddable":true,"href":"https:\/\/acronoticias.com\/index.php\/wp-json\/wp\/v2\/users\/1"}],"replies":[{"embeddable":true,"href":"https:\/\/acronoticias.com\/index.php\/wp-json\/wp\/v2\/comments?post=66333"}],"version-history":[{"count":0,"href":"https:\/\/acronoticias.com\/index.php\/wp-json\/wp\/v2\/posts\/66333\/revisions"}],"wp:featuredmedia":[{"embeddable":true,"href":"https:\/\/acronoticias.com\/index.php\/wp-json\/wp\/v2\/media\/66334"}],"wp:attachment":[{"href":"https:\/\/acronoticias.com\/index.php\/wp-json\/wp\/v2\/media?parent=66333"}],"wp:term":[{"taxonomy":"category","embeddable":true,"href":"https:\/\/acronoticias.com\/index.php\/wp-json\/wp\/v2\/categories?post=66333"},{"taxonomy":"post_tag","embeddable":true,"href":"https:\/\/acronoticias.com\/index.php\/wp-json\/wp\/v2\/tags?post=66333"}],"curies":[{"name":"wp","href":"https:\/\/api.w.org\/{rel}","templated":true}]}}