{"id":66321,"date":"2026-08-31T05:03:23","date_gmt":"2026-08-31T05:03:23","guid":{"rendered":"https:\/\/acronoticias.com\/index.php\/2026\/08\/31\/armada-dominicana-envia-50-toneladas-de-ayuda-a-colombia-tras-terremoto\/"},"modified":"2026-08-31T05:03:23","modified_gmt":"2026-08-31T05:03:23","slug":"armada-dominicana-envia-50-toneladas-de-ayuda-a-colombia-tras-terremoto","status":"publish","type":"post","link":"https:\/\/acronoticias.com\/index.php\/2026\/08\/31\/armada-dominicana-envia-50-toneladas-de-ayuda-a-colombia-tras-terremoto\/","title":{"rendered":"Armada dominicana env\u00eda 50 toneladas de ayuda a Colombia tras terremoto\u00a0"},"content":{"rendered":"<div data-td-block-uid=\"tdi_100\">\n<div class=\"tdb-block-inner td-fix-index\">\n<p class=\"wp-block-paragraph\"><strong>SANTO DOMINGO. <\/strong>-El Buque Insignia de la Armada, PA-301 Almirante Didiez Burgos, zarp\u00f3 este s\u00e1bado desde Sans Souci con 110,530 libras de asistencia humanitaria rumbo a Colombia, en respuesta al devastador terremoto que golpe\u00f3 a ese pa\u00eds.\u00a0<\/p>\n<p class=\"wp-block-paragraph\">La carga incluye alimentos de emergencia, medicamentos, insumos m\u00e9dicos, herramientas y productos de higiene, recolectados en el centro de acopio de la Base Naval 27 de Febrero gracias a la solidaridad de instituciones, empresas y ciudadanos.\u00a0<\/p>\n<p class=\"wp-block-paragraph\">Militares organizaron y trasladaron los donativos como parte de un operativo log\u00edstico coordinado por el Ministerio de Defensa y las Fuerzas Armadas, bajo la direcci\u00f3n del presidente Luis Abinader.\u00a0<\/p>\n<p class=\"wp-block-paragraph\">Con este env\u00edo, la Rep\u00fablica Dominicana pone a disposici\u00f3n sus capacidades mar\u00edtimas y reafirma los v\u00ednculos de cooperaci\u00f3n y solidaridad con Colombia, contribuyendo a las labores de asistencia y recuperaci\u00f3n de las comunidades afectadas.\u00a0<\/p>\n<\/div>\n<\/div>\n","protected":false},"excerpt":{"rendered":"SANTO DOMINGO. -El Buque Insignia de la Armada, PA-301 Almirante Didiez Burgos,&hellip;\n","protected":false},"author":1,"featured_media":66322,"comment_status":"open","ping_status":"open","sticky":false,"template":"","format":"standard","meta":{"footnotes":""},"categories":[1],"tags":[],"class_list":["post-66321","post","type-post","status-publish","format-standard","has-post-thumbnail","category-nacionales"],"_links":{"self":[{"href":"https:\/\/acronoticias.com\/index.php\/wp-json\/wp\/v2\/posts\/66321","targetHints":{"allow":["GET"]}}],"collection":[{"href":"https:\/\/acronoticias.com\/index.php\/wp-json\/wp\/v2\/posts"}],"about":[{"href":"https:\/\/acronoticias.com\/index.php\/wp-json\/wp\/v2\/types\/post"}],"author":[{"embeddable":true,"href":"https:\/\/acronoticias.com\/index.php\/wp-json\/wp\/v2\/users\/1"}],"replies":[{"embeddable":true,"href":"https:\/\/acronoticias.com\/index.php\/wp-json\/wp\/v2\/comments?post=66321"}],"version-history":[{"count":0,"href":"https:\/\/acronoticias.com\/index.php\/wp-json\/wp\/v2\/posts\/66321\/revisions"}],"wp:featuredmedia":[{"embeddable":true,"href":"https:\/\/acronoticias.com\/index.php\/wp-json\/wp\/v2\/media\/66322"}],"wp:attachment":[{"href":"https:\/\/acronoticias.com\/index.php\/wp-json\/wp\/v2\/media?parent=66321"}],"wp:term":[{"taxonomy":"category","embeddable":true,"href":"https:\/\/acronoticias.com\/index.php\/wp-json\/wp\/v2\/categories?post=66321"},{"taxonomy":"post_tag","embeddable":true,"href":"https:\/\/acronoticias.com\/index.php\/wp-json\/wp\/v2\/tags?post=66321"}],"curies":[{"name":"wp","href":"https:\/\/api.w.org\/{rel}","templated":true}]}}