{"id":66319,"date":"2026-08-31T04:46:35","date_gmt":"2026-08-31T04:46:35","guid":{"rendered":"https:\/\/acronoticias.com\/index.php\/2026\/08\/31\/presidentes-abinader-y-asfura-impulsan-nueva-etapa-de-cooperacion-entre-rd-y-honduras\/"},"modified":"2026-08-31T04:46:35","modified_gmt":"2026-08-31T04:46:35","slug":"presidentes-abinader-y-asfura-impulsan-nueva-etapa-de-cooperacion-entre-rd-y-honduras","status":"publish","type":"post","link":"https:\/\/acronoticias.com\/index.php\/2026\/08\/31\/presidentes-abinader-y-asfura-impulsan-nueva-etapa-de-cooperacion-entre-rd-y-honduras\/","title":{"rendered":"Presidentes Abinader y Asfura impulsan nueva etapa de cooperaci\u00f3n entre RD y Honduras"},"content":{"rendered":"<p>Santo Domingo.\u2013 En el marco de la\u00a0<strong>visita oficial<\/strong>\u00a0al pa\u00eds del presidente de Honduras,\u00a0<strong>Nasry Asfura Zablah<\/strong>, y durante su encuentro con el\u00a0<strong>presidente Luis Abinader<\/strong>\u00a0en el Palacio Nacional,\u00a0<strong>ambos mandatarios<\/strong>\u00a0valoraron de\u00a0<strong>forma positiva<\/strong>\u00a0los resultados de\u00a0<strong>dos d\u00edas de trabajo conjunto<\/strong>\u00a0y coincidieron en la necesidad de fortalecer a\u00fan m\u00e1s los\u00a0<strong>lazos bilaterales<\/strong>.<\/p>\n<p>El presidente Abinader\u00a0<strong>agradeci\u00f3 la visita<\/strong>\u00a0y calific\u00f3 de muy positiva la agenda desarrollada.<\/p>\n<p>Expres\u00f3 satisfacci\u00f3n por las conversaciones francas en las que se revisaron\u00a0<strong>temas de la relaci\u00f3n bilateral<\/strong>\u00a0e identificaron\u00a0<strong>\u00e1reas concretas de acuerdos.<\/strong><\/p>\n<h2 id=\"comercio-turismo-y-seguridad-bilateral\" class=\"wp-block-heading\">Comercio, turismo y seguridad bilateral<\/h2>\n<p><strong>Construir una relaci\u00f3n cada vez m\u00e1s \u00fatil<\/strong><\/p>\n<p>El presidente Abinader record\u00f3 que ambos pa\u00edses mantienen\u00a0<strong>v\u00ednculos diplom\u00e1ticos de m\u00e1s de cien a\u00f1os<\/strong>\u00a0y subray\u00f3 la importancia de aprovechar esa historia para construir una\u00a0<strong>relaci\u00f3n cada vez m\u00e1s \u00fatil para sus pueblos.<\/strong><\/p>\n<p><em>\u201cHemos conversado de comercio, inversi\u00f3n, conectividad, turismo, cultura y de nuevas oportunidades para nuestros sectores productivos. Hay espacio para crecer y ambos gobiernos tenemos inter\u00e9s en facilitar ese proceso\u201d,<\/em>\u00a0afirm\u00f3 el mandatario, quien destac\u00f3 el\u00a0<strong>aumento del intercambio comercial<\/strong>\u00a0y la voluntad de mantener esa tendencia.<\/p>\n<figure class=\"wp-block-image size-full\"><img decoding=\"async\" src=\"https:\/\/multimedia.noticiassin.com\/wp-content\/uploads\/2026\/08\/borrador-automatico-20260831-034357-4rnB.webp\" alt=\"Funcionarios reunidos en una mesa de trabajo en un sal\u00f3n oficial con banderas de Rep\u00fablica Dominicana y Honduras\" class=\"wp-image-2103335\" \/><figcaption class=\"wp-element-caption\">Delegaciones de Rep\u00fablica Dominicana y Honduras participan en una reuni\u00f3n oficial en un sal\u00f3n del Palacio Nacional.<\/figcaption><\/figure>\n<p>Tambi\u00e9n se refiri\u00f3 a temas regionales como\u00a0<strong>seguridad, democracia, migraci\u00f3n<\/strong>, el impacto del\u00a0<strong>sargazo<\/strong>\u00a0y la situaci\u00f3n de\u00a0<strong>Hait\u00ed<\/strong>, y se\u00f1al\u00f3 que existe una\u00a0<strong>visi\u00f3n cercana<\/strong>\u00a0que permite avanzar de manera coordinada.<\/p>\n<p>Sobre los\u00a0<strong>grupos criminales organizados,<\/strong>\u00a0indic\u00f3 que hay\u00a0<strong>cooperaci\u00f3n de inteligencia bilateral<\/strong>\u00a0y a trav\u00e9s del\u00a0<strong>Escudo de las Am\u00e9ricas,<\/strong>\u00a0y que se convers\u00f3 para continuar colaborando.<\/p>\n<h2 id=\"asfura-destaca-agricultura-y-foros-regionales\" class=\"wp-block-heading\">Asfura destaca agricultura y foros regionales<\/h2>\n<p><strong>Presidente de Honduras<\/strong><\/p>\n<p>El presidente Asfura afirm\u00f3 que la\u00a0<strong>relaci\u00f3n<\/strong>\u00a0se fortalece con el objetivo de hacerla\u00a0<strong>m\u00e1s unida y estrecha.<\/strong><\/p>\n<p>Destac\u00f3 que se abordaron la\u00a0<strong>tecnificaci\u00f3n de la agricultura, la seguridad y el turismo,<\/strong>\u00a0\u00e1mbito en el que reconoci\u00f3 la\u00a0<strong>experiencia de m\u00e1s de 40 a\u00f1os de Rep\u00fablica Dominicana<\/strong>\u00a0en desarrollo tur\u00edstico e infraestructura.<\/p>\n<p>Plante\u00f3 trabajar juntos de cara a una\u00a0<strong>Am\u00e9rica pr\u00f3spera, protegida, productiva y fuerte,<\/strong>\u00a0y coincidi\u00f3 en la necesidad de coordinar posiciones en\u00a0<strong>foros internacionales<\/strong>\u00a0como la ONU y el Escudo de las Am\u00e9ricas.<\/p>\n<p><strong>Valora Juegos Centroamericanos y del Caribe<\/strong><\/p>\n<p>Asfura valor\u00f3 el papel de la Rep\u00fablica Dominicana en la\u00a0<strong>organizaci\u00f3n de los Juegos Centroamericanos y del Caribe<\/strong>, que calific\u00f3 como un ejemplo de profesionalismo y desarrollo al alcanzar un r\u00e9cord de 155 medallas, y agradeci\u00f3 el\u00a0<strong>apoyo de cara a la sede de los pr\u00f3ximos juegos<\/strong>, que se celebrar\u00e1n en Honduras en noviembre de\u00a0<strong>2029<\/strong>.<\/p>\n<p>Subray\u00f3 los retos de la\u00a0<strong>innovaci\u00f3n<\/strong>\u00a0y la transformaci\u00f3n para enfrentar las\u00a0<strong>guerras econ\u00f3micas actuales<\/strong>, reconoci\u00f3 el\u00a0<strong>impulso dado al SICA<\/strong>\u00a0durante la presidencia pro t\u00e9mpore dominicana y destac\u00f3 el recorrido realizado junto con el presidente Abinader por las obras de protecci\u00f3n fronteriza, como ejemplo de\u00a0<strong>defensa de la democracia, la libertad y la soberan\u00eda.<\/strong><\/p>\n<p><strong>Agenda para seguir avanzando<\/strong><\/p>\n<p>Ambos jefes de Estado coincidieron en que la visita deja una\u00a0<strong>agenda concreta para seguir avanzando.<\/strong> <\/p>\n<p>El presidente Abinader asegur\u00f3 que se fortalecer\u00e1n los\u00a0<strong>espacios de di\u00e1logo<\/strong>\u00a0para convertir las buenas relaciones pol\u00edticas en\u00a0<strong>cooperaci\u00f3n e intercambios concretos,\u00a0<\/strong>y reiter\u00f3 que Honduras puede contar con la Rep\u00fablica Dominicana como\u00a0<strong>pa\u00eds amigo y socio.<\/strong>\u00a0<\/p>\n<p>Asfura, a su vez, extendi\u00f3 una\u00a0<strong>invitaci\u00f3n al presidente dominicano para visitar Honduras<\/strong>, donde ser\u00e1\u00a0<strong>recibido con los brazos abiertos<\/strong>\u00a0junto con las personas que estime conveniente.<\/p>\n","protected":false},"excerpt":{"rendered":"Santo Domingo.\u2013 En el marco de la\u00a0visita oficial\u00a0al pa\u00eds del presidente de&hellip;\n","protected":false},"author":1,"featured_media":66320,"comment_status":"open","ping_status":"open","sticky":false,"template":"","format":"standard","meta":{"footnotes":""},"categories":[1],"tags":[],"class_list":["post-66319","post","type-post","status-publish","format-standard","has-post-thumbnail","category-nacionales"],"_links":{"self":[{"href":"https:\/\/acronoticias.com\/index.php\/wp-json\/wp\/v2\/posts\/66319","targetHints":{"allow":["GET"]}}],"collection":[{"href":"https:\/\/acronoticias.com\/index.php\/wp-json\/wp\/v2\/posts"}],"about":[{"href":"https:\/\/acronoticias.com\/index.php\/wp-json\/wp\/v2\/types\/post"}],"author":[{"embeddable":true,"href":"https:\/\/acronoticias.com\/index.php\/wp-json\/wp\/v2\/users\/1"}],"replies":[{"embeddable":true,"href":"https:\/\/acronoticias.com\/index.php\/wp-json\/wp\/v2\/comments?post=66319"}],"version-history":[{"count":0,"href":"https:\/\/acronoticias.com\/index.php\/wp-json\/wp\/v2\/posts\/66319\/revisions"}],"wp:featuredmedia":[{"embeddable":true,"href":"https:\/\/acronoticias.com\/index.php\/wp-json\/wp\/v2\/media\/66320"}],"wp:attachment":[{"href":"https:\/\/acronoticias.com\/index.php\/wp-json\/wp\/v2\/media?parent=66319"}],"wp:term":[{"taxonomy":"category","embeddable":true,"href":"https:\/\/acronoticias.com\/index.php\/wp-json\/wp\/v2\/categories?post=66319"},{"taxonomy":"post_tag","embeddable":true,"href":"https:\/\/acronoticias.com\/index.php\/wp-json\/wp\/v2\/tags?post=66319"}],"curies":[{"name":"wp","href":"https:\/\/api.w.org\/{rel}","templated":true}]}}