{"id":66316,"date":"2026-08-31T04:34:51","date_gmt":"2026-08-31T04:34:51","guid":{"rendered":"https:\/\/acronoticias.com\/index.php\/2026\/08\/31\/ha-vuelto-la\/"},"modified":"2026-08-31T04:34:51","modified_gmt":"2026-08-31T04:34:51","slug":"ha-vuelto-la","status":"publish","type":"post","link":"https:\/\/acronoticias.com\/index.php\/2026\/08\/31\/ha-vuelto-la\/","title":{"rendered":"Ha vuelto LA"},"content":{"rendered":"<div>\n<p>                                                                                            <!-- --><\/p>\n<p class=\"paragraph\">El lunes recuper\u00f3 el esplendor perdido. Con horario distinto <b>\u201cLA Agenda Semanal\u201d <\/b>permitir\u00e1 enfrentar y conjurar la ansiedad que provocan los pendientes del inicio de semana despu\u00e9s de la tranquilidad dominical y las resacas de viernes y s\u00e1bado.<\/p>\n<p class=\"paragraph\">\u201cLA Agenda Semanal, un nuevo espacio de trabajo y comunicaci\u00f3n que permitir\u00e1 a la ciudadan\u00eda conocer de primera mano c\u00f3mo el mandatario supervisa, da seguimiento y trabaja junto con sus equipos en la ejecuci\u00f3n de las principales prioridades del pa\u00eds.\u201d<\/p>\n<p class=\"paragraph\">Siempre \u201cLA\u201d adelante porque las iniciales del jefe de gobierno asignan prestigio. LA es marca bien dise\u00f1ada y agradecida, todav\u00eda sin atreverse a llegar a rectitud, libertad, trabajo y moralidad -RLTM-virtudes c\u00f3nsonas con las iniciales del s\u00e1trapa, pero  merodean la gloria.<\/p>\n<p class=\"paragraph\">La suspensi\u00f3n de<b> LA Semanal<\/b>, inaugurada en agosto del a\u00f1o 2023 cre\u00f3 un vac\u00edo. Para algunos era necesaria la clausura, aquellas reuniones aburr\u00edan, aunque cuando el presidente decidi\u00f3 no cumplir con la promesa de evitar temas pol\u00edticos, partidistas, se esperaba el encuentro para tener informaci\u00f3n y comentar el contenido de lo expuesto.<\/p>\n<p class=\"paragraph\">La velada fue pervirti\u00e9ndose, previsibles los halagos, las peticiones, las intervenciones hasta que LA asumi\u00f3 el hartazgo y celebr\u00f3 la \u00faltima reuni\u00f3n en diciembre del a\u00f1o 2025.<\/p>\n<p class=\"paragraph\">La Semanal fue presentada por <b>Homero Figueroa<\/b>, el entonces director de la Direcci\u00f3n de Estrategia y Comunicaci\u00f3n Gubernamental -Diecom-. En la inauguraci\u00f3n el funcionario explic\u00f3 que \u201cLA Semanal con la Prensa\u201d, pretend\u00eda convertirse en un espacio \u201cpara que el presidente <b>Luis Abinader<\/b> tenga un dialogo permanente con la prensa, beneficiando -directamente- a la ciudadan\u00eda\u201d. \u201cEste gobierno se ha esmerado en mantener un dialogo abierto en todo momento con los ciudadanos, y la mejor forma de lograrlo es con la prensa, quienes ser\u00e1n los invitados de honor cada semana al Palacio Nacional\u201d. La prensa entonces fue recibida. Cupieron todos, hubo un irritante menjurje en las Cari\u00e1tides.<\/p>\n<p class=\"paragraph\">Fue en una Semanal que el presidente proclam\u00f3, ingenuo o convencido de la calidad y desempe\u00f1o de uno de sus m\u00e1s cercanos colaboradores, funcionario estrella, gestor del necesario Sector Externo que auspiciaba su proyecto presidencial, que en <b>SENASA<\/b> no hab\u00eda d\u00e9ficit. Y continu\u00f3 desafiante: \u201cParece que los amigos de la oposici\u00f3n quieren que los 2,400,000 dominicanos y dominicanas que integramos al Senasa, cancelemos esa integraci\u00f3n y que se queden sin Seguro Familiar de Salud\u201d. La historia de aquella afirmaci\u00f3n est\u00e1 en un expediente y en un arrebato presidencial con una frase atribuida como propia pero que pertenece al presidente Juan Bosch.<\/p>\n<p class=\"paragraph\">LA Semanal se alej\u00f3 del modelo que vende la cacareada transparencia y cercan\u00eda del presidente con la ciudadan\u00eda. Cercan\u00eda con tiempo y personajes escogidos, con miradas y sonrisas que jam\u00e1s pod\u00edan ni pueden exceder el tiempo para que el gracejo del gobernante sirva, se difunda y enganche.<\/p>\n<p class=\"paragraph\">Ha vuelto el esquema comunicacional con ropaje distinto para ser lo mismo. Es <b>reinvenci\u00f3n<\/b>, un LA y LA como si fuera tralal\u00e1. Volver a las oscuras golondrinas sin conocer a B\u00e9cquer. Es una manera, dicen algunos especialistas en estrategia pol\u00edtica, de afianzar la popularidad de LA para que su respaldo al candidato presidencial de su partido-2028- pueda garantizar la permanencia en Palacio.<\/p>\n<div class=\"c-detail__box \">\n<article class=\"c-detail__sumario \">\n<figure class=\"c-detail__sumario__thumb\" style=\"display: block;\">\n            <a href=\"#\" title=\"\">\n                <picture data-size=\"w:140,h:140\" loading=\"lazy\" src=\"https:\/\/imagenes.hoy.com.do\/files\/related_image\/files\/fp\/uploads\/2026\/08\/23\/6a8ba31472782.r_d.562-315.png\" data-full-src=\"https:\/\/imagenes.hoy.com.do\/uploads\/2026\/08\/23\/6a8ba31472782.png\">\n                    <img loading=\"lazy\" decoding=\"async\" width=\"140\" height=\"140\" alt=\"Ilustraci\u00f3n\" src=\"https:\/\/imagenes.hoy.com.do\/uploads\/2026\/08\/23\/6a8ba31472782.png\"\/>\n                <\/picture>\n            <\/a><br \/>\n        <\/figure>\n<\/article>\n<\/div>\n<\/div>\n","protected":false},"excerpt":{"rendered":"El lunes recuper\u00f3 el esplendor perdido. Con horario distinto \u201cLA Agenda Semanal\u201d&hellip;\n","protected":false},"author":1,"featured_media":65466,"comment_status":"open","ping_status":"open","sticky":false,"template":"","format":"standard","meta":{"footnotes":""},"categories":[3],"tags":[],"class_list":["post-66316","post","type-post","status-publish","format-standard","has-post-thumbnail","category-internacionales"],"_links":{"self":[{"href":"https:\/\/acronoticias.com\/index.php\/wp-json\/wp\/v2\/posts\/66316","targetHints":{"allow":["GET"]}}],"collection":[{"href":"https:\/\/acronoticias.com\/index.php\/wp-json\/wp\/v2\/posts"}],"about":[{"href":"https:\/\/acronoticias.com\/index.php\/wp-json\/wp\/v2\/types\/post"}],"author":[{"embeddable":true,"href":"https:\/\/acronoticias.com\/index.php\/wp-json\/wp\/v2\/users\/1"}],"replies":[{"embeddable":true,"href":"https:\/\/acronoticias.com\/index.php\/wp-json\/wp\/v2\/comments?post=66316"}],"version-history":[{"count":0,"href":"https:\/\/acronoticias.com\/index.php\/wp-json\/wp\/v2\/posts\/66316\/revisions"}],"wp:featuredmedia":[{"embeddable":true,"href":"https:\/\/acronoticias.com\/index.php\/wp-json\/wp\/v2\/media\/65466"}],"wp:attachment":[{"href":"https:\/\/acronoticias.com\/index.php\/wp-json\/wp\/v2\/media?parent=66316"}],"wp:term":[{"taxonomy":"category","embeddable":true,"href":"https:\/\/acronoticias.com\/index.php\/wp-json\/wp\/v2\/categories?post=66316"},{"taxonomy":"post_tag","embeddable":true,"href":"https:\/\/acronoticias.com\/index.php\/wp-json\/wp\/v2\/tags?post=66316"}],"curies":[{"name":"wp","href":"https:\/\/api.w.org\/{rel}","templated":true}]}}