{"id":66304,"date":"2026-08-31T03:33:40","date_gmt":"2026-08-31T03:33:40","guid":{"rendered":"https:\/\/acronoticias.com\/index.php\/2026\/08\/31\/museo-nacional-de-historia-y-geografia-anuncia-agenda-de-conferencias-para-agosto-y-septiembre\/"},"modified":"2026-08-31T03:33:40","modified_gmt":"2026-08-31T03:33:40","slug":"museo-nacional-de-historia-y-geografia-anuncia-agenda-de-conferencias-para-agosto-y-septiembre","status":"publish","type":"post","link":"https:\/\/acronoticias.com\/index.php\/2026\/08\/31\/museo-nacional-de-historia-y-geografia-anuncia-agenda-de-conferencias-para-agosto-y-septiembre\/","title":{"rendered":"Museo Nacional de Historia y Geograf\u00eda anuncia agenda de conferencias para agosto y septiembre"},"content":{"rendered":"<div>\n<div class=\"c-detail__author full\">\n<div>\n<div class=\"c-detail__author__thumb\">\n<figure>\n                                <picture src=\"https:\/\/imagenes.hoy.com.do\/files\/image_square_xs\/uploads\/2025\/11\/10\/6911b3b5d935b.png\" data-size=\"w:40,h:40\">\n                                    <img decoding=\"async\" loading=\"lazy\" alt=\"Hoy .\" width=\"40\" height=\"40\" src=\"https:\/\/imagenes.hoy.com.do\/files\/image_square_xs\/uploads\/2025\/11\/10\/6911b3b5d935b.png\"\/>\n                                <\/picture>\n                                <\/figure>\n<\/div>\n<\/div>\n<\/div>\n<p>                                                                                            <!-- --><\/p>\n<p class=\"paragraph\">El Museo Nacional de Historia y Geograf\u00eda (<a href=\"https:\/\/x.com\/PeriodicoHoy\">MNHG<\/a>) desarrollar\u00e1 durante los meses de agosto y septiembre una amplia programaci\u00f3n educativa mediante conferencias, encuentros de divulgaci\u00f3n hist\u00f3rica y la puesta en circulaci\u00f3n de una nueva publicaci\u00f3n institucional.<\/p>\n<p class=\"paragraph\">La programaci\u00f3n comenzar\u00e1 este jueves 27 de agosto, a las 11:00 de la ma\u00f1ana, con la conferencia \u201cEl Combate de Tortuguero, la Invasi\u00f3n Penn y Venables y la Batalla de la Sabana de Puerto Real\u201d, a cargo del vicealmirante e investigador de historia militar Edmundo F\u00e9lix Pimentel.<\/p>\n<p class=\"paragraph\">Continuar\u00e1 el jueves 3 de septiembre, a las 11:00 de la ma\u00f1ana, en la Sala de Conferencias Vetilio Alfau Dur\u00e1n, con la conferencia \u201cFin de la Guerra de Abril y la Batalla de Matum\u201d, a cargo de William Bill Wall, economista y hu\u00e9sped del Hotel Matum durante los acontecimientos relacionados con ese episodio de la historia contempor\u00e1nea dominicana.<\/p>\n<p class=\"paragraph\">Uno de los momentos centrales de la programaci\u00f3n ser\u00e1 la puesta en circulaci\u00f3n del libro \u201cConferencias del MNHG\u201d, prevista para el mi\u00e9rcoles 9 de septiembre, a las 11:00 de la ma\u00f1ana, en las instalaciones del museo.<\/p>\n<p class=\"paragraph\">La publicaci\u00f3n constituye un aporte a la preservaci\u00f3n y divulgaci\u00f3n del conocimiento hist\u00f3rico generado en el marco de las actividades acad\u00e9micas desarrolladas por la instituci\u00f3n. El acto estar\u00e1 encabezado por el director del Museo Nacional de Historia y Geograf\u00eda, el historiador Jos\u00e9 G. Guerrero S\u00e1nchez.<\/p>\n<p class=\"paragraph\">La programaci\u00f3n tendr\u00e1 continuidad el jueves 17 de septiembre, con la conferencia \u201cEl secuestro de Gal\u00edndez no fue como nos lo contaron: sus verdaderos autores\u201d, a cargo del escritor Aquiles Juli\u00e1n, quien abordar\u00e1 uno de los episodios m\u00e1s controversiales de la historia pol\u00edtica dominicana del siglo XX.<\/p>\n<p class=\"paragraph\">Las actividades est\u00e1n dirigidas a estudiantes, investigadores, historiadores, docentes y p\u00fablico general interesado en la historia, como parte de la labor educativa y de divulgaci\u00f3n que desarrolla el museo.<\/p>\n<p class=\"paragraph\">El Museo Nacional de Historia y Geograf\u00eda (MNHG) est\u00e1 ubicado en la Plaza de la Cultura Juan Pablo Duarte, en Santo Domingo. Para m\u00e1s informaci\u00f3n pueden acceder a su perfil de Instagram: @museohistoriaygeografiard o comunicarse al 809 687 6452.<\/p>\n<div class=\"c-detail__box \">\n<article class=\"c-detail__sumario \">\n<figure class=\"c-detail__sumario__thumb\" style=\"display: block;\">\n            <a href=\"#\" title=\"\">\n                <picture data-size=\"w:140,h:140\" loading=\"lazy\" src=\"https:\/\/imagenes.hoy.com.do\/files\/related_image\/files\/fp\/uploads\/2026\/08\/30\/6a94960940e72.r_d.679-588.png\" data-full-src=\"https:\/\/imagenes.hoy.com.do\/uploads\/2026\/08\/30\/6a94960940e72.png\">\n                    <img loading=\"lazy\" decoding=\"async\" width=\"140\" height=\"140\" alt=\"Edmundo F\u00e9lix Pimentel, Joan Ferrer, Jos\u00e9 G. Guerrero S\u00e1nchez y Sigfrido Pared P\u00e9rez.\" src=\"https:\/\/imagenes.hoy.com.do\/uploads\/2026\/08\/30\/6a94960940e72.png\"\/>\n                <\/picture>\n            <\/a><br \/>\n        <\/figure>\n<\/article>\n<\/div><\/div>\n","protected":false},"excerpt":{"rendered":"El Museo Nacional de Historia y Geograf\u00eda (MNHG) desarrollar\u00e1 durante los meses&hellip;\n","protected":false},"author":1,"featured_media":66305,"comment_status":"open","ping_status":"open","sticky":false,"template":"","format":"standard","meta":{"footnotes":""},"categories":[3],"tags":[],"class_list":["post-66304","post","type-post","status-publish","format-standard","has-post-thumbnail","category-internacionales"],"_links":{"self":[{"href":"https:\/\/acronoticias.com\/index.php\/wp-json\/wp\/v2\/posts\/66304","targetHints":{"allow":["GET"]}}],"collection":[{"href":"https:\/\/acronoticias.com\/index.php\/wp-json\/wp\/v2\/posts"}],"about":[{"href":"https:\/\/acronoticias.com\/index.php\/wp-json\/wp\/v2\/types\/post"}],"author":[{"embeddable":true,"href":"https:\/\/acronoticias.com\/index.php\/wp-json\/wp\/v2\/users\/1"}],"replies":[{"embeddable":true,"href":"https:\/\/acronoticias.com\/index.php\/wp-json\/wp\/v2\/comments?post=66304"}],"version-history":[{"count":0,"href":"https:\/\/acronoticias.com\/index.php\/wp-json\/wp\/v2\/posts\/66304\/revisions"}],"wp:featuredmedia":[{"embeddable":true,"href":"https:\/\/acronoticias.com\/index.php\/wp-json\/wp\/v2\/media\/66305"}],"wp:attachment":[{"href":"https:\/\/acronoticias.com\/index.php\/wp-json\/wp\/v2\/media?parent=66304"}],"wp:term":[{"taxonomy":"category","embeddable":true,"href":"https:\/\/acronoticias.com\/index.php\/wp-json\/wp\/v2\/categories?post=66304"},{"taxonomy":"post_tag","embeddable":true,"href":"https:\/\/acronoticias.com\/index.php\/wp-json\/wp\/v2\/tags?post=66304"}],"curies":[{"name":"wp","href":"https:\/\/api.w.org\/{rel}","templated":true}]}}