{"id":66302,"date":"2026-08-31T03:26:41","date_gmt":"2026-08-31T03:26:41","guid":{"rendered":"https:\/\/acronoticias.com\/index.php\/2026\/08\/31\/economista-advierte-que-reforma-a-la-seguridad-social-no-debe-ser-estetica-sino-integral\/"},"modified":"2026-08-31T03:26:41","modified_gmt":"2026-08-31T03:26:41","slug":"economista-advierte-que-reforma-a-la-seguridad-social-no-debe-ser-estetica-sino-integral","status":"publish","type":"post","link":"https:\/\/acronoticias.com\/index.php\/2026\/08\/31\/economista-advierte-que-reforma-a-la-seguridad-social-no-debe-ser-estetica-sino-integral\/","title":{"rendered":"Economista advierte que reforma a la Seguridad Social no debe ser est\u00e9tica, sino integral"},"content":{"rendered":"<p><img loading=\"lazy\" decoding=\"async\" width=\"355\" height=\"200\" src=\"https:\/\/nuevodiario-assets.s3.us-east-2.amazonaws.com\/wp-content\/uploads\/2026\/08\/rd-debbate-146-355x200.jpg\" class=\"webfeedsFeaturedVisual wp-post-image\" alt=\"\" style=\"display: block;margin-bottom: 5px;clear:both;max-width: 100%\" \/><\/p>\n<p>EL NUEVO DIARIO, SANTO DOMINGO.- \u00a0El economista Juan Manuel Sontag llam\u00f3 a que la discusi\u00f3n sobre una eventual reforma de la Ley de Seguridad Social se realice a partir de un diagn\u00f3stico profundo del sistema.<\/p>\n<p>Sontag advirti\u00f3 que el pa\u00eds no debe repetir la pr\u00e1ctica de impulsar reformas r\u00e1pidas o superficiales y sostuvo que, aunque es necesario preservar los avances alcanzados, tambi\u00e9n se deben atender las \u00e1reas que han quedado pendientes.<\/p>\n<p>\u201cNo debemos permitir una reforma f\u00e1cil para maquillar el sistema\u201d, afirm\u00f3 el economista, al plantear que el proceso debe orientarse a construir un modelo m\u00e1s sostenible y solidario, acorde con las condiciones actuales del pa\u00eds.<\/p>\n<p>En ese sentido, se\u00f1al\u00f3 que uno de los principales problemas es que el sistema no ha sido implementado en su totalidad. Explic\u00f3 que, aunque su puesta en marcha comenz\u00f3 con importantes avances, posteriormente la ejecuci\u00f3n de algunas pol\u00edticas se ralentiz\u00f3.<\/p>\n<p>Durante su participaci\u00f3n en el segundo segmento de \u201cRD Debate 2026\u201d, el economista destac\u00f3 como una de sus principales propuestas buscar mecanismos que permitan incorporar de manera adecuada a quienes generan ingresos, pero no cotizan actualmente a trav\u00e9s de la Tesorer\u00eda de la Seguridad Social.<\/p>\n<p>\u201cNuestro sistema est\u00e1 muy basado en las cotizaciones de la formalidad\u201d, sostuvo.<\/p>\n<p><strong>Atenci\u00f3n primaria y sostenibilidad<\/strong><\/p>\n<p>En materia de salud, Sontag consider\u00f3 que una de las principales debilidades del sistema es la ausencia de una puerta de entrada efectiva mediante la atenci\u00f3n primaria.<\/p>\n<p>Explic\u00f3 que esta situaci\u00f3n provoca que pacientes con enfermedades comunes puedan acudir directamente a especialistas, lo que incrementa los costos del sistema y puede generar copagos para los afiliados.<\/p>\n<p><strong>Cobertura de SeNaSa no debe medirse solo por afiliaci\u00f3n<\/strong><\/p>\n<p>Sobre la situaci\u00f3n del Seguro Nacional de Salud (<strong>SeNaSa)<\/strong>, el economista consider\u00f3 que el aumento de la cobertura nominal registrado durante los \u00faltimos a\u00f1os debe ser analizado tambi\u00e9n desde la perspectiva de la cobertura real y la calidad de los servicios.<\/p>\n<p>Se\u00f1al\u00f3 que todav\u00eda existen copagos y un importante gasto de bolsillo de las familias destinado a salud, lo que dificulta que una parte de la poblaci\u00f3n se sienta plenamente satisfecha con los servicios que recibe.<\/p>\n<p>Otro de los puntos abordados por el economista fue la integraci\u00f3n vertical en el sistema de salud, sobre la cual pidi\u00f3 especial cautela.<\/p>\n<p>Reconoci\u00f3 que existen experiencias internacionales en las que un mismo grupo administra diferentes niveles del sistema, incluyendo la prestaci\u00f3n de servicios, la administraci\u00f3n del riesgo y el manejo de bases de datos, y que esto puede generar determinadas eficiencias.<\/p>\n<p>Sin embargo, advirti\u00f3 que tambi\u00e9n deben analizarse los incentivos que genera este modelo cuando quien administra el riesgo es, al mismo tiempo, quien presta y paga los servicios m\u00e9dicos.<\/p>\n<p>Sontag sostuvo que la situaci\u00f3n de SeNaSa debe servir como aprendizaje dentro del actual debate sobre la reforma del sistema y llam\u00f3 a evitar que un caso particular sea utilizado para justificar cambios sin analizar sus consecuencias a largo plazo.<\/p>\n<p><strong>Inmigraci\u00f3n y presi\u00f3n sobre las finanzas p\u00fablicas<\/strong><\/p>\n<p>En cuanto a la relaci\u00f3n entre inmigraci\u00f3n y Seguridad Social, Sontag consider\u00f3 que se trata de un problema serio que debe ser abordado con responsabilidad, especialmente por sus implicaciones para las finanzas p\u00fablicas.<\/p>\n<p>Defendi\u00f3 que el derecho a la salud debe mantenerse, particularmente en los servicios de emergencia, donde la prioridad es atender a una persona cuya vida se encuentra en peligro, independientemente de que inicialmente no se conozca su nacionalidad.<\/p>\n<p>No obstante, plante\u00f3 que el sistema sanitario no puede utilizarse para encubrir situaciones de ilegalidad y sostuvo que, cuando se presentan determinados casos, los centros de salud deben informar a las autoridades correspondientes.<\/p>\n<p><strong>Edad de retiro<\/strong><\/p>\n<p>En materia de pensiones, Sontag plante\u00f3 la necesidad de que la sociedad dominicana se sincere sobre la edad a la que realmente considera razonable retirarse.<\/p>\n<p>Se\u00f1al\u00f3 que existe resistencia a la idea de pensionarse a una edad avanzada, pero que en la pr\u00e1ctica muchas personas contin\u00faan trabajando hasta edades superiores antes de acceder a los beneficios.<\/p>\n<p>Consider\u00f3 que el debate debe tomar en cuenta los dos par\u00e1metros fundamentales del sistema: edad de retiro y tiempo de cotizaci\u00f3n, y se inclin\u00f3 por una modificaci\u00f3n gradual de la edad de pensi\u00f3n.<\/p>\n<p>Ofreci\u00f3 sus declaraciones durante su participaci\u00f3n en \u201cRD Debate 2026\u00bb, organizado por El Nuevo Diario y el Consejo de Desarrollo Econ\u00f3mico, Social de Santo Domingo (CODESSD), bajo la conducci\u00f3n de Jaime Rinc\u00f3n, V\u00edctor G\u00f3mez Casanova y como invitado especial Felipe Vallejo, transmitido en vivo a trav\u00e9s de una amplia cadena de medios de comunicaci\u00f3n desde los estudios de Radio Televisi\u00f3n Dominicana (RTVD), as\u00ed como El Nuevo Diario TV, Quisqueya FM 96.1, 98.5 FM, Dominicana FM, Canal 6, El Avance, Diario del Pa\u00eds, Cachicha, Canal Am\u00e9rica, El Dem\u00f3crata, Empresas Radiof\u00f3nicas, Segunda fila, Feed Post, Fidelity 94.1, Hilando Fino TV, De \u00daltimo Minuto, Multimedios Boca Chica, Ride Media, RD Debate, Televisi\u00f3n del Este, E3 Noticias, Tercera fila, FAIA Media, Punta Cana Hits, El Shot, Carivisi\u00f3n, RTVD 14, Su Mundo TV, Az\u00facar 89.1 FM, Pincel Digital, Quantum Ads, Cuarta fila, RD al Descubierto, Reconocidos, El Pregomero, Recurso 13-8, RC Noticias, Sigmaster, Trukamelo Digital, Vegateve Canal 12 La Vega y la Z101<\/p>\n<p>La entrada <a href=\"https:\/\/elnuevodiario.com.do\/economista-advierte-que-reforma-a-la-seguridad-social-no-debe-ser-estetica-sino-integral\/\">Economista advierte que reforma a la Seguridad Social no debe ser est\u00e9tica, sino integral<\/a> se public\u00f3 primero en <a href=\"https:\/\/elnuevodiario.com.do\">El Nuevo Diario (Rep\u00fablica Dominicana)<\/a>.<\/p>\n","protected":false},"excerpt":{"rendered":"EL NUEVO DIARIO, SANTO DOMINGO.- \u00a0El economista Juan Manuel Sontag llam\u00f3 a&hellip;\n","protected":false},"author":1,"featured_media":66303,"comment_status":"open","ping_status":"open","sticky":false,"template":"","format":"standard","meta":{"footnotes":""},"categories":[1],"tags":[],"class_list":["post-66302","post","type-post","status-publish","format-standard","has-post-thumbnail","category-nacionales"],"_links":{"self":[{"href":"https:\/\/acronoticias.com\/index.php\/wp-json\/wp\/v2\/posts\/66302","targetHints":{"allow":["GET"]}}],"collection":[{"href":"https:\/\/acronoticias.com\/index.php\/wp-json\/wp\/v2\/posts"}],"about":[{"href":"https:\/\/acronoticias.com\/index.php\/wp-json\/wp\/v2\/types\/post"}],"author":[{"embeddable":true,"href":"https:\/\/acronoticias.com\/index.php\/wp-json\/wp\/v2\/users\/1"}],"replies":[{"embeddable":true,"href":"https:\/\/acronoticias.com\/index.php\/wp-json\/wp\/v2\/comments?post=66302"}],"version-history":[{"count":0,"href":"https:\/\/acronoticias.com\/index.php\/wp-json\/wp\/v2\/posts\/66302\/revisions"}],"wp:featuredmedia":[{"embeddable":true,"href":"https:\/\/acronoticias.com\/index.php\/wp-json\/wp\/v2\/media\/66303"}],"wp:attachment":[{"href":"https:\/\/acronoticias.com\/index.php\/wp-json\/wp\/v2\/media?parent=66302"}],"wp:term":[{"taxonomy":"category","embeddable":true,"href":"https:\/\/acronoticias.com\/index.php\/wp-json\/wp\/v2\/categories?post=66302"},{"taxonomy":"post_tag","embeddable":true,"href":"https:\/\/acronoticias.com\/index.php\/wp-json\/wp\/v2\/tags?post=66302"}],"curies":[{"name":"wp","href":"https:\/\/api.w.org\/{rel}","templated":true}]}}