{"id":66296,"date":"2026-08-31T02:39:18","date_gmt":"2026-08-31T02:39:18","guid":{"rendered":"https:\/\/acronoticias.com\/index.php\/2026\/08\/31\/nelsida-marmolejos-cuestiona-al-cnss-y-reclama-reforma-centrada-en-los-afiliados\/"},"modified":"2026-08-31T02:39:18","modified_gmt":"2026-08-31T02:39:18","slug":"nelsida-marmolejos-cuestiona-al-cnss-y-reclama-reforma-centrada-en-los-afiliados","status":"publish","type":"post","link":"https:\/\/acronoticias.com\/index.php\/2026\/08\/31\/nelsida-marmolejos-cuestiona-al-cnss-y-reclama-reforma-centrada-en-los-afiliados\/","title":{"rendered":"N\u00e9lsida Marmolejos cuestiona al CNSS y reclama reforma centrada en los afiliados"},"content":{"rendered":"<p><img loading=\"lazy\" decoding=\"async\" width=\"355\" height=\"200\" src=\"https:\/\/nuevodiario-assets.s3.us-east-2.amazonaws.com\/wp-content\/uploads\/2026\/08\/Captura-de-pantalla-2026-08-30-223405-355x200.jpg\" class=\"webfeedsFeaturedVisual wp-post-image\" alt=\"\" style=\"display: block;margin-bottom: 5px;clear:both;max-width: 100%\" \/><\/p>\n<p>EL NUEVO DIARIO, SANTO DOMINGO. \u2013 La especialista en Seguridad Social N\u00e9lsida Marmolejos cuestion\u00f3 el funcionamiento del Consejo Nacional de Seguridad Social (CNSS) y advirti\u00f3 que las decisiones adoptadas por el organismo deben responder prioritariamente a los derechos e intereses de los afiliados, al tiempo que reclam\u00f3 mayor transparencia, supervisi\u00f3n y una reforma integral del sistema.<\/p>\n<p>Durante un debate sobre los desaf\u00edos del Sistema Dominicano de Seguridad Social (SDSS), Marmolejos sostuvo que uno de los principales problemas radica en que los representantes de los distintos sectores que participan en el CNSS no siempre ejercen con firmeza la responsabilidad de defender a quienes representan.<\/p>\n<p>A su juicio, esta situaci\u00f3n termina debilitando la representaci\u00f3n de los afiliados y puede favorecer decisiones que respondan m\u00e1s a los intereses econ\u00f3micos de determinados sectores que a las necesidades de los trabajadores, pensionados y usuarios del sistema.<\/p>\n<p>\u201cEn el Consejo se legisla para los due\u00f1os de las ARS, para los due\u00f1os de las AFP, para los due\u00f1os de quien tiene el capital. Hablando muy claro y llano: menos para los afiliados\u201d, sostuvo.<\/p>\n<p>Reclama transparencia y democratizaci\u00f3n del CNSS<\/p>\n<p>Marmolejos consider\u00f3 necesario someter el funcionamiento del Consejo Nacional de Seguridad Social a mayores niveles de transparencia, supervisi\u00f3n y rendici\u00f3n de cuentas, debido al impacto que sus decisiones tienen sobre millones de afiliados.<\/p>\n<p>En ese sentido, llam\u00f3 a fortalecer la participaci\u00f3n ciudadana y a empoderar a las organizaciones que representan a trabajadores, pensionados y afiliados para que puedan incidir de manera efectiva en las decisiones del sistema.<\/p>\n<p>\u201cCon estos debates que se hacen aqu\u00ed tiene que haber un empoderamiento para democratizar, para que las cosas cambien\u201d, concluy\u00f3.<\/p>\n<p>Cuestiona manejo de SeNaSa<\/p>\n<p>La especialista tambi\u00e9n expres\u00f3 preocupaci\u00f3n por la situaci\u00f3n registrada en el Seguro Nacional de Salud (SeNaSa) y cuestion\u00f3 las explicaciones relacionadas con el manejo de recursos de la instituci\u00f3n.<\/p>\n<p>Calific\u00f3 lo ocurrido como una muestra de \u201cfalta de responsabilidad dirigencial\u201d, deficiencias gerenciales y decisiones que, a su juicio, evidencian una administraci\u00f3n inadecuada.<\/p>\n<p>\u201cLo que pas\u00f3 en SeNaSa sencillamente fue un acto de falta de responsabilidad dirigencial, de falta de gerencia y de mala administraci\u00f3n\u201d, afirm\u00f3.<\/p>\n<p>Marmolejos rechaz\u00f3 que el episodio pueda ser explicado simplemente como un pr\u00e9stamo y consider\u00f3 que detr\u00e1s de la situaci\u00f3n existi\u00f3 una gesti\u00f3n que calific\u00f3 de imprudente desde el punto de vista gerencial y operativo.<\/p>\n<p>\u201cEs muy alegre decir que lo que hubo fue un pr\u00e9stamo, cuando nosotros sabemos que lo que hubo fue una mala gesti\u00f3n y hubo un acto imprudente desde el punto de vista gerencial en la operatividad de SeNaSa\u201d, expres\u00f3.<\/p>\n<p>La especialista llam\u00f3 adem\u00e1s a la ciudadan\u00eda a mantenerse vigilante sobre el manejo de las instituciones que administran recursos p\u00fablicos y fondos provenientes de los propios ciudadanos.<\/p>\n<p>\u201cNosotros como dominicanos debemos estar siempre velando porque las instituciones que son del pueblo, que se nutren con fondos p\u00fablicos y con fondos del pueblo, realmente sean respetadas y su quehacer siempre sea transparente\u201d, sostuvo.<\/p>\n<p>Denuncian incumplimientos en cobertura de salud<\/p>\n<p>Durante el debate tambi\u00e9n fueron cuestionadas las limitaciones de cobertura existentes dentro del Sistema Dominicano de Seguridad Social y el incumplimiento de disposiciones contempladas en la Ley 87-01.<\/p>\n<p>Uno de los participantes explic\u00f3 que desde la implementaci\u00f3n del sistema se estableci\u00f3 un Plan de Servicios de Salud que deb\u00eda ser revisado posteriormente para adecuarlo a las necesidades de la poblaci\u00f3n, pero consider\u00f3 que ese proceso no se desarroll\u00f3 conforme a lo previsto.<\/p>\n<p>Entre los principales temas pendientes mencion\u00f3 la atenci\u00f3n primaria, considerada fundamental para prevenir enfermedades y reducir los costos que posteriormente debe asumir el sistema.<\/p>\n<p>Tambi\u00e9n se se\u00f1al\u00f3 como pendiente la protecci\u00f3n prevista para los pensionados dentro del Seguro Familiar de Salud.<\/p>\n<p>Los participantes reclamaron que los derechos establecidos en la legislaci\u00f3n se traduzcan efectivamente en servicios para los afiliados y cuestionaron que determinadas deficiencias administrativas terminen limitando las prestaciones.<\/p>\n<p>Piden utilizar facultades para sancionar a las ARS<\/p>\n<p>Otro de los cuestionamientos estuvo dirigido a la falta de aplicaci\u00f3n efectiva de las herramientas que establece la legislaci\u00f3n para sancionar a los actores que incumplan las normas.<\/p>\n<p>Durante la discusi\u00f3n se record\u00f3 que las instituciones responsables del sistema cuentan actualmente con presupuesto y personalidad jur\u00eddica, lo que les permite actuar frente al Consejo Nacional de Seguridad Social, las ARS y otras entidades que violen las disposiciones legales.<\/p>\n<p>\u201cEn estos momentos la instituci\u00f3n cuenta con presupuesto, con personalidad jur\u00eddica para someter al Consejo, para someter a las ARS, para someter a cualquier instituci\u00f3n que viole la ley\u201d, se afirm\u00f3.<\/p>\n<p>Sin embargo, se cuestion\u00f3 que estas facultades no siempre sean utilizadas con la firmeza necesaria.<\/p>\n<p>En ese sentido, reclam\u00f3 fortalecer la capacidad de supervisi\u00f3n y establecer un verdadero r\u00e9gimen de consecuencias para quienes incumplan las disposiciones que protegen a los afiliados.<\/p>\n<p>Reclaman incluir la salud mental en el Plan B\u00e1sico de Salud<\/p>\n<p>La salud mental tambi\u00e9n fue colocada entre las prioridades de una eventual reforma del sistema.<\/p>\n<p>Durante el debate se advirti\u00f3 sobre el aumento de los problemas de salud mental en la sociedad y se cuestion\u00f3 que estos servicios no cuenten con una cobertura suficiente dentro del Plan B\u00e1sico de Salud.<\/p>\n<p>\u201cUno de los problemas m\u00e1s graves que tenemos nosotros en el pa\u00eds, que existe actualmente en la sociedad de hoy, son los problemas mentales\u201d, afirm\u00f3 un participante.<\/p>\n<p>En consecuencia, se reclam\u00f3 a las autoridades incorporar de manera efectiva la salud mental a las prestaciones garantizadas por la Seguridad Social, con el objetivo de facilitar el acceso de los ciudadanos a medicamentos, consultas y tratamientos especializados.<\/p>\n<p>Cuestionan el uso del veto en defensa de trabajadores y pensionados<\/p>\n<p>El funcionamiento del mecanismo de veto dentro del CNSS tambi\u00e9n fue objeto de cuestionamientos.<\/p>\n<p>Una de las participantes sostuvo que los representantes de los trabajadores cuentan con herramientas institucionales para defender los derechos de sus afiliados y pensionados, pero consider\u00f3 que estas no siempre son utilizadas.<\/p>\n<p>\u201c\u00bfUstedes creen que es posible que no haya seguro de salud para los pensionados, estando los trabajadores sentados ah\u00ed?\u201d, cuestion\u00f3.<\/p>\n<p>Consider\u00f3 que los representantes deben asumir con mayor responsabilidad su papel y utilizar los mecanismos disponibles para evitar que decisiones relacionadas con recursos y cobertura terminen perjudicando a los afiliados.<\/p>\n<p>Abogan por regular la mano de obra migrante<\/p>\n<p>El debate tambi\u00e9n incluy\u00f3 el impacto de la migraci\u00f3n sobre el mercado laboral y la Seguridad Social.<\/p>\n<p>Al mismo tiempo, durante la discusi\u00f3n se plante\u00f3 que los trabajadores migrantes que se encuentren regularizados y cuenten con contratos de trabajo deben tener acceso a los derechos laborales y de Seguridad Social que les correspondan conforme al marco jur\u00eddico vigente.<\/p>\n<p>\u00a0<\/p>\n<p>\u00a0<\/p>\n<p>Tambi\u00e9n se reclam\u00f3 mayor vigilancia sobre los empleadores para evitar la contrataci\u00f3n irregular y el incumplimiento de obligaciones laborales.<\/p>\n<p>Advierten que una reforma no debe reducir derechos<\/p>\n<p>Aunque los participantes coincidieron en la necesidad de actualizar la Ley 87-01, tambi\u00e9n surgi\u00f3 una advertencia sobre los riesgos de una modificaci\u00f3n legislativa que pueda significar un retroceso en materia de derechos.<\/p>\n<p>N\u00e9lsida Marmolejos manifest\u00f3 preocupaci\u00f3n por algunas propuestas de reforma y consider\u00f3 que antes de crear nuevas disposiciones debe garantizarse el cumplimiento de los derechos que ya contempla la legislaci\u00f3n.<\/p>\n<p>Asimismo, reclam\u00f3 una reforma estructural del r\u00e9gimen de pensiones para garantizar prestaciones dignas a los trabajadores.<\/p>\n<p>\u201cEn materia de pensi\u00f3n tiene que haber una reforma estructural completa, porque ahora es un embudo: para el manejo del riesgo tiene mucho y para pagar las prestaciones tiene poco\u201d, explic\u00f3.<\/p>\n<p>Asimismo, advirti\u00f3 que cualquier reforma debe preservar los derechos adquiridos y evitar que la modificaci\u00f3n de la legislaci\u00f3n termine reduciendo beneficios, incluyendo la protecci\u00f3n de salud de los pensionados.<\/p>\n<p>Un sistema que coloque al afiliado en el centro<\/p>\n<p>Las posiciones expresadas durante el debate convergieron en la necesidad de revisar de manera integral el funcionamiento del Sistema Dominicano de Seguridad Social, desde la estructura del CNSS hasta el r\u00e9gimen de pensiones, la cobertura sanitaria, el papel de las ARS y la protecci\u00f3n de los afiliados.<\/p>\n<p>Entre las principales demandas figuran mayor transparencia, representaci\u00f3n efectiva de los afiliados, sanciones para quienes violen la ley, reducci\u00f3n de los cobros de bolsillo, inclusi\u00f3n de la salud mental, fortalecimiento de la atenci\u00f3n primaria y una reforma estructural de las pensiones.<\/p>\n<p>Marmolejos y los dem\u00e1s participantes coincidieron en que la discusi\u00f3n sobre el futuro de la Seguridad Social debe colocar al afiliado como eje central y procurar que los recursos y decisiones del sistema se traduzcan en una protecci\u00f3n social efectiva.<\/p>\n<p>El debate se produce cuando la Ley 87-01 se aproxima a sus 25 a\u00f1os de vigencia y aumenta la discusi\u00f3n nacional sobre la necesidad de actualizar el modelo, corregir sus deficiencias y garantizar que los derechos establecidos en la legislaci\u00f3n sean efectivamente disfrutados por los afiliados.<\/p>\n<p>El encuentro fue transmitido en vivo por RTVD, El Nuevo Diario TV y una red integrada por m\u00e1s de 20 medios aliados, lo que permitir\u00e1 que la conversaci\u00f3n llegue simult\u00e1neamente a los ciudadanos dentro y fuera de la Rep\u00fablica Dominicana.<\/p>\n<p>Con esta segunda entrega, \u201cRD Debate 2026\u201d abre una nueva etapa en la comunicaci\u00f3n p\u00fablica en el pa\u00eds en la que las propuestas y los argumentos ocupan el centro de la opini\u00f3n nacional.<\/p>\n<p>Los expertos ofrecieron sus declaraciones durante su participaci\u00f3n en \u201cRD Debate 2026\u00bb, organizado por El Nuevo Diario y el Consejo de Desarrollo Econ\u00f3mico, Social de Santo Domingo (CODESSD), bajo la conducci\u00f3n de Jaime Rinc\u00f3n, V\u00edctor G\u00f3mez Casanova y como invitado especial Felipe Vallejo, transmitido en vivo a trav\u00e9s de una amplia cadena de medios de comunicaci\u00f3n desde los estudios de Radio Televisi\u00f3n Dominicana (RTVD), as\u00ed como El Nuevo Diario TV, Quisqueya FM 96.1, 98.5 FM, Dominicana FM, Canal 6, El Avance, Diario del Pa\u00eds, Cachicha, Canal Am\u00e9rica, El Dem\u00f3crata, Empresas Radiof\u00f3nicas, Segunda fila, Feed Post, Fidelity 94.1, Hilando Fino TV, De \u00daltimo Minuto, Multimedios Boca Chica, Ride Media, RD Debate, Televisi\u00f3n del Este, E3 Noticias, Tercera fila, FAIA Media, Punta Cana Hits, El Shot, Carivisi\u00f3n, RTVD 14, Su Mundo TV, Az\u00facar 89.1 FM, Pincel Digital, Quantum Ads, Cuarta fila, RD al Descubierto, Reconocidos, El Pregomero, Recurso 13-8, RC Noticias, Sigmaster, Trukamelo Digital, Vegateve Canal 12 La Vega y la Z101.<\/p>\n<p>La entrada <a href=\"https:\/\/elnuevodiario.com.do\/nelsida-marmolejos-cuestiona-al-cnss-y-reclama-reforma-centrada-en-los-afiliados\/\">N\u00e9lsida Marmolejos cuestiona al CNSS y reclama reforma centrada en los afiliados<\/a> se public\u00f3 primero en <a href=\"https:\/\/elnuevodiario.com.do\">El Nuevo Diario (Rep\u00fablica Dominicana)<\/a>.<\/p>\n","protected":false},"excerpt":{"rendered":"EL NUEVO DIARIO, SANTO DOMINGO. \u2013 La especialista en Seguridad Social N\u00e9lsida&hellip;\n","protected":false},"author":1,"featured_media":66297,"comment_status":"open","ping_status":"open","sticky":false,"template":"","format":"standard","meta":{"footnotes":""},"categories":[1],"tags":[],"class_list":["post-66296","post","type-post","status-publish","format-standard","has-post-thumbnail","category-nacionales"],"_links":{"self":[{"href":"https:\/\/acronoticias.com\/index.php\/wp-json\/wp\/v2\/posts\/66296","targetHints":{"allow":["GET"]}}],"collection":[{"href":"https:\/\/acronoticias.com\/index.php\/wp-json\/wp\/v2\/posts"}],"about":[{"href":"https:\/\/acronoticias.com\/index.php\/wp-json\/wp\/v2\/types\/post"}],"author":[{"embeddable":true,"href":"https:\/\/acronoticias.com\/index.php\/wp-json\/wp\/v2\/users\/1"}],"replies":[{"embeddable":true,"href":"https:\/\/acronoticias.com\/index.php\/wp-json\/wp\/v2\/comments?post=66296"}],"version-history":[{"count":0,"href":"https:\/\/acronoticias.com\/index.php\/wp-json\/wp\/v2\/posts\/66296\/revisions"}],"wp:featuredmedia":[{"embeddable":true,"href":"https:\/\/acronoticias.com\/index.php\/wp-json\/wp\/v2\/media\/66297"}],"wp:attachment":[{"href":"https:\/\/acronoticias.com\/index.php\/wp-json\/wp\/v2\/media?parent=66296"}],"wp:term":[{"taxonomy":"category","embeddable":true,"href":"https:\/\/acronoticias.com\/index.php\/wp-json\/wp\/v2\/categories?post=66296"},{"taxonomy":"post_tag","embeddable":true,"href":"https:\/\/acronoticias.com\/index.php\/wp-json\/wp\/v2\/tags?post=66296"}],"curies":[{"name":"wp","href":"https:\/\/api.w.org\/{rel}","templated":true}]}}