{"id":66292,"date":"2026-08-31T02:32:38","date_gmt":"2026-08-31T02:32:38","guid":{"rendered":"https:\/\/acronoticias.com\/index.php\/2026\/08\/31\/la-peticion-de-andres-bautista-a-los-partidos-sobre-los-temas-educativos\/"},"modified":"2026-08-31T02:32:38","modified_gmt":"2026-08-31T02:32:38","slug":"la-peticion-de-andres-bautista-a-los-partidos-sobre-los-temas-educativos","status":"publish","type":"post","link":"https:\/\/acronoticias.com\/index.php\/2026\/08\/31\/la-peticion-de-andres-bautista-a-los-partidos-sobre-los-temas-educativos\/","title":{"rendered":"La petici\u00f3n de Andr\u00e9s Bautista a los partidos sobre los temas educativos"},"content":{"rendered":"<div>\n<div class=\"c-detail__author full\">\n<div>\n<div class=\"c-detail__author__thumb\">\n<figure>\n                                <picture src=\"https:\/\/imagenes.hoy.com.do\/files\/image_square_xs\/uploads\/2025\/11\/10\/6911b3b5d935b.png\" data-size=\"w:40,h:40\">\n                                    <img decoding=\"async\" loading=\"lazy\" alt=\"Hoy .\" width=\"40\" height=\"40\" src=\"https:\/\/imagenes.hoy.com.do\/files\/image_square_xs\/uploads\/2025\/11\/10\/6911b3b5d935b.png\"\/>\n                                <\/picture>\n                                <\/figure>\n<\/div>\n<\/div>\n<\/div>\n<p>                                                                                            <!-- --><\/p>\n<p class=\"paragraph\">\u00a0El ministro administrativo de <b>la Presidencia, Andr\u00e9s Bautista, <\/b>pidi\u00f3 a los partidos pol\u00edticos no politicen los temas relacionados con la educaci\u00f3n del pa\u00eds, tras advertir que esta pr\u00e1ctica representa un freno para el desarrollo de la Rep\u00fablica Dominicana.<\/p>\n<p class=\"paragraph\">Dijo que el sistema educativo debe ser tratado como un pilar fundamental de la naci\u00f3n, alejado de intereses partidarios.<\/p>\n<div class=\"c-detail__box \">\n<article class=\"c-detail__sumario \">\n<figure class=\"c-detail__sumario__thumb\" style=\"display: block;\">\n            <a href=\"#\" title=\"\">\n                <picture data-size=\"w:140,h:140\" loading=\"lazy\" src=\"https:\/\/imagenes.hoy.com.do\/files\/related_image\/uploads\/2026\/08\/28\/6a92310778351.jpeg\" data-full-src=\"https:\/\/imagenes.hoy.com.do\/uploads\/2026\/08\/28\/6a92310778351.jpeg\">\n                    <img loading=\"lazy\" decoding=\"async\" width=\"140\" height=\"140\" alt=\"En la Escuela Primaria Malaquias Gil contin\u00faan los  trabajos.  Guillermo Burgos\" src=\"https:\/\/imagenes.hoy.com.do\/uploads\/2026\/08\/28\/6a92310778351.jpeg\"\/>\n                <\/picture>\n            <\/a><br \/>\n        <\/figure>\n<\/article>\n<\/div>\n<p class=\"paragraph\">El funcionario exhort\u00f3 a la clase pol\u00edtica a realizar observaciones basadas en la verdad y de manera constructiva.<\/p>\n<p class=\"paragraph\">Expres\u00f3 que en un pa\u00eds con miles de escuelas siempre habr\u00e1 planteles que requieran intervenci\u00f3n y que el Gobierno ya orden\u00f3 la demolici\u00f3n de aquellas edificaciones que cumplieron su vida \u00fatil y dispuso la reparaci\u00f3n de otras.<\/p>\n<p class=\"paragraph\"><b>Asimismo, subray\u00f3 que el avance educativo de la naci\u00f3n requiere el compromiso de todos los entes sociales, junto a los padres, los profesores y el Estado.<\/b><\/p>\n<p class=\"paragraph\">Reiter\u00f3 que \u201ccuando la educaci\u00f3n se politiza se genera un atraso que toda la sociedad debe superar\u201d.<\/p>\n<p class=\"paragraph\">Las declaraciones se produjeron durante su participaci\u00f3n en el <b>Primer Congreso Jos\u00e9 Francisco Pe\u00f1a G\u00f3mez del Partido Primero la Gente (PPG), que encabeza el senador Antonio Marte.<\/b><\/p>\n<\/p><\/div>\n","protected":false},"excerpt":{"rendered":"\u00a0El ministro administrativo de la Presidencia, Andr\u00e9s Bautista, pidi\u00f3 a los partidos&hellip;\n","protected":false},"author":1,"featured_media":66293,"comment_status":"open","ping_status":"open","sticky":false,"template":"","format":"standard","meta":{"footnotes":""},"categories":[3],"tags":[],"class_list":["post-66292","post","type-post","status-publish","format-standard","has-post-thumbnail","category-internacionales"],"_links":{"self":[{"href":"https:\/\/acronoticias.com\/index.php\/wp-json\/wp\/v2\/posts\/66292","targetHints":{"allow":["GET"]}}],"collection":[{"href":"https:\/\/acronoticias.com\/index.php\/wp-json\/wp\/v2\/posts"}],"about":[{"href":"https:\/\/acronoticias.com\/index.php\/wp-json\/wp\/v2\/types\/post"}],"author":[{"embeddable":true,"href":"https:\/\/acronoticias.com\/index.php\/wp-json\/wp\/v2\/users\/1"}],"replies":[{"embeddable":true,"href":"https:\/\/acronoticias.com\/index.php\/wp-json\/wp\/v2\/comments?post=66292"}],"version-history":[{"count":0,"href":"https:\/\/acronoticias.com\/index.php\/wp-json\/wp\/v2\/posts\/66292\/revisions"}],"wp:featuredmedia":[{"embeddable":true,"href":"https:\/\/acronoticias.com\/index.php\/wp-json\/wp\/v2\/media\/66293"}],"wp:attachment":[{"href":"https:\/\/acronoticias.com\/index.php\/wp-json\/wp\/v2\/media?parent=66292"}],"wp:term":[{"taxonomy":"category","embeddable":true,"href":"https:\/\/acronoticias.com\/index.php\/wp-json\/wp\/v2\/categories?post=66292"},{"taxonomy":"post_tag","embeddable":true,"href":"https:\/\/acronoticias.com\/index.php\/wp-json\/wp\/v2\/tags?post=66292"}],"curies":[{"name":"wp","href":"https:\/\/api.w.org\/{rel}","templated":true}]}}