{"id":66286,"date":"2026-08-31T01:49:50","date_gmt":"2026-08-31T01:49:50","guid":{"rendered":"https:\/\/acronoticias.com\/index.php\/2026\/08\/31\/presidente-abinader-recibe-en-el-palacio-nacional-a-su-homologo-hondureno-nasry-asfura-zablah\/"},"modified":"2026-08-31T01:49:50","modified_gmt":"2026-08-31T01:49:50","slug":"presidente-abinader-recibe-en-el-palacio-nacional-a-su-homologo-hondureno-nasry-asfura-zablah","status":"publish","type":"post","link":"https:\/\/acronoticias.com\/index.php\/2026\/08\/31\/presidente-abinader-recibe-en-el-palacio-nacional-a-su-homologo-hondureno-nasry-asfura-zablah\/","title":{"rendered":"Presidente Abinader recibe en el Palacio Nacional a su hom\u00f3logo hondure\u00f1o Nasry Asfura Zablah"},"content":{"rendered":"<div id=\"mvp-content-main\">\n<p><strong>Santo Domingo.\u2013<\/strong>El presidente de la Rep\u00fablica Dominicana, Luis Abinader, recibi\u00f3 este domingo en el Palacio Nacional a su hom\u00f3logo de Honduras, Nasry Asfura Zablah,\u00a0en una visita oficial al pa\u00eds que servir\u00e1 para fortalecer las\u00a0relaciones bilaterales\u00a0y ampliar los espacios de\u00a0cooperaci\u00f3n\u00a0entre ambas naciones.<\/p>\n<p>El mandatario hondure\u00f1o lleg\u00f3 al Palacio Nacional a las\u00a010:50 de la ma\u00f1ana, donde fue recibido por el director de Ceremonial de Estado y Protocolo, embajador\u00a0Francisco Jos\u00e9 Cantizano Nadal, quien lo condujo ante el presidente Abinader.<\/p>\n<p>Durante el acto se rindieron los\u00a0honores militares correspondientes. La banda de m\u00fasica de la Guardia Presidencial interpret\u00f3\u00a0los himnos de la Rep\u00fablica Dominicana y de la Rep\u00fablica de Honduras, mientras las bater\u00edas dispararon una salva de\u00a021 ca\u00f1onazos.<\/p>\n<figure class=\"wp-block-image size-large\"><a href=\"https:\/\/cdn.ultimasnoticias.com.do\/2026\/08\/image-2-scaled.jpeg\"><img loading=\"lazy\" decoding=\"async\" width=\"1024\" height=\"683\" alt=\"Image 2\" class=\"wp-image-222645 cwvlazyload\" src=\"https:\/\/cdn.ultimasnoticias.com.do\/2026\/08\/image-2-1024x683.jpeg\" srcset=\"https:\/\/cdn.ultimasnoticias.com.do\/2026\/08\/image-2-1024x683.jpeg 1024w, https:\/\/cdn.ultimasnoticias.com.do\/2026\/08\/image-2-300x200.jpeg 300w, https:\/\/cdn.ultimasnoticias.com.do\/2026\/08\/image-2-768x512.jpeg 768w, https:\/\/cdn.ultimasnoticias.com.do\/2026\/08\/image-2-1536x1024.jpeg 1536w, https:\/\/cdn.ultimasnoticias.com.do\/2026\/08\/image-2-2048x1366.jpeg 2048w\" data-sizes=\"(max-width: 1024px) 100vw, 1024px\"\/><\/a><\/figure>\n<p>Terminado el\u00a0pase de revista\u00a0a la Guardia Presidencial, el presidente de Honduras recibi\u00f3 los\u00a0saludos\u00a0de los altos funcionarios que componen la\u00a0comitiva dominicana.<\/p>\n<p>Posteriormente, el presidente Abinader recibi\u00f3 los\u00a0saludos\u00a0de la comitiva oficial que acompa\u00f1a al presidente de Honduras\u00a0y luego ambos jefes de Estado sostuvieron una\u00a0reuni\u00f3n de trabajo\u00a0en uno de los salones del Palacio Nacional.<\/p>\n<p><strong>Delegaci\u00f3n dominicana<\/strong><\/p>\n<p>La Rep\u00fablica Dominicana estuvo representada por una delegaci\u00f3n de alto nivel encabezada por el\u00a0V\u00edctor \u201cIto\u201d Bison\u00f3 Haza,\u00a0ministro de Relaciones Exteriores; el teniente general\u00a0Carlos Antonio Fern\u00e1ndez Onofre, ministro de Defensa, y\u00a0Eduardo Sanz Lovat\u00f3n, ministro de Industria, Comercio y Mipymes.<\/p>\n<figure class=\"wp-block-image size-large\"><a href=\"https:\/\/cdn.ultimasnoticias.com.do\/2026\/08\/image-1.jpeg\"><img loading=\"lazy\" decoding=\"async\" width=\"1024\" height=\"722\" alt=\"Image 1\" class=\"wp-image-222644 cwvlazyload\" src=\"https:\/\/cdn.ultimasnoticias.com.do\/2026\/08\/image-1-1024x722.jpeg\" srcset=\"https:\/\/cdn.ultimasnoticias.com.do\/2026\/08\/image-1-1024x722.jpeg 1024w, https:\/\/cdn.ultimasnoticias.com.do\/2026\/08\/image-1-300x211.jpeg 300w, https:\/\/cdn.ultimasnoticias.com.do\/2026\/08\/image-1-768x541.jpeg 768w, https:\/\/cdn.ultimasnoticias.com.do\/2026\/08\/image-1.jpeg 1280w\" data-sizes=\"auto, (max-width: 1024px) 100vw, 1024px\"\/><\/a><\/figure>\n<p>Adem\u00e1s, el ministro de Deportes,\u00a0Kelvin Cruz; el presidente del Comit\u00e9 Organizador de los XXV Juegos Centroamericanos y del Caribe Santo Domingo 2026,\u00a0Jos\u00e9 Monegro; el presidente de Centro Caribe Sports.\u00a0Luis Mej\u00eda, y Luis Garc\u00eda, embajador de la Rep\u00fablica Dominicana en Honduras.<\/p>\n<p>Tambi\u00e9n, el vocero de la Presidencia de la Rep\u00fablica Dominicana y director de la Direcci\u00f3n de Estrategia y Comunicaci\u00f3n Gubernamental (Diecom),\u00a0F\u00e9lix Reyna; el director de la Direcci\u00f3n de Prensa del Presidente (DPP),\u00a0Carlos Alberto Caminero S\u00e1nchez,\u00a0y el subdirector de la Direcci\u00f3n de Estrategia y Comunicaci\u00f3n Gubernamental (Diecom),\u00a0Abel Guzm\u00e1n.<\/p>\n<p><strong>Delegaci\u00f3n Rep\u00fablica de Honduras<\/strong><\/p>\n<p>La Rep\u00fablica de Honduras estuvo representada por una delegaci\u00f3n oficial encabezada por\u00a0Mireya Ag\u00fcero, secretaria de Estado en los Despachos de Relaciones Exteriores y Cooperaci\u00f3n Internacional;\u00a0Andr\u00e9s Ehrler, secretario de Estado en el Despacho de Turismo, y\u00a0Epaminondas Marinakys, secretario ejecutivo del Consejo Nacional de Inversiones.<\/p>\n<p>De igual modo,\u00a0Ernesto Alfonso Pumpo,\u00a0embajador de Honduras en Rep\u00fablica Dominicana;\u00a0Assunta Emely Garc\u00eda Balletta, asesora del Despacho Ministerial;\u00a0Jos\u00e9 Roberto Mourra Larios, asesor presidencial, y\u00a0Ronald Deras, ministro Clxonsejero de la Embajada de Honduras.<\/p>\n<\/div>\n","protected":false},"excerpt":{"rendered":"Santo Domingo.\u2013El presidente de la Rep\u00fablica Dominicana, Luis Abinader, recibi\u00f3 este domingo&hellip;\n","protected":false},"author":1,"featured_media":66287,"comment_status":"open","ping_status":"open","sticky":false,"template":"","format":"standard","meta":{"footnotes":""},"categories":[1],"tags":[],"class_list":["post-66286","post","type-post","status-publish","format-standard","has-post-thumbnail","category-nacionales"],"_links":{"self":[{"href":"https:\/\/acronoticias.com\/index.php\/wp-json\/wp\/v2\/posts\/66286","targetHints":{"allow":["GET"]}}],"collection":[{"href":"https:\/\/acronoticias.com\/index.php\/wp-json\/wp\/v2\/posts"}],"about":[{"href":"https:\/\/acronoticias.com\/index.php\/wp-json\/wp\/v2\/types\/post"}],"author":[{"embeddable":true,"href":"https:\/\/acronoticias.com\/index.php\/wp-json\/wp\/v2\/users\/1"}],"replies":[{"embeddable":true,"href":"https:\/\/acronoticias.com\/index.php\/wp-json\/wp\/v2\/comments?post=66286"}],"version-history":[{"count":0,"href":"https:\/\/acronoticias.com\/index.php\/wp-json\/wp\/v2\/posts\/66286\/revisions"}],"wp:featuredmedia":[{"embeddable":true,"href":"https:\/\/acronoticias.com\/index.php\/wp-json\/wp\/v2\/media\/66287"}],"wp:attachment":[{"href":"https:\/\/acronoticias.com\/index.php\/wp-json\/wp\/v2\/media?parent=66286"}],"wp:term":[{"taxonomy":"category","embeddable":true,"href":"https:\/\/acronoticias.com\/index.php\/wp-json\/wp\/v2\/categories?post=66286"},{"taxonomy":"post_tag","embeddable":true,"href":"https:\/\/acronoticias.com\/index.php\/wp-json\/wp\/v2\/tags?post=66286"}],"curies":[{"name":"wp","href":"https:\/\/api.w.org\/{rel}","templated":true}]}}