{"id":66282,"date":"2026-08-31T01:33:19","date_gmt":"2026-08-31T01:33:19","guid":{"rendered":"https:\/\/acronoticias.com\/index.php\/2026\/08\/31\/ministerio-de-cultura-clausura-este-festival-2026-con-reconocimiento-a-gestores-culturales\/"},"modified":"2026-08-31T01:33:19","modified_gmt":"2026-08-31T01:33:19","slug":"ministerio-de-cultura-clausura-este-festival-2026-con-reconocimiento-a-gestores-culturales","status":"publish","type":"post","link":"https:\/\/acronoticias.com\/index.php\/2026\/08\/31\/ministerio-de-cultura-clausura-este-festival-2026-con-reconocimiento-a-gestores-culturales\/","title":{"rendered":"Ministerio de Cultura clausura Este Festival 2026 con reconocimiento a gestores culturales"},"content":{"rendered":"<p><strong>HIG\u00dcEY.\u2013<\/strong> El Ministerio de Cultura clausur\u00f3 este s\u00e1bado <strong>Este Festival 2026<\/strong> con un acto en el que fueron reconocidos seis gestores culturales, artistas y representantes del \u00e1mbito art\u00edstico de las provincias de la regi\u00f3n Este por sus aportes a la preservaci\u00f3n y promoci\u00f3n de la cultura dominicana.<\/p>\n<p>La ceremonia fue encabezada por el ministro de Cultura, <strong>Roberto \u00c1ngel Salcedo<\/strong>, quien destac\u00f3 el respaldo del Senado de la Rep\u00fablica a la pol\u00edtica de descentralizaci\u00f3n cultural que impulsa su gesti\u00f3n.<\/p>\n<p>Salcedo resalt\u00f3 la importancia de llevar las oportunidades, los programas y el reconocimiento al sector art\u00edstico y cultural a las distintas regiones del pa\u00eds, como parte de una estrategia orientada a fortalecer la participaci\u00f3n de las comunidades en la vida cultural nacional.<\/p>\n<h2 id=\"senado-reconoce-a-seis-figuras-de-la-region-este\" class=\"wp-block-heading\">Senado reconoce a seis figuras de la regi\u00f3n Este<\/h2>\n<p>Durante el acto de clausura, el Senado de la Rep\u00fablica entreg\u00f3 pergaminos de reconocimiento a seis personalidades de las provincias del Este, en atenci\u00f3n a sus contribuciones a la preservaci\u00f3n, promoci\u00f3n y difusi\u00f3n de las expresiones culturales dominicanas.<\/p>\n<figure class=\"wp-block-image size-full\"><img decoding=\"async\" src=\"https:\/\/multimedia.noticiassin.com\/wp-content\/uploads\/2026\/08\/borrador-automatico-20260831-012702-G3QS.webp\" alt=\"Autoridades posan en escenario del Festival del Este durante acto del Ministerio de Cultura en Rep\u00fablica Dominicana\" class=\"wp-image-2103298\" \/><figcaption class=\"wp-element-caption\">Funcionarios y autoridades durante una actividad del Ministerio de Cultura con el logo del Festival del Este al fondo.<\/figcaption><\/figure>\n<p>Los homenajeados fueron <strong>Crist\u00f3bal Rodr\u00edguez Cede\u00f1o, Eladio Ram\u00edrez \u00abMamerto el Fantasma\u00bb, Juan Pradio Rojas, Luisana Taveras Zapata, Robert Berroa y Luisa Mar\u00eda Ortiz Guzm\u00e1n<\/strong>, vinculados a \u00e1reas como las artes pl\u00e1sticas, la danza, la literatura, la gesti\u00f3n cultural, la educaci\u00f3n y la investigaci\u00f3n.<\/p>\n<p>Las distinciones fueron entregadas por senadores de las respectivas provincias de origen de los homenajeados.<\/p>\n<p>El acto cont\u00f3 con la presencia del presidente del Senado, <strong>Ricardo de los Santos<\/strong>, adem\u00e1s de legisladores, gobernadoras provinciales, autoridades culturales y representantes locales y regionales.<\/p>\n<h3 id=\"tres-dias-de-actividades-culturales\" class=\"wp-block-heading\">Tres d\u00edas de actividades culturales<\/h3>\n<p>Este Festival 2026 concluy\u00f3 luego de tres d\u00edas de exposiciones, presentaciones art\u00edsticas, encuentros y espacios de reflexi\u00f3n dedicados a promover las manifestaciones culturales de la regi\u00f3n Este.<\/p>\n<p>La jornada de clausura finaliz\u00f3 con una presentaci\u00f3n de la <strong>Big Band Dominicana<\/strong>, que puso el cierre musical a la agenda del festival.<\/p>\n<p>Con esta edici\u00f3n, el Ministerio de Cultura reafirm\u00f3 su apuesta por la descentralizaci\u00f3n de las iniciativas culturales y por el reconocimiento de los actores que contribuyen al desarrollo y preservaci\u00f3n del patrimonio art\u00edstico y cultural dominicano desde las distintas provincias del pa\u00eds.<\/p>\n","protected":false},"excerpt":{"rendered":"HIG\u00dcEY.\u2013 El Ministerio de Cultura clausur\u00f3 este s\u00e1bado Este Festival 2026 con&hellip;\n","protected":false},"author":1,"featured_media":66283,"comment_status":"open","ping_status":"open","sticky":false,"template":"","format":"standard","meta":{"footnotes":""},"categories":[1],"tags":[],"class_list":["post-66282","post","type-post","status-publish","format-standard","has-post-thumbnail","category-nacionales"],"_links":{"self":[{"href":"https:\/\/acronoticias.com\/index.php\/wp-json\/wp\/v2\/posts\/66282","targetHints":{"allow":["GET"]}}],"collection":[{"href":"https:\/\/acronoticias.com\/index.php\/wp-json\/wp\/v2\/posts"}],"about":[{"href":"https:\/\/acronoticias.com\/index.php\/wp-json\/wp\/v2\/types\/post"}],"author":[{"embeddable":true,"href":"https:\/\/acronoticias.com\/index.php\/wp-json\/wp\/v2\/users\/1"}],"replies":[{"embeddable":true,"href":"https:\/\/acronoticias.com\/index.php\/wp-json\/wp\/v2\/comments?post=66282"}],"version-history":[{"count":0,"href":"https:\/\/acronoticias.com\/index.php\/wp-json\/wp\/v2\/posts\/66282\/revisions"}],"wp:featuredmedia":[{"embeddable":true,"href":"https:\/\/acronoticias.com\/index.php\/wp-json\/wp\/v2\/media\/66283"}],"wp:attachment":[{"href":"https:\/\/acronoticias.com\/index.php\/wp-json\/wp\/v2\/media?parent=66282"}],"wp:term":[{"taxonomy":"category","embeddable":true,"href":"https:\/\/acronoticias.com\/index.php\/wp-json\/wp\/v2\/categories?post=66282"},{"taxonomy":"post_tag","embeddable":true,"href":"https:\/\/acronoticias.com\/index.php\/wp-json\/wp\/v2\/tags?post=66282"}],"curies":[{"name":"wp","href":"https:\/\/api.w.org\/{rel}","templated":true}]}}