{"id":66280,"date":"2026-08-31T01:31:59","date_gmt":"2026-08-31T01:31:59","guid":{"rendered":"https:\/\/acronoticias.com\/index.php\/2026\/08\/31\/rd-debate-analizo-los-principales-desafios-de-la-seguridad-social-en-republica-dominicana\/"},"modified":"2026-08-31T01:31:59","modified_gmt":"2026-08-31T01:31:59","slug":"rd-debate-analizo-los-principales-desafios-de-la-seguridad-social-en-republica-dominicana","status":"publish","type":"post","link":"https:\/\/acronoticias.com\/index.php\/2026\/08\/31\/rd-debate-analizo-los-principales-desafios-de-la-seguridad-social-en-republica-dominicana\/","title":{"rendered":"RD Debate analiz\u00f3 los principales desaf\u00edos de la seguridad social en Rep\u00fablica Dominicana"},"content":{"rendered":"<div>\n<div class=\"c-detail__author full\">\n<div>\n<div class=\"c-detail__author__thumb\">\n<figure>\n                                <picture src=\"https:\/\/imagenes.hoy.com.do\/files\/image_square_xs\/uploads\/2025\/11\/10\/6911b3b5d935b.png\" data-size=\"w:40,h:40\">\n                                    <img decoding=\"async\" loading=\"lazy\" alt=\"Hoy .\" width=\"40\" height=\"40\" src=\"https:\/\/imagenes.hoy.com.do\/files\/image_square_xs\/uploads\/2025\/11\/10\/6911b3b5d935b.png\"\/>\n                                <\/picture>\n                                <\/figure>\n<\/div>\n<\/div>\n<\/div>\n<p>                                                                                            <!-- --><\/p>\n<p class=\"paragraph\"><b>\u00a0La plataforma RD Debate celebr\u00f3 s<\/b>u segundo episodio, dedicado al an\u00e1lisis de la seguridad social y a los principales desaf\u00edos que enfrenta el sistema dominicano en materia de pensiones, salud, riesgos laborales y protecci\u00f3n de los trabajadores.<\/p>\n<p class=\"paragraph\">En este encuentro participaron <b>El\u00edas B\u00e1ez, Francisco Tav\u00e1rez, Juan Manuel Sontag, Leymi Lora, Nelsida Marmolejos y Rafael Castillo,<\/b> quienes expusieron sus posiciones y propuestas sobre el funcionamiento del Sistema Dominicano de Seguridad Social y las reformas que requiere para garantizar una protecci\u00f3n m\u00e1s justa, eficiente y sostenible.<\/p>\n<p class=\"paragraph\">Durante el debate fueron abordados temas de gran inter\u00e9s nacional, como la suficiencia de las pensiones, la cobertura y calidad de los servicios de salud, el papel de las AFP y las ARS, la situaci\u00f3n de los trabajadores informales y la necesidad de fortalecer la transparencia, supervisi\u00f3n y sostenibilidad del sistema.<\/p>\n<p class=\"paragraph\">Los participantes coincidieron en la importancia de colocar a las personas en el centro de cualquier proceso de reforma, procurando que la seguridad social cumpla efectivamente su prop\u00f3sito de proteger a los ciudadanos ante la vejez, la enfermedad, la discapacidad y los riesgos laborales.<\/p>\n<figure class=\"c-detail__media \"><figcaption class=\"c-detail__media__txt\">\n<p class=\"c-detail__media__subtitle\">\n<p>        <span class=\"c-detail__media__credit \">Samuel Sena, Pdte. CODESSD<\/span><\/p>\n<\/figcaption><\/figure>\n<p class=\"paragraph\">Este segundo episodio permiti\u00f3 que la ciudadan\u00eda conociera y comparara distintas perspectivas sobre uno de los asuntos que m\u00e1s inciden en la calidad de vida y el bienestar de millones de dominicanos.<\/p>\n<p class=\"paragraph\"><b>RD Debate es una iniciativa del Consejo de Desarrollo Econ\u00f3mico y Social de Santo Domingo (CODESSD),<\/b> concebida como un espacio plural, independiente y democr\u00e1tico para promover la discusi\u00f3n de ideas, la presentaci\u00f3n de propuestas y una participaci\u00f3n ciudadana m\u00e1s informada.<\/p>\n<div class=\"c-detail__box \">\n<article class=\"c-detail__sumario \">\n<figure class=\"c-detail__sumario__thumb\" style=\"display: block;\">\n            <a href=\"#\" title=\"\">\n                <picture data-size=\"w:140,h:140\" loading=\"lazy\" src=\"https:\/\/imagenes.hoy.com.do\/files\/related_image\/uploads\/2026\/08\/30\/6a940ce23edea.jpeg\" data-full-src=\"https:\/\/imagenes.hoy.com.do\/uploads\/2026\/08\/30\/6a940ce23edea.jpeg\">\n                    <img loading=\"lazy\" decoding=\"async\" width=\"140\" height=\"140\" alt=\"Fernando Lagares\" src=\"https:\/\/imagenes.hoy.com.do\/uploads\/2026\/08\/30\/6a940ce23edea.jpeg\"\/>\n                <\/picture>\n            <\/a><br \/>\n        <\/figure>\n<\/article>\n<\/div>\n<p class=\"paragraph\">El programa fue transmitido en vivo por RTVD Canal 4, la Z101, El Nuevo Diario TV y una red de m\u00e1s de 20 medios aliados, reafirmando el compromiso de estas instituciones con el fortalecimiento de la democracia y el debate de los grandes temas nacionales.<\/p>\n<p class=\"paragraph\">Con la realizaci\u00f3n de este nuevo encuentro, el CODESSD contin\u00faa marcando un precedente en la Rep\u00fablica Dominicana, al impulsar escenarios donde diferentes sectores pueden presentar soluciones concretas a los principales retos que enfrenta el pa\u00eds.<\/p>\n<\/p><\/div>\n","protected":false},"excerpt":{"rendered":"\u00a0La plataforma RD Debate celebr\u00f3 su segundo episodio, dedicado al an\u00e1lisis de&hellip;\n","protected":false},"author":1,"featured_media":66281,"comment_status":"open","ping_status":"open","sticky":false,"template":"","format":"standard","meta":{"footnotes":""},"categories":[3],"tags":[],"class_list":["post-66280","post","type-post","status-publish","format-standard","has-post-thumbnail","category-internacionales"],"_links":{"self":[{"href":"https:\/\/acronoticias.com\/index.php\/wp-json\/wp\/v2\/posts\/66280","targetHints":{"allow":["GET"]}}],"collection":[{"href":"https:\/\/acronoticias.com\/index.php\/wp-json\/wp\/v2\/posts"}],"about":[{"href":"https:\/\/acronoticias.com\/index.php\/wp-json\/wp\/v2\/types\/post"}],"author":[{"embeddable":true,"href":"https:\/\/acronoticias.com\/index.php\/wp-json\/wp\/v2\/users\/1"}],"replies":[{"embeddable":true,"href":"https:\/\/acronoticias.com\/index.php\/wp-json\/wp\/v2\/comments?post=66280"}],"version-history":[{"count":0,"href":"https:\/\/acronoticias.com\/index.php\/wp-json\/wp\/v2\/posts\/66280\/revisions"}],"wp:featuredmedia":[{"embeddable":true,"href":"https:\/\/acronoticias.com\/index.php\/wp-json\/wp\/v2\/media\/66281"}],"wp:attachment":[{"href":"https:\/\/acronoticias.com\/index.php\/wp-json\/wp\/v2\/media?parent=66280"}],"wp:term":[{"taxonomy":"category","embeddable":true,"href":"https:\/\/acronoticias.com\/index.php\/wp-json\/wp\/v2\/categories?post=66280"},{"taxonomy":"post_tag","embeddable":true,"href":"https:\/\/acronoticias.com\/index.php\/wp-json\/wp\/v2\/tags?post=66280"}],"curies":[{"name":"wp","href":"https:\/\/api.w.org\/{rel}","templated":true}]}}