{"id":66266,"date":"2026-08-31T00:14:01","date_gmt":"2026-08-31T00:14:01","guid":{"rendered":"https:\/\/acronoticias.com\/index.php\/2026\/08\/31\/presidente-de-honduras-muestra-interes-en-adquirir-aviones-y-vehiculos-blindados-ensamblados-en-republica-dominicana\/"},"modified":"2026-08-31T00:14:01","modified_gmt":"2026-08-31T00:14:01","slug":"presidente-de-honduras-muestra-interes-en-adquirir-aviones-y-vehiculos-blindados-ensamblados-en-republica-dominicana","status":"publish","type":"post","link":"https:\/\/acronoticias.com\/index.php\/2026\/08\/31\/presidente-de-honduras-muestra-interes-en-adquirir-aviones-y-vehiculos-blindados-ensamblados-en-republica-dominicana\/","title":{"rendered":"Presidente de Honduras muestra inter\u00e9s en adquirir aviones y veh\u00edculos blindados ensamblados en Rep\u00fablica Dominicana"},"content":{"rendered":"<div id=\"mvp-content-main\">\n<h3 id=\"nasry-asfura-dice-contribuirian-a-fortalecer-la-capacidad-de-respuesta-de-la-policia-nacional-y-militar-de-su-pais\" class=\"wp-block-heading\"><em>-Nasry Asfura dice contribuir\u00edan a fortalecer la capacidad de respuesta de la Polic\u00eda Nacional y Militar de su pa\u00eds-<\/em><\/h3>\n<p><strong>Santo Domingo.-<\/strong>El presidente de Honduras, Nasry Asfura, manifest\u00f3 el firme\u00a0inter\u00e9s\u00a0de su naci\u00f3n en adquirir en el\u00a0equipamiento militar que se ensambla en Rep\u00fablica Dominicana\u00a0para fortalecer sus cuerpos de seguridad frente a las\u00a0amenazas globales del crimen organizado. <\/p>\n<p>Tras agotar una\u00a0agenda oficial\u00a0que incluy\u00f3 una\u00a0supervisi\u00f3n presencial\u00a0junto con el mandatario dominicano, Luis Abinader, por\u00a0la\u00a0Base A\u00e9rea de San Isidro y la zona fronteriza, el jefe de Estado hondure\u00f1o\u00a0elogi\u00f3\u00a0el desarrollo log\u00edstico e industrial alcanzado por la\u00a0Industria Militar Dominicana.<\/p>\n<p>Asfura manifest\u00f3 que inici\u00f3\u00a0conversaciones formales\u00a0con el mandatario dominicano para concretar la\u00a0compra del equipamiento militar,\u00a0con la finalidad directa de robustecer las capacidades de\u00a0combate y patrullaje de la Polic\u00eda Nacional y la Polic\u00eda Militar\u00a0de Honduras.<\/p>\n<p>Asfura confirm\u00f3 que su administraci\u00f3n busca abrir las v\u00edas comerciales para acceder formalmente a las aeronaves de patrullaje y entrenamiento\u00a0TP-75 Dulus, as\u00ed como a los veh\u00edculos t\u00e1cticos blindados\u00a0Furia, ambos desarrollados e integrados localmente por la\u00a0Industria Militar Dominicana (Indom).<\/p>\n<p><em>\u00abS\u00ed estamos muy interesados en el tema de seguridad en la Industria Militar Dominicana, que podamos tener acceso a aviones Dulus, a carros blindados para poder enfrentar todos esos grandes retos. Debemos protegernos t\u00e9cnicamente, t\u00e1cticamente y con equipo para poder salir adelante\u00bb,<\/em>recalc\u00f3.<\/p>\n<p>Durante una comparecencia, junto con el presidente Luis Abinader tras la firma de una\u00a0Declaraci\u00f3n Conjunta de la Reuni\u00f3n Oficial de los Presidentes de la Rep\u00fablica de Honduras y de la Rep\u00fablica Dominicana, su hom\u00f3logo centroamericano resalt\u00f3 el inter\u00e9s com\u00fan de cuidar\u00a0la democracia y la libertad\u00a0y que eso se logra con\u00a0protecci\u00f3n de las fronteras.<\/p>\n<figure class=\"wp-block-image size-large\"><a href=\"https:\/\/cdn.ultimasnoticias.com.do\/2026\/08\/image-1.jpeg\"><img loading=\"lazy\" decoding=\"async\" width=\"1024\" height=\"630\" alt=\"Image 1\" class=\"wp-image-222664 cwvlazyload\" src=\"https:\/\/cdn.ultimasnoticias.com.do\/2026\/08\/image-1-1024x630.jpeg\" srcset=\"https:\/\/cdn.ultimasnoticias.com.do\/2026\/08\/image-1-1024x630.jpeg 1024w, https:\/\/cdn.ultimasnoticias.com.do\/2026\/08\/image-1-300x185.jpeg 300w, https:\/\/cdn.ultimasnoticias.com.do\/2026\/08\/image-1-768x473.jpeg 768w, https:\/\/cdn.ultimasnoticias.com.do\/2026\/08\/image-1.jpeg 1300w\" data-sizes=\"(max-width: 1024px) 100vw, 1024px\"\/><\/a><\/figure>\n<p>El mandatario hondure\u00f1o enfatiz\u00f3 que ning\u00fan territorio se encuentra exento de flagelos globales como\u00a0el narcotr\u00e1fico, el terrorismo y las bandas delictivas estructuradas, por lo que resulta de primer orden dotar a las fuerzas de seguridad de las\u00a0herramientas modernas\u00a0para enfrentar esos flagelos.<\/p>\n<p><em>\u00abCuidar a un pueblo y lo que nos pertenece fue muy interesante. Recorrer con el presidente Abinader todo lo realmente extraordinario que han construido en protecci\u00f3n de sus fronteras, que ese es el reto que tenemos cada mandatario, de poder cuidar esa democracia y esa libertad que tambi\u00e9n va de la mano con la soberan\u00eda\u00bb,<\/em>afirm\u00f3 el gobernante centroamericano.<\/p>\n<p>Asfura lleg\u00f3 en visita oficial a la Rep\u00fablica Dominicana este\u00a0s\u00e1bado en la tarde\u00a0y de inmediato visit\u00f3 la Base A\u00e9rea de San Isidro donde conoci\u00f3 el proceso de ensamblaje de los aviones TP-75 Dulus y apreci\u00f3 los veh\u00edculos blindados Fuerza Unificada de Respuesta Inmediata Armada (Furia) que ensambla la Indom en la antigua Armer\u00eda de San Crist\u00f3bal.<\/p>\n<p><em>\u201cRealmente estoy muy impresionado por la Industria Militar Dominicana. Yo creo que es un gran ejemplo a nivel centroamericano y del Caribe, que nos va a venir a dar una fortaleza a todos los pa\u00edses, porque vamos a tener una oportunidad de poder fortalecernos en el menor tiempo posible y con mejores condiciones de precio\u201d,<\/em>manifest\u00f3 el jefe de Estado centroamericano tras realizar un\u00a0recorrido por la frontera norte\u00a0de la Rep\u00fablica Dominicana.<\/p>\n<p>En su recorrido por la l\u00ednea lim\u00edtrofe en la\u00a0zona de Dajab\u00f3n, el gobernante hondure\u00f1o observ\u00f3 la\u00a0infraestructura del muro fronterizo,\u00a0as\u00ed como los\u00a0avanzados sistemas tecnol\u00f3gicos y de vigilancia\u00a0con los que cuenta la obra de seguridad nacional.<\/p>\n<p>Sobre esa experiencia, en su declaraci\u00f3n de este domingo Asfura manifest\u00f3 lo\u00a0interesante\u00a0que fue para \u00e9l conocer todo lo realizado por el mandatario dominicano\u00a0en materia de protecci\u00f3n de la frontera.<\/p>\n<\/div>\n","protected":false},"excerpt":{"rendered":"-Nasry Asfura dice contribuir\u00edan a fortalecer la capacidad de respuesta de la&hellip;\n","protected":false},"author":1,"featured_media":66267,"comment_status":"open","ping_status":"open","sticky":false,"template":"","format":"standard","meta":{"footnotes":""},"categories":[1],"tags":[],"class_list":["post-66266","post","type-post","status-publish","format-standard","has-post-thumbnail","category-nacionales"],"_links":{"self":[{"href":"https:\/\/acronoticias.com\/index.php\/wp-json\/wp\/v2\/posts\/66266","targetHints":{"allow":["GET"]}}],"collection":[{"href":"https:\/\/acronoticias.com\/index.php\/wp-json\/wp\/v2\/posts"}],"about":[{"href":"https:\/\/acronoticias.com\/index.php\/wp-json\/wp\/v2\/types\/post"}],"author":[{"embeddable":true,"href":"https:\/\/acronoticias.com\/index.php\/wp-json\/wp\/v2\/users\/1"}],"replies":[{"embeddable":true,"href":"https:\/\/acronoticias.com\/index.php\/wp-json\/wp\/v2\/comments?post=66266"}],"version-history":[{"count":0,"href":"https:\/\/acronoticias.com\/index.php\/wp-json\/wp\/v2\/posts\/66266\/revisions"}],"wp:featuredmedia":[{"embeddable":true,"href":"https:\/\/acronoticias.com\/index.php\/wp-json\/wp\/v2\/media\/66267"}],"wp:attachment":[{"href":"https:\/\/acronoticias.com\/index.php\/wp-json\/wp\/v2\/media?parent=66266"}],"wp:term":[{"taxonomy":"category","embeddable":true,"href":"https:\/\/acronoticias.com\/index.php\/wp-json\/wp\/v2\/categories?post=66266"},{"taxonomy":"post_tag","embeddable":true,"href":"https:\/\/acronoticias.com\/index.php\/wp-json\/wp\/v2\/tags?post=66266"}],"curies":[{"name":"wp","href":"https:\/\/api.w.org\/{rel}","templated":true}]}}