{"id":66264,"date":"2026-08-30T23:58:00","date_gmt":"2026-08-30T23:58:00","guid":{"rendered":"https:\/\/acronoticias.com\/index.php\/2026\/08\/30\/presidente-abinader-recibe-en-el-palacio-nacional-al-presidente-de-honduras-nasry-asfura-zablah-2\/"},"modified":"2026-08-30T23:58:00","modified_gmt":"2026-08-30T23:58:00","slug":"presidente-abinader-recibe-en-el-palacio-nacional-al-presidente-de-honduras-nasry-asfura-zablah-2","status":"publish","type":"post","link":"https:\/\/acronoticias.com\/index.php\/2026\/08\/30\/presidente-abinader-recibe-en-el-palacio-nacional-al-presidente-de-honduras-nasry-asfura-zablah-2\/","title":{"rendered":"Presidente Abinader recibe en el Palacio Nacional al presidente de Honduras Nasry Asfura Zablah"},"content":{"rendered":"<p><strong>Santo Domingo<\/strong>. \u2013 El presidente de la <strong>Rep\u00fablica Dominicana<\/strong>, <strong>Luis Abinader<\/strong>, recibi\u00f3 este domingo en el <strong>Palacio Nacional<\/strong> al presidente de <strong>Honduras<\/strong>, <strong>Nasry Asfura Zablah<\/strong>, en una visita oficial al pa\u00eds que servir\u00e1 para fortalecer las relaciones bilaterales y ampliar los espacios de cooperaci\u00f3n entre ambas naciones.<\/p>\n<p>El mandatario hondure\u00f1o lleg\u00f3 al <strong>Palacio Nacional<\/strong> a las 10:50 de la ma\u00f1ana, donde fue recibido por el director de Ceremonial de Estado y Protocolo, embajador <strong>Francisco Jos\u00e9 Cantizano Nadal<\/strong>, quien lo condujo ante el presidente <strong>Abinader<\/strong>.<\/p>\n<p>Durante el acto se rindieron los honores militares correspondientes. La Banda de M\u00fasica de la <strong>Guardia Presidencial<\/strong> interpret\u00f3 los Himnos de la <strong>Rep\u00fablica Dominicana<\/strong> y de la <strong>Rep\u00fablica de Honduras<\/strong>, mientras las bater\u00edas dispararon una salva de 21 ca\u00f1onazos.<\/p>\n<figure class=\"wp-block-image size-full\"><img decoding=\"async\" src=\"https:\/\/multimedia.noticiassin.com\/wp-content\/uploads\/2026\/08\/presidente-abinader-recibe-en-el-palacio-nacional-al-presidente-de-honduras-nasr-20260830-194311-ewC1.webp\" alt=\"Guardia Presidencial rinde honores militares en el Palacio Nacional durante visita oficial del presidente de Honduras\" class=\"wp-image-2103141\" \/><figcaption class=\"wp-element-caption\">Miembros de la Guardia Presidencial participan en los honores militares durante la recepci\u00f3n oficial al presidente de Honduras, Nasry Asfura Zablah, en el Palacio Nacional.<\/figcaption><\/figure>\n<p>Terminado el Pase de Revista a la <strong>Guardia Presidencial<\/strong>, el presidente de <strong>Honduras<\/strong> recibi\u00f3 los saludos de los altos funcionarios que componen la comitiva dominicana.<\/p>\n<p>Posteriormente, el presidente <strong>Abinader<\/strong> recibi\u00f3 los saludos de la comitiva oficial que acompa\u00f1a al presidente de <strong>Honduras<\/strong>, y luego ambos jefes de Estado sostuvieron una reuni\u00f3n de trabajo en uno de los salones del <strong>Palacio Nacional<\/strong>.<\/p>\n<h1 id=\"delegacion-dominicana\" class=\"wp-block-heading\"><strong>Delegaci\u00f3n dominicana<\/strong><\/h1>\n<p>La <strong>Rep\u00fablica Dominicana<\/strong> estuvo representada por una delegaci\u00f3n de alto nivel encabezada por V\u00edctor -Ito- Bison\u00f3 Haza, ministro de Relaciones Exteriores; el teniente general Carlos Antonio Fern\u00e1ndez Onofre, ministro de Defensa, y Eduardo Sanz Lovat\u00f3n, ministro de Industria, Comercio y Mipymes.<\/p>\n<p>Adem\u00e1s, el ministro de Deportes, <strong>Kelvin Cruz<\/strong>; el presidente del Comit\u00e9 Organizador de los XXV Juegos Centroamericanos y del Caribe <strong>Santo Domingo 2026<\/strong>, <strong>Jos\u00e9 Monegro<\/strong>; el presidente de <strong>Centro Caribe Sports<\/strong>, <strong>Luis Mej\u00eda<\/strong>, y <strong>Luis Garc\u00eda<\/strong>, embajador de la <strong>Rep\u00fablica Dominicana<\/strong> en <strong>Honduras<\/strong>.<\/p>\n<p>Tambi\u00e9n, el vocero de la <strong>Presidencia de la Rep\u00fablica Dominicana<\/strong> y director de la <strong>Direcci\u00f3n de Estrategia y Comunicaci\u00f3n Gubernamental<\/strong> (<strong>Diecom<\/strong>), <strong>F\u00e9lix Reyna<\/strong>; el director de la <strong>Direcci\u00f3n de Prensa del Presidente<\/strong> (<strong>DPP<\/strong>), <strong>Carlos Alberto Caminero S\u00e1nchez<\/strong>, y el subdirector de la <strong>Direcci\u00f3n de Estrategia y Comunicaci\u00f3n Gubernamental<\/strong> (<strong>DIECOM<\/strong>), <strong>Abel Guzm\u00e1n<\/strong>.<\/p>\n<h2 id=\"delegacion-republica-de-honduras\" class=\"wp-block-heading\"><strong>Delegaci\u00f3n Rep\u00fablica de Honduras<\/strong><\/h2>\n<p>La Rep\u00fablica de <strong>Honduras<\/strong> estuvo representada por una delegaci\u00f3n oficial encabezada por <strong>Mireya Ag\u00fcero<\/strong>, secretaria de Estado en los Despachos de Relaciones Exteriores y Cooperaci\u00f3n Internacional; <strong>Andr\u00e9s Ehrler<\/strong>, secretario de Estado en el Despacho de Turismo; y <strong>Epaminondas Marinakys<\/strong>, secretario ejecutivo del <strong>Consejo Nacional de Inversiones<\/strong>.<\/p>\n<p>De igual modo, <strong>Ernesto Alfonso Pumpo<\/strong>, embajador de <strong>Honduras<\/strong> en <strong>Rep\u00fablica Dominicana<\/strong>; <strong>Assunta Emely Garc\u00eda Balletta<\/strong>, asesora del <strong>Despacho Ministerial<\/strong>; <strong>Jos\u00e9 Roberto Mourra Larios<\/strong>, asesor presidencial, y <strong>Ronald Deras<\/strong>, ministro consejero de la <strong>Embajada de Honduras<\/strong>.<\/p>\n","protected":false},"excerpt":{"rendered":"Santo Domingo. \u2013 El presidente de la Rep\u00fablica Dominicana, Luis Abinader, recibi\u00f3&hellip;\n","protected":false},"author":1,"featured_media":66265,"comment_status":"open","ping_status":"open","sticky":false,"template":"","format":"standard","meta":{"footnotes":""},"categories":[1],"tags":[],"class_list":["post-66264","post","type-post","status-publish","format-standard","has-post-thumbnail","category-nacionales"],"_links":{"self":[{"href":"https:\/\/acronoticias.com\/index.php\/wp-json\/wp\/v2\/posts\/66264","targetHints":{"allow":["GET"]}}],"collection":[{"href":"https:\/\/acronoticias.com\/index.php\/wp-json\/wp\/v2\/posts"}],"about":[{"href":"https:\/\/acronoticias.com\/index.php\/wp-json\/wp\/v2\/types\/post"}],"author":[{"embeddable":true,"href":"https:\/\/acronoticias.com\/index.php\/wp-json\/wp\/v2\/users\/1"}],"replies":[{"embeddable":true,"href":"https:\/\/acronoticias.com\/index.php\/wp-json\/wp\/v2\/comments?post=66264"}],"version-history":[{"count":0,"href":"https:\/\/acronoticias.com\/index.php\/wp-json\/wp\/v2\/posts\/66264\/revisions"}],"wp:featuredmedia":[{"embeddable":true,"href":"https:\/\/acronoticias.com\/index.php\/wp-json\/wp\/v2\/media\/66265"}],"wp:attachment":[{"href":"https:\/\/acronoticias.com\/index.php\/wp-json\/wp\/v2\/media?parent=66264"}],"wp:term":[{"taxonomy":"category","embeddable":true,"href":"https:\/\/acronoticias.com\/index.php\/wp-json\/wp\/v2\/categories?post=66264"},{"taxonomy":"post_tag","embeddable":true,"href":"https:\/\/acronoticias.com\/index.php\/wp-json\/wp\/v2\/tags?post=66264"}],"curies":[{"name":"wp","href":"https:\/\/api.w.org\/{rel}","templated":true}]}}