{"id":66262,"date":"2026-08-30T23:41:55","date_gmt":"2026-08-30T23:41:55","guid":{"rendered":"https:\/\/acronoticias.com\/index.php\/2026\/08\/30\/presidente-de-honduras-expresa-interes-en-adquirir-aviones-y-vehiculos-blindados-ensamblados-en-rd\/"},"modified":"2026-08-30T23:41:55","modified_gmt":"2026-08-30T23:41:55","slug":"presidente-de-honduras-expresa-interes-en-adquirir-aviones-y-vehiculos-blindados-ensamblados-en-rd","status":"publish","type":"post","link":"https:\/\/acronoticias.com\/index.php\/2026\/08\/30\/presidente-de-honduras-expresa-interes-en-adquirir-aviones-y-vehiculos-blindados-ensamblados-en-rd\/","title":{"rendered":"Presidente de Honduras expresa inter\u00e9s en adquirir aviones y veh\u00edculos blindados ensamblados en RD"},"content":{"rendered":"<p><img decoding=\"async\" width=\"355\" height=\"200\" src=\"https:\/\/nuevodiario-assets.s3.us-east-2.amazonaws.com\/wp-content\/uploads\/2026\/08\/Presidente-de-Honduras-y-Abinader-355x200.jpeg\" class=\"webfeedsFeaturedVisual wp-post-image\" alt=\"\" style=\"display: block;margin-bottom: 5px;clear:both;max-width: 100%\" loading=\"lazy\" \/><\/p>\n<p>EL NUEVO DIARIO, SANTO DOMINGO. \u2013 El presidente de Honduras, Nasry Asfura manifest\u00f3 el firme inter\u00e9s de su naci\u00f3n en adquirir en el equipamiento militar que se ensambla en Rep\u00fablica Dominicana para fortalecer sus cuerpos de seguridad frente a las amenazas globales del crimen organizado.<\/p>\n<p>Tras agotar una agenda oficial que incluy\u00f3 una supervisi\u00f3n presencial junto al mandatario dominicano Luis Abinader por la Base A\u00e9rea de San Isidro y la zona fronteriza, el jefe de Estado hondure\u00f1o elogi\u00f3 el desarrollo log\u00edstico e industrial alcanzado por la Industria Militar Dominicana.<\/p>\n<p>Asfura manifest\u00f3 que inici\u00f3 conversaciones formales con el mandatario dominicano para concretar la compra del equipamiento militar, con la finalidad directa de robustecer las capacidades de combate y patrullaje de la Polic\u00eda Nacional y la Polic\u00eda Militar de Honduras.<\/p>\n<figure id=\"attachment_3258366\" aria-describedby=\"caption-attachment-3258366\" style=\"width: 1662px\" class=\"wp-caption alignnone\"><img decoding=\"async\" data-recalc-dims=\"1\" loading=\"lazy\" class=\"size-full wp-image-3258366\" src=\"https:\/\/i0.wp.com\/nuevodiario-assets.s3.us-east-2.amazonaws.com\/wp-content\/uploads\/2026\/08\/Declaracion-conjunta-scaled.jpeg?resize=640%2C986&quality=100&ssl=1\" alt=\"\" width=\"640\" height=\"986\" \/><figcaption id=\"caption-attachment-3258366\" class=\"wp-caption-text\"><em><strong>Los mandatarios firmaron una Declaraci\u00f3n Conjunta de la Reuni\u00f3n Oficial\u00a0 de protecci\u00f3n de las fronteras<\/strong><\/em><\/figcaption><\/figure>\n<p>Asfura confirm\u00f3 que su administraci\u00f3n busca abrir las v\u00edas comerciales para acceder formalmente a las aeronaves de patrullaje y entrenamiento TP-75 Dulus, as\u00ed como a los veh\u00edculos t\u00e1cticos blindados Furia, ambos desarrollados e integrados localmente por la Industria Militar Dominicana (Indom).<\/p>\n<p>\u00abS\u00ed estamos muy interesados en el tema de seguridad en la Industria Militar Dominicana, que podamos tener acceso a aviones Dulus, a carros blindados para poder enfrentar todos esos grandes retos. Debemos protegernos t\u00e9cnicamente, t\u00e1cticamente y con equipo para poder salir adelante\u00bb, recalc\u00f3.<\/p>\n<p>Durante una comparecencia, junto al presidente Luis Abinader tras la firma de una Declaraci\u00f3n Conjunta de la Reuni\u00f3n Oficial en la que el centroamericano resalt\u00f3 el inter\u00e9s com\u00fan de cuidar la democracia y la libertad y que eso se logra con protecci\u00f3n de las fronteras.<\/p>\n<p>El mandatario hondure\u00f1o enfatiz\u00f3 que ning\u00fan territorio se encuentra exento de flagelos globales como el narcotr\u00e1fico, el terrorismo y las bandas delictivas estructuradas, por lo que resulta de primer orden dotar a las fuerzas de seguridad de las herramientas modernas para enfrentar esos flagelos.<\/p>\n<p>\u00abCuidar a un pueblo y lo que nos pertenece fue muy interesante. Recorrer con el presidente Luis Abinader todo lo realmente extraordinario que han construido en protecci\u00f3n de sus fronteras, que ese es el reto que tenemos cada mandatario de poder cuidar esa democracia y esa libertad que tambi\u00e9n va de la mano con la soberan\u00eda\u00bb, afirm\u00f3 el gobernante centroamericano.<\/p>\n<p>Asfura lleg\u00f3 en visita oficial a la Rep\u00fablica Dominicana este s\u00e1bado en la tarde y de inmediato visit\u00f3 la Base A\u00e9rea de San Isidro donde conoci\u00f3 el proceso de ensamblaje de los aviones TP-75 Dulus y apreci\u00f3 los veh\u00edculos blindados Fuerza Unificada de Respuesta Inmediata Armada (Furia) que ensambla la Indom en la antigua Armer\u00eda de San Crist\u00f3bal.<\/p>\n<p>\u201cRealmente estoy muy impresionado por la Industria Militar Dominicana. Yo creo que es un gran ejemplo a nivel centroamericano y del Caribe, que nos va a venir a dar una fortaleza a todos los pa\u00edses, porque vamos a tener una oportunidad de poder fortalecernos en el menor tiempo posible y con mejores condiciones de precio\u201d, manifest\u00f3 el jefe de Estado centroamericano tras realizar un recorrido por la frontera norte de la Rep\u00fablica Dominicana.<\/p>\n<p>En su recorrido por la l\u00ednea lim\u00edtrofe en la zona de Dajab\u00f3n, el gobernante hondure\u00f1o observ\u00f3 la infraestructura del muro fronterizo, as\u00ed como los avanzados sistemas tecnol\u00f3gicos y de vigilancia con los que cuenta la obra de seguridad nacional.<\/p>\n<p>Sobre esa experiencia, en su declaraci\u00f3n de este domingo, Asfura manifest\u00f3 lo interesante que fue para \u00e9l conocer todo lo realizado por el mandatario dominicano en materia de protecci\u00f3n de la frontera.<\/p>\n<p>\u201cEse es el reto que tenemos cada mandatario de poder cuidar esa democracia y esa libertad que tambi\u00e9n va de la mano con la soberan\u00eda\u201d, expres\u00f3.<\/p>\n<p>La entrada <a href=\"https:\/\/elnuevodiario.com.do\/presidente-de-honduras-expresa-interes-en-adquirir-aviones-y-vehiculos-blindados-ensamblados-en-rd\/\">Presidente de Honduras expresa inter\u00e9s en adquirir aviones y veh\u00edculos blindados ensamblados en RD<\/a> se public\u00f3 primero en <a href=\"https:\/\/elnuevodiario.com.do\">El Nuevo Diario (Rep\u00fablica Dominicana)<\/a>.<\/p>\n","protected":false},"excerpt":{"rendered":"EL NUEVO DIARIO, SANTO DOMINGO. \u2013 El presidente de Honduras, Nasry Asfura&hellip;\n","protected":false},"author":1,"featured_media":66263,"comment_status":"open","ping_status":"open","sticky":false,"template":"","format":"standard","meta":{"footnotes":""},"categories":[1],"tags":[],"class_list":["post-66262","post","type-post","status-publish","format-standard","has-post-thumbnail","category-nacionales"],"_links":{"self":[{"href":"https:\/\/acronoticias.com\/index.php\/wp-json\/wp\/v2\/posts\/66262","targetHints":{"allow":["GET"]}}],"collection":[{"href":"https:\/\/acronoticias.com\/index.php\/wp-json\/wp\/v2\/posts"}],"about":[{"href":"https:\/\/acronoticias.com\/index.php\/wp-json\/wp\/v2\/types\/post"}],"author":[{"embeddable":true,"href":"https:\/\/acronoticias.com\/index.php\/wp-json\/wp\/v2\/users\/1"}],"replies":[{"embeddable":true,"href":"https:\/\/acronoticias.com\/index.php\/wp-json\/wp\/v2\/comments?post=66262"}],"version-history":[{"count":0,"href":"https:\/\/acronoticias.com\/index.php\/wp-json\/wp\/v2\/posts\/66262\/revisions"}],"wp:featuredmedia":[{"embeddable":true,"href":"https:\/\/acronoticias.com\/index.php\/wp-json\/wp\/v2\/media\/66263"}],"wp:attachment":[{"href":"https:\/\/acronoticias.com\/index.php\/wp-json\/wp\/v2\/media?parent=66262"}],"wp:term":[{"taxonomy":"category","embeddable":true,"href":"https:\/\/acronoticias.com\/index.php\/wp-json\/wp\/v2\/categories?post=66262"},{"taxonomy":"post_tag","embeddable":true,"href":"https:\/\/acronoticias.com\/index.php\/wp-json\/wp\/v2\/tags?post=66262"}],"curies":[{"name":"wp","href":"https:\/\/api.w.org\/{rel}","templated":true}]}}