{"id":66249,"date":"2026-08-30T22:33:43","date_gmt":"2026-08-30T22:33:43","guid":{"rendered":"https:\/\/acronoticias.com\/index.php\/2026\/08\/30\/yeni-berenice-y-luz-adriana-camargo-rubrican-convenio-de-cooperacion-judicial\/"},"modified":"2026-08-30T22:33:43","modified_gmt":"2026-08-30T22:33:43","slug":"yeni-berenice-y-luz-adriana-camargo-rubrican-convenio-de-cooperacion-judicial","status":"publish","type":"post","link":"https:\/\/acronoticias.com\/index.php\/2026\/08\/30\/yeni-berenice-y-luz-adriana-camargo-rubrican-convenio-de-cooperacion-judicial\/","title":{"rendered":"Yeni Berenice y Luz Adriana Camargo rubrican convenio de cooperaci\u00f3n judicial"},"content":{"rendered":"<div>\n<div class=\"c-detail__author full\">\n<div>\n<div class=\"c-detail__author__thumb\">\n<figure>\n                                <picture src=\"https:\/\/imagenes.hoy.com.do\/files\/image_square_xs\/uploads\/2025\/11\/10\/6911b3b5d935b.png\" data-size=\"w:40,h:40\">\n                                    <img decoding=\"async\" loading=\"lazy\" alt=\"Hoy .\" width=\"40\" height=\"40\" src=\"https:\/\/imagenes.hoy.com.do\/files\/image_square_xs\/uploads\/2025\/11\/10\/6911b3b5d935b.png\"\/>\n                                <\/picture>\n                                <\/figure>\n<\/div>\n<\/div>\n<\/div>\n<p>                                                                                            <!-- --><\/p>\n<p class=\"paragraph\">Como parte de su estrategia de optimizar las herramientas de cooperaci\u00f3n jur\u00eddica internacional para fortalecer la lucha contra el crimen organizado, <b>la Procuradur\u00eda General de Rep\u00fablica (PGR) firm\u00f3 con la Fiscal\u00eda General de la Naci\u00f3n de Colombia un acuerdo para la creaci\u00f3n de un Equipo Conjunto de Investigaci\u00f3n (ECI) <\/b>ajustado a la Convenci\u00f3n de Palermo de la Organizaci\u00f3n de las Naciones Unidas (ONU) y al ordenamiento jur\u00eddico de ambos pa\u00edses en materia penal.<\/p>\n<p class=\"paragraph\">La procuradora general de la Rep\u00fablica, Yeni Berenice Reynoso, y la fiscal general de Colombia, Luz Adriana Camargo Garz\u00f3n, rubricaron el documento en un acto que cont\u00f3 con la participaci\u00f3n de sus respectivos equipos de trabajo.<\/p>\n<p class=\"paragraph\">Yeni Berenice Reynoso agradeci\u00f3 el impulso de la Oficina de las Naciones Unidas contra la Droga y el Delito (UNODC) a convenios internacionales que propician un mundo mucho m\u00e1s seguro, \u201cdonde la protecci\u00f3n a las personas, como es el objetivo de este equipo conjunto de investigaci\u00f3n, sea una realidad\u201d.<\/p>\n<p class=\"paragraph\">\u201cPara la Rep\u00fablica Dominicana, y s\u00e9 que tambi\u00e9n para Colombia, esta firma de equipo conjunto de investigaci\u00f3n tiene algo especial: es una firma que tiene su plan operativo incluido\u201d, indic\u00f3, al resaltar el alt\u00edsimo compromiso de ambos pa\u00edses para mantener una cooperaci\u00f3n oportuna.<\/p>\n<p class=\"paragraph\">Reynoso resalt\u00f3 que Rep\u00fablica Dominicana, que ya estableci\u00f3 un primer Equipo Conjunto de Investigaci\u00f3n con Chile, seguir\u00e1 haciendo un uso eficiente de esa herramienta puesta por la Convenci\u00f3n de Palermo a disposici\u00f3n de las fiscal\u00edas del mundo para combatir delitos como la trata de personas con fines de explotaci\u00f3n sexual y el tr\u00e1fico de migrantes.<\/p>\n<p class=\"paragraph\">Sostuvo que el delito de la trata de personas lacera profundamente la dignidad de las personas. \u201cEs un delito que su objetivo es comercializar seres humanos\u201d, dijo. \u201cTal y como hemos afirmado en la CITIM (la Comisi\u00f3n Interinstitucional contra la Trata de Personas y el Tr\u00e1fico Il\u00edcito de Migrantes), que preside nuestra Canciller\u00eda: la trata de personas es un delito de alta prioridad para nuestra gesti\u00f3n\u201d, sostuvo.<\/p>\n<p class=\"paragraph\">\u201cCuando un ser humano es objeto de una comercializaci\u00f3n y es sometido a tratos que son m\u00e1s propios de la esclavitud, es un delito, reitero, que requiere una mirada hol\u00edstica y que requiere siempre una atenci\u00f3n especial\u201d, reflexion\u00f3 Reynoso.<\/p>\n<p class=\"paragraph\">En ese sentido, sostuvo que \u201ctenemos la obligaci\u00f3n \u00e9tica y legal de trabajar para alcanzar objetivos estrat\u00e9gicos de altos impactos para la vida de millones de personas, en este caso, colombianos y dominicanos, y otras nacionalidades que vienen a vivir a nuestros pa\u00edses\u201d.<\/p>\n<div class=\"c-detail__box \">\n<article class=\"c-detail__sumario \">\n<figure class=\"c-detail__sumario__thumb\" style=\"display: block;\">\n            <a href=\"#\" title=\"\">\n                <picture data-size=\"w:140,h:140\" loading=\"lazy\" src=\"https:\/\/imagenes.hoy.com.do\/files\/related_image\/uploads\/2026\/04\/26\/69eec21a74b0d.jpeg\" data-full-src=\"https:\/\/imagenes.hoy.com.do\/uploads\/2026\/04\/26\/69eec21a74b0d.jpeg\">\n                    <img loading=\"lazy\" decoding=\"async\" width=\"140\" height=\"140\" alt=\"Jean Alain Rodr\u00edguez\" src=\"https:\/\/imagenes.hoy.com.do\/uploads\/2026\/04\/26\/69eec21a74b0d.jpeg\"\/>\n                <\/picture>\n            <\/a><br \/>\n        <\/figure>\n<\/article>\n<\/div>\n<p class=\"paragraph\">Mientras, Camargo Garz\u00f3n resalt\u00f3 que se trata del ECI n\u00famero 18 creado por Colombia con distintas naciones signatarias de la Convenci\u00f3n de Palermo. \u201cQuiero empezar por celebrar la posibilidad de que lleguemos a acuerdos concretos para el intercambio de informaci\u00f3n en un tema tan importante como el que nos convoca hoy, que trabaja directamente contra la trata de mujeres con fines de explotaci\u00f3n sexual, que es un flagelo que tiene agobiado no solo a nuestra regi\u00f3n\u201d, dijo.<\/p>\n<p class=\"paragraph\">Record\u00f3 que el flagelo de la trata que afecta a pa\u00edses de la regi\u00f3n tiene una gran repercusi\u00f3n en distintos pa\u00edses de Europa.<\/p>\n<p class=\"paragraph\">\u201cHemos encontrado que, definitivamente, en delitos transnacionales la lucha tiene que ser a trav\u00e9s de instrumentos como este que nos permitan hacer un intercambio ordenado, informado, un instrumento que nos permita contar con investigaci\u00f3n aqu\u00ed y all\u00e1, pero tambi\u00e9n que nos permita desarrollar programas conjuntos de investigaci\u00f3n\u201d, indic\u00f3.<\/p>\n<p class=\"paragraph\">\u201cNo basta solo con que busquemos un instrumento que sea el veh\u00edculo para que intercambiemos  informaci\u00f3n, sino que es necesario que tambi\u00e9n al lado o alrededor del tema que nos convoca, podamos compartir experiencias metodol\u00f3gicas de c\u00f3mo desarrollamos nuestras investigaciones y podamos fortalecernos mutuamente a trav\u00e9s de las experiencias buenas que tiene Rep\u00fablica Dominicana en este caso y las que tiene Colombia\u201d, resalt\u00f3.<\/p>\n<p class=\"paragraph\">Camargo Garz\u00f3n sostuvo que Colombia tiene una dedicaci\u00f3n especial al tema de persecuci\u00f3n de las finanzas criminales, \u201cno entendidas solo como rentas criminales, sino tambi\u00e9n entendidas como aquello que permite que una organizaci\u00f3n pueda movilizar, por ejemplo, a un grupo de mujeres desde Colombia hasta Rep\u00fablica Dominicana\u201d. \u201cPorque eso supone una movilizaci\u00f3n de dinero que podemos y debemos alcanzar si vemos las ense\u00f1anzas de Falcone muy sencillas, sigue el dinero, sigue la ruta del dinero\u201d, a\u00f1adi\u00f3.<\/p>\n<p class=\"paragraph\">El acto de firma del convenio cont\u00f3 con la presencia del embajador Rub\u00e9n Sili\u00e9, viceministro de Pol\u00edtica Exterior Multilateral de Rep\u00fablica Dominicana, y el embajador de Colombia en Santo Domingo, y Jos\u00e9 David Moreno, encargado de Negocios de la embajada de esa naci\u00f3n en Santo Domingo.<\/p>\n<p class=\"paragraph\">A Yeni Berenice Reynoso le acompa\u00f1aron el procurador adjunto Wilson Camacho, director general de Persecuci\u00f3n del Ministerio P\u00fablico; el procurador adjunto Osvaldo Bonilla, director de Asistencia Jur\u00eddica Internacional, Extradiciones y Derechos Humanos; la procuradora de corte Yoanna Bejaran, titular de la Procuradur\u00eda Especializada contra el Tr\u00e1fico Il\u00edcito de Migrantes y Trata de Personas (PETT), quien ejecuta la cooperaci\u00f3n, y la procuradora de corte Danissa Cruz, directora del Departamento de Derechos Humanos y la Unidad de Reinserci\u00f3n de Repatriados.<\/p>\n<p class=\"paragraph\">Mientras que la fiscal general Camargo Garz\u00f3n se hizo acompa\u00f1ar de Mar\u00eda Milena M\u00e9ndez Moreno, directora Asuntos Internacionales de la Fiscal\u00eda General de Colombia, y Dayana Blanco, directora especializada contra las Violaciones a los Derechos Humanos.<\/p>\n<p class=\"paragraph\">Por la UNODC estuvieron Juan Daniel Ruiz, coordinador de Proyectos de la Oficina Regional; Lissette Reyes, Coordinadora de Proyectos de la Oficina para Centroam\u00e9rica y el Caribe de la UNODC.<\/p>\n<p class=\"paragraph\">Lissette Reyes resalt\u00f3 la disposici\u00f3n que ha puesto la actual gesti\u00f3n de la Procuradur\u00eda General de la Rep\u00fablica para que el pa\u00eds pueda crear los equipos conjuntos de investigaci\u00f3n bajo los t\u00e9rminos de la Convenci\u00f3n de Palermo. Record\u00f3 que desde junio del a\u00f1o pasado Rep\u00fablica Dominicana y Colombia reforzaron sus esfuerzos de colaboraci\u00f3n en la lucha contra delitos como el tr\u00e1fico de personas.<\/p>\n<p class=\"paragraph\">Tambi\u00e9n, agradeci\u00f3 el apoyo que realizan pa\u00edses donantes para operativizar la Convenci\u00f3n de Palermo a trav\u00e9s de iniciativas como el Proyecto Turquesa, del gobierno de Canad\u00e1, o el Proyecto Paz de Colombia financiado por la Uni\u00f3n Europea.<\/p>\n<p class=\"paragraph\">El convenio<\/p>\n<p class=\"paragraph\">El Art\u00edculo 161 de la Ley que instituye el C\u00f3digo Procesal Penal de la Rep\u00fablica Dominicana (n\u00fam. 97-25, del 7 de diciembre de 2025) establece sobre las investigaciones conjuntas: \u201cEl Ministerio P\u00fablico puede coordinar la investigaci\u00f3n con las autoridades encargadas del Estado interesado, pudiendo formarse a tales efectos equipos de investigaci\u00f3n, dirigidos por el Ministerio P\u00fablico y sometidos al control de los jueces.<\/p>\n<p class=\"paragraph\">El Equipo Conjunto de Investigaci\u00f3n establecido mediante el convenio entre el Ministerio P\u00fablico de Rep\u00fablica Dominicana y la Fiscal\u00eda General de Colombia, el cual cuenta con la cooperaci\u00f3n y el apoyo log\u00edstico de la UNODC, llevar\u00e1 a crear una mayor sinergia y cooperaci\u00f3n entre los fiscales dominicanos y los colombianos para combatir con m\u00e1s efectividad la delincuencia organizada transnacional, la trata de personas, los delitos econ\u00f3micos y la corrupci\u00f3n.<\/p>\n<p class=\"paragraph\">Con el ECI ambos pa\u00edses podr\u00e1n establecer un marco de cooperaci\u00f3n y coordinaci\u00f3n en el tiempo oportuno para enfrentar casos concretos de la criminalidad. El equipo se enmarca dentro de la Convenci\u00f3n de las Naciones Unidas contra la Delincuencia Organizada Transnacional (Convenci\u00f3n de Palermo), de la que Colombia y Rep\u00fablica Dominicana se hicieron signatarias en la conferencia celebrada por la ONU en el Palacio de Justicia de Palermo, Italia, entre el 12 y el 15 de diciembre de 2000.<\/p>\n<p class=\"paragraph\">Colombia ratific\u00f3 la Convenci\u00f3n de Palermo el 4 de agosto de 2004 y Rep\u00fablica Dominicana el 26 de octubre de 2006. Amparado en ese instrumento de cooperaci\u00f3n internacional de la ONU, y siguiendo los protocolos de su respectivo ordenamiento procesal penal, ambos pa\u00edses habilitan con el ECI el intercambio directo de evidencia f\u00edsica y elementos materiales probatorios, la ejecuci\u00f3n de medidas procesales de manera conjunta y la coordinaci\u00f3n directa de las investigaciones.<\/p>\n<\/p><\/div>\n","protected":false},"excerpt":{"rendered":"Como parte de su estrategia de optimizar las herramientas de cooperaci\u00f3n jur\u00eddica&hellip;\n","protected":false},"author":1,"featured_media":66250,"comment_status":"open","ping_status":"open","sticky":false,"template":"","format":"standard","meta":{"footnotes":""},"categories":[2],"tags":[],"class_list":["post-66249","post","type-post","status-publish","format-standard","has-post-thumbnail","category-deporte"],"_links":{"self":[{"href":"https:\/\/acronoticias.com\/index.php\/wp-json\/wp\/v2\/posts\/66249","targetHints":{"allow":["GET"]}}],"collection":[{"href":"https:\/\/acronoticias.com\/index.php\/wp-json\/wp\/v2\/posts"}],"about":[{"href":"https:\/\/acronoticias.com\/index.php\/wp-json\/wp\/v2\/types\/post"}],"author":[{"embeddable":true,"href":"https:\/\/acronoticias.com\/index.php\/wp-json\/wp\/v2\/users\/1"}],"replies":[{"embeddable":true,"href":"https:\/\/acronoticias.com\/index.php\/wp-json\/wp\/v2\/comments?post=66249"}],"version-history":[{"count":0,"href":"https:\/\/acronoticias.com\/index.php\/wp-json\/wp\/v2\/posts\/66249\/revisions"}],"wp:featuredmedia":[{"embeddable":true,"href":"https:\/\/acronoticias.com\/index.php\/wp-json\/wp\/v2\/media\/66250"}],"wp:attachment":[{"href":"https:\/\/acronoticias.com\/index.php\/wp-json\/wp\/v2\/media?parent=66249"}],"wp:term":[{"taxonomy":"category","embeddable":true,"href":"https:\/\/acronoticias.com\/index.php\/wp-json\/wp\/v2\/categories?post=66249"},{"taxonomy":"post_tag","embeddable":true,"href":"https:\/\/acronoticias.com\/index.php\/wp-json\/wp\/v2\/tags?post=66249"}],"curies":[{"name":"wp","href":"https:\/\/api.w.org\/{rel}","templated":true}]}}