{"id":66247,"date":"2026-08-30T22:28:38","date_gmt":"2026-08-30T22:28:38","guid":{"rendered":"https:\/\/acronoticias.com\/index.php\/2026\/08\/30\/aumentan-a-11-las-demarcaciones-en-alerta-verde\/"},"modified":"2026-08-30T22:28:38","modified_gmt":"2026-08-30T22:28:38","slug":"aumentan-a-11-las-demarcaciones-en-alerta-verde","status":"publish","type":"post","link":"https:\/\/acronoticias.com\/index.php\/2026\/08\/30\/aumentan-a-11-las-demarcaciones-en-alerta-verde\/","title":{"rendered":"Aumentan a 11 las demarcaciones en alerta verde"},"content":{"rendered":"<div>\n<div class=\"c-detail__author full\">\n<div>\n<div class=\"c-detail__author__thumb\">\n<figure>\n                                <picture src=\"https:\/\/imagenes.hoy.com.do\/files\/image_square_xs\/uploads\/2025\/11\/07\/690dd0632c2cb.jpeg\" data-size=\"w:40,h:40\">\n                                    <img decoding=\"async\" loading=\"lazy\" alt=\"Lency Alc\u00e1ntara\" width=\"40\" height=\"40\" src=\"https:\/\/imagenes.hoy.com.do\/files\/image_square_xs\/uploads\/2025\/11\/07\/690dd0632c2cb.jpeg\"\/>\n                                <\/picture>\n                                <\/figure>\n<\/div>\n<\/div>\n<\/div>\n<p>                                                                                            <!-- --><\/p>\n<p class=\"paragraph\"><b>\u00a0El Centro de Operaciones de Emergencias (COE)<\/b> inform\u00f3 que se mantienen las condiciones de aguaceros y tormentas el\u00e9ctricas durante la noche de este domingo, producto del paso de una onda tropical que afecta gran parte del territorio nacional.<\/p>\n<p class=\"paragraph\">De acuerdo con el bolet\u00edn emitido por el Instituto Nacional de Meteorolog\u00eda (INDOMET), se prev\u00e9n acumulados de lluvias entre 50 y 75 mil\u00edmetros, lo que podr\u00eda provocar inundaciones urbanas en zonas bajas y afectar v\u00edas de tr\u00e1nsito.<\/p>\n<figure class=\"c-detail__media \"><figcaption class=\"c-detail__media__txt\">\n<p class=\"c-detail__media__subtitle\">\n<p>        <span class=\"c-detail__media__credit \">El COE dispuso alerta verde en once provincias, entre ellas: El Seibo, Hato Mayor, La Altagracia, La Romana, Monte Plata, Saman\u00e1, San Crist\u00f3bal, San Pedro de Macor\u00eds, S\u00e1nchez Ram\u00edrez y Santo Domingo.<\/span><\/p>\n<\/figcaption><\/figure>\n<p class=\"paragraph\">El COE dispuso alerta verde en once provincias, entre ellas: El Seibo, Hato Mayor, La Altagracia, La Romana, Monte Plata, Saman\u00e1, San Crist\u00f3bal, San Pedro de Macor\u00eds, S\u00e1nchez Ram\u00edrez y Santo Domingo.<\/p>\n<div class=\"c-detail__box \">\n<article class=\"c-detail__sumario \">\n<figure class=\"c-detail__sumario__thumb\" style=\"display: block;\">\n            <a href=\"#\" title=\"\">\n                <picture data-size=\"w:140,h:140\" loading=\"lazy\" src=\"https:\/\/imagenes.hoy.com.do\/files\/related_image\/files\/fp\/uploads\/2026\/08\/30\/6a9470bb1dd2d.r_d.349-357.jpeg\" data-full-src=\"https:\/\/imagenes.hoy.com.do\/uploads\/2026\/08\/30\/6a9470bb1dd2d.jpeg\">\n                    <img loading=\"lazy\" decoding=\"async\" width=\"140\" height=\"140\" alt=\"El Centro de Operaciones de Emergencias (COE) emiti\u00f3 este domingo alerta verde para siete provincias y el Distrito Nacional, debido al incremento de humedad en la masa de aire provocado por una activa onda tropical ubicada al este de Puerto Rico, seg\u00fan el informe del Instituto Dominicano de Meteorolog\u00eda (INDOMET).&#13;\n&#13;\nLas demarcaciones bajo alerta son: provincia Santo Domingo, Distrito Nacional, Saman\u00e1, San Pedro de Macor\u00eds, Hato Mayor, La Romana, El Seibo y La Altagracia.&#13;\n&#13;\nEl COE recomend\u00f3 a la poblaci\u00f3n abstenerse de cruzar r\u00edos, arroyos y ca\u00f1adas con alto volumen de agua, as\u00ed como evitar el uso de balnearios en las provincias bajo vigilancia.&#13;\n&#13;\nLa medida busca prevenir incidentes ante posibles inundaciones repentinas y urbanas, producto de las lluvias asociadas al sistema atmosf\u00e9rico.\" src=\"https:\/\/imagenes.hoy.com.do\/uploads\/2026\/08\/30\/6a9470bb1dd2d.jpeg\"\/>\n                <\/picture>\n            <\/a><br \/>\n        <\/figure>\n<\/article>\n<\/div>\n<p class=\"paragraph\">Las autoridades tambi\u00e9n advirtieron sobre condiciones mar\u00edtimas adversas en la costa atl\u00e1ntica, desde Cabo Enga\u00f1o hasta Cabo Franc\u00e9s Viejo, recomendando a operadores de embarcaciones peque\u00f1as y fr\u00e1giles permanecer en puerto. En el litoral caribe\u00f1o, desde Isla Saona hasta Cabo Enga\u00f1o, se exhorta navegar \u00fanicamente cerca del per\u00edmetro costero, evitando mar abierto por los vientos y oleajes anormales.<\/p>\n<p class=\"paragraph\">Asimismo, se esperan r\u00e1fagas de viento moderadas, por lo que se recomienda asegurar objetos sueltos y vigilar estructuras vulnerables.<\/p>\n<p class=\"paragraph\">Recomendaciones a la poblaci\u00f3n<\/p>\n<p class=\"paragraph\">No cruzar r\u00edos, arroyos o ca\u00f1adas crecidas ni calles inundadas.<\/p>\n<p class=\"paragraph\">Evitar permanecer bajo \u00e1rboles o estructuras inestables.<\/p>\n<p class=\"paragraph\">Identificar rutas de evacuaci\u00f3n y zonas seguras previamente.<\/p>\n<p class=\"paragraph\">Preparar la mochila de emergencia con autonom\u00eda de 72 horas.<\/p>\n<p class=\"paragraph\">Activar el Plan Familiar de Respuesta a Emergencias.<\/p>\n<p class=\"paragraph\">Seguir las indicaciones oficiales del COE y autoridades locales.<\/p>\n<p class=\"paragraph\">El organismo reiter\u00f3 que mantiene un monitoreo permanente de la situaci\u00f3n y llam\u00f3 a la ciudadan\u00eda a mantenerse atenta a los boletines oficiales.<\/p>\n<\/p><\/div>\n","protected":false},"excerpt":{"rendered":"\u00a0El Centro de Operaciones de Emergencias (COE) inform\u00f3 que se mantienen las&hellip;\n","protected":false},"author":1,"featured_media":66248,"comment_status":"open","ping_status":"open","sticky":false,"template":"","format":"standard","meta":{"footnotes":""},"categories":[3],"tags":[],"class_list":["post-66247","post","type-post","status-publish","format-standard","has-post-thumbnail","category-internacionales"],"_links":{"self":[{"href":"https:\/\/acronoticias.com\/index.php\/wp-json\/wp\/v2\/posts\/66247","targetHints":{"allow":["GET"]}}],"collection":[{"href":"https:\/\/acronoticias.com\/index.php\/wp-json\/wp\/v2\/posts"}],"about":[{"href":"https:\/\/acronoticias.com\/index.php\/wp-json\/wp\/v2\/types\/post"}],"author":[{"embeddable":true,"href":"https:\/\/acronoticias.com\/index.php\/wp-json\/wp\/v2\/users\/1"}],"replies":[{"embeddable":true,"href":"https:\/\/acronoticias.com\/index.php\/wp-json\/wp\/v2\/comments?post=66247"}],"version-history":[{"count":0,"href":"https:\/\/acronoticias.com\/index.php\/wp-json\/wp\/v2\/posts\/66247\/revisions"}],"wp:featuredmedia":[{"embeddable":true,"href":"https:\/\/acronoticias.com\/index.php\/wp-json\/wp\/v2\/media\/66248"}],"wp:attachment":[{"href":"https:\/\/acronoticias.com\/index.php\/wp-json\/wp\/v2\/media?parent=66247"}],"wp:term":[{"taxonomy":"category","embeddable":true,"href":"https:\/\/acronoticias.com\/index.php\/wp-json\/wp\/v2\/categories?post=66247"},{"taxonomy":"post_tag","embeddable":true,"href":"https:\/\/acronoticias.com\/index.php\/wp-json\/wp\/v2\/tags?post=66247"}],"curies":[{"name":"wp","href":"https:\/\/api.w.org\/{rel}","templated":true}]}}