{"id":66245,"date":"2026-08-30T22:21:49","date_gmt":"2026-08-30T22:21:49","guid":{"rendered":"https:\/\/acronoticias.com\/index.php\/2026\/08\/30\/leonel-fernandez-canasta-basica-subio-de-rd28-mil-a-rd49-mil-y-reduce-ventas-de-comercios\/"},"modified":"2026-08-30T22:21:49","modified_gmt":"2026-08-30T22:21:49","slug":"leonel-fernandez-canasta-basica-subio-de-rd28-mil-a-rd49-mil-y-reduce-ventas-de-comercios","status":"publish","type":"post","link":"https:\/\/acronoticias.com\/index.php\/2026\/08\/30\/leonel-fernandez-canasta-basica-subio-de-rd28-mil-a-rd49-mil-y-reduce-ventas-de-comercios\/","title":{"rendered":"Leonel Fern\u00e1ndez: canasta b\u00e1sica subi\u00f3 de RD$28 mil a RD$49 mil y reduce ventas de comercios"},"content":{"rendered":"<p><img loading=\"lazy\" decoding=\"async\" width=\"355\" height=\"200\" src=\"https:\/\/nuevodiario-assets.s3.us-east-2.amazonaws.com\/wp-content\/uploads\/2026\/08\/IMG_3438-355x200.webp\" class=\"webfeedsFeaturedVisual wp-post-image\" alt=\"\" style=\"display: block;margin-bottom: 5px;clear:both;max-width: 100%\" \/><\/p>\n<p>EL NUEVO DIARIO, SAN FRANCISCO DE MACOR\u00cdS.- El expresidente de la Rep\u00fablica y presidente de la Fuerza del Pueblo (FP), Leonel Fern\u00e1ndez, afirm\u00f3 que el aumento del costo de la canasta b\u00e1sica ha reducido el poder adquisitivo de las familias dominicanas y est\u00e1 afectando las ventas de los comercios, algunos de los cuales, seg\u00fan dijo, han tenido que cerrar o enfrentan dificultades para continuar operando.<\/p>\n<p>Fern\u00e1ndez sostuvo que el costo de la canasta b\u00e1sica pas\u00f3 de aproximadamente RD$28 mil en 2020 a RD$49 mil en la actualidad, mientras los salarios, asegur\u00f3, no han aumentado en proporci\u00f3n al costo de las necesidades esenciales.<\/p>\n<p>\u201cEn el a\u00f1o 2020, el costo de la canasta b\u00e1sica era de 28 mil pesos. Actualmente es 49 mil pesos. Se ha duplicado pr\u00e1cticamente, mientras que los salarios est\u00e1n por debajo. Es una gran diferencia\u201d, expres\u00f3.<\/p>\n<p>El exmandatario explic\u00f3 que el incremento del costo de vida ha provocado que las familias dispongan de menos dinero para realizar sus compras, situaci\u00f3n que, a su juicio, termina impactando directamente al sector comercial.<\/p>\n<p>\u201cYo noto en este momento que hay una preocupaci\u00f3n, porque ya hay comercios que est\u00e1n entrando en cierre, est\u00e1n en bancarrota, y es porque est\u00e1n perdiendo clientes debido a que se ha reducido el poder adquisitivo\u201d, manifest\u00f3.<\/p>\n<p>Fern\u00e1ndez tambi\u00e9n se\u00f1al\u00f3 que la situaci\u00f3n afecta la capacidad de los hogares para cubrir necesidades fundamentales, entre ellas la alimentaci\u00f3n.<\/p>\n<p>\u201cLa gente no tiene recursos suficientes para poder adquirir lo fundamental: una dieta balanceada a trav\u00e9s de la comida. Hoy est\u00e1 teniendo problemas\u201d, afirm\u00f3.<\/p>\n<p>Durante visita a Expo Mayorista<\/p>\n<p>Las declaraciones fueron ofrecidas la noche del s\u00e1bado durante su visita a la trig\u00e9sima edici\u00f3n de Expo Mayorista 2026, organizada por la Asociaci\u00f3n de Comerciantes de la Provincia Duarte en el Club El Mayorista, de San Francisco de Macor\u00eds.<\/p>\n<p>Durante su recorrido por la feria, Fern\u00e1ndez visit\u00f3 varios de los establecimientos participantes y sostuvo un encuentro con empresarios, comerciantes y representantes de la organizaci\u00f3n.<\/p>\n<p>Posteriormente particip\u00f3 en un foro p\u00fablico, donde respondi\u00f3 preguntas relacionadas con la situaci\u00f3n del comercio, el comportamiento de la econom\u00eda y las condiciones econ\u00f3micas de las familias dominicanas.<\/p>\n<p>El conversatorio estuvo coordinado por Jos\u00e9 Manuel Fr\u00edas, coordinador general de Expo Mayorista 2026.<\/p>\n<p>Durante el encuentro, Fern\u00e1ndez plante\u00f3 que existe una relaci\u00f3n directa entre el incremento del costo de la vida, los niveles salariales y la reducci\u00f3n de la capacidad de compra de los hogares, factores que, seg\u00fan explic\u00f3, terminan repercutiendo en las ventas de los establecimientos comerciales.<\/p>\n<p>Fr\u00edas agradeci\u00f3 la presencia del exmandatario y record\u00f3 que Fern\u00e1ndez, durante su gesti\u00f3n presidencial, se convirti\u00f3 en 2005 en el primer presidente de la Rep\u00fablica en visitar Expo Mayorista.<\/p>\n<p>El presidente de la Asociaci\u00f3n de Comerciantes de la Provincia Duarte (ACPD), Carlos Manuel Almanzar, tambi\u00e9n destac\u00f3 durante un encuentro previo la relaci\u00f3n hist\u00f3rica de Fern\u00e1ndez con la feria y el sector comercial de la provincia.<\/p>\n<p>Expo Mayorista 2026 celebra su trig\u00e9sima edici\u00f3n bajo el lema \u201cTradici\u00f3n que inspira, comercio que transforma\u201d. La actividad se desarrolla del 26 al 30 de agosto en el Club El Mayorista de San Francisco de Macor\u00eds.<\/p>\n<p>Actividad pol\u00edtica<\/p>\n<p>La visita de Fern\u00e1ndez a la feria se produjo luego de encabezar la tarde del s\u00e1bado la Asamblea Provincial de Dirigentes de la Fuerza del Pueblo en Duarte, realizada en la Ciudad Agropecuaria de San Francisco de Macor\u00eds.<\/p>\n<p>Las asambleas forman parte del proceso de organizaci\u00f3n y crecimiento que desarrolla esa organizaci\u00f3n pol\u00edtica con miras a las elecciones de 2028.<\/p>\n<p>Este domingo, Fern\u00e1ndez continuar\u00e1 su recorrido por la regi\u00f3n con actividades partidarias en La Vega y Bonao.<\/p>\n<p>A las 11:00 de la ma\u00f1ana encabezar\u00e1 la Asamblea Provincial de Dirigentes de La Vega, en el Oratorio Centro Juvenil Santo Domingo Savio (DOSA).<\/p>\n<p>Luego, a las 4:00 de la tarde, se trasladar\u00e1 a Bonao, provincia Monse\u00f1or Nouel, donde encabezar\u00e1 otra asamblea en la Cooperativa San Antonio.<\/p>\n<p>La entrada <a href=\"https:\/\/elnuevodiario.com.do\/leonel-fernandez-canasta-basica-subio-de-rd28-mil-a-rd49-mil-y-reduce-ventas-de-comercios\/\">Leonel Fern\u00e1ndez: canasta b\u00e1sica subi\u00f3 de RD$28 mil a RD$49 mil y reduce ventas de comercios<\/a> se public\u00f3 primero en <a href=\"https:\/\/elnuevodiario.com.do\">El Nuevo Diario (Rep\u00fablica Dominicana)<\/a>.<\/p>\n","protected":false},"excerpt":{"rendered":"EL NUEVO DIARIO, SAN FRANCISCO DE MACOR\u00cdS.- El expresidente de la Rep\u00fablica&hellip;\n","protected":false},"author":1,"featured_media":66246,"comment_status":"open","ping_status":"open","sticky":false,"template":"","format":"standard","meta":{"footnotes":""},"categories":[1],"tags":[],"class_list":["post-66245","post","type-post","status-publish","format-standard","has-post-thumbnail","category-nacionales"],"_links":{"self":[{"href":"https:\/\/acronoticias.com\/index.php\/wp-json\/wp\/v2\/posts\/66245","targetHints":{"allow":["GET"]}}],"collection":[{"href":"https:\/\/acronoticias.com\/index.php\/wp-json\/wp\/v2\/posts"}],"about":[{"href":"https:\/\/acronoticias.com\/index.php\/wp-json\/wp\/v2\/types\/post"}],"author":[{"embeddable":true,"href":"https:\/\/acronoticias.com\/index.php\/wp-json\/wp\/v2\/users\/1"}],"replies":[{"embeddable":true,"href":"https:\/\/acronoticias.com\/index.php\/wp-json\/wp\/v2\/comments?post=66245"}],"version-history":[{"count":0,"href":"https:\/\/acronoticias.com\/index.php\/wp-json\/wp\/v2\/posts\/66245\/revisions"}],"wp:featuredmedia":[{"embeddable":true,"href":"https:\/\/acronoticias.com\/index.php\/wp-json\/wp\/v2\/media\/66246"}],"wp:attachment":[{"href":"https:\/\/acronoticias.com\/index.php\/wp-json\/wp\/v2\/media?parent=66245"}],"wp:term":[{"taxonomy":"category","embeddable":true,"href":"https:\/\/acronoticias.com\/index.php\/wp-json\/wp\/v2\/categories?post=66245"},{"taxonomy":"post_tag","embeddable":true,"href":"https:\/\/acronoticias.com\/index.php\/wp-json\/wp\/v2\/tags?post=66245"}],"curies":[{"name":"wp","href":"https:\/\/api.w.org\/{rel}","templated":true}]}}