{"id":6484,"date":"2025-12-01T12:18:50","date_gmt":"2025-12-01T12:18:50","guid":{"rendered":"https:\/\/acronoticias.com\/index.php\/2025\/12\/01\/comunitarios-de-azua-agradecen-al-gobierno-la-inversion-de-mas-de-rd-5700-millones-en-5-anos-en-la-provincia\/"},"modified":"2025-12-01T12:18:50","modified_gmt":"2025-12-01T12:18:50","slug":"comunitarios-de-azua-agradecen-al-gobierno-la-inversion-de-mas-de-rd-5700-millones-en-5-anos-en-la-provincia","status":"publish","type":"post","link":"https:\/\/acronoticias.com\/index.php\/2025\/12\/01\/comunitarios-de-azua-agradecen-al-gobierno-la-inversion-de-mas-de-rd-5700-millones-en-5-anos-en-la-provincia\/","title":{"rendered":"Comunitarios de Azua agradecen al Gobierno la inversi\u00f3n de m\u00e1s de RD$ 5,700 millones en 5 a\u00f1os en la provincia"},"content":{"rendered":"<p><i class=\"bi bi-camera-fill\" style=\"font-size:18px; color:var(--rojo)\"\/> La funcionaria responsable del dise\u00f1o y ejecuci\u00f3n de las pol\u00edticas de protecci\u00f3n social explic\u00f3 que el foro tiene como prop\u00f3sito escuchar las comunidades, que los habitantes de estas puedan presentar sus inquietudes, y de manera coordinada buscar soluciones a esos se\u00f1alamientos.<\/p>\n<div>\n<p>EL NUEVO DIARIO, AZUA, SANTO DISTRITO. \u2013 Decenas de comunitarios de la provincia Azua aprovecharon el Foro Ciudadano encabezado por la titular de la Direcci\u00f3n de Desarrollo Social Sup\u00e9rate, Gloria Reyes, para reconocer y agradecer la inversi\u00f3n hecha por el Gobierno dominicano en esta localidad, la cual asciende a m\u00e1s de 5 mil 700 millones de pesos.<\/p>\n<p>Gloria Reyes explic\u00f3 que el Gobierno del presidente Luis Abinader, a trav\u00e9s de la instituci\u00f3n que dirige, ha destinado m\u00e1s de 95 millones de pesos mensuales desde el a\u00f1o 2020 en esa provincia sure\u00f1a, por medio a las transferencias de los fondos que sustentan los subsidios sociales que reciben m\u00e1s de 58 mil familias en situaci\u00f3n de vulnerabilidad y pobreza monetaria, as\u00ed como de los programas de formaci\u00f3n t\u00e9cnico-profesional que son impartidos desde ese per\u00edodo, los cuales han cambiado la vida de m\u00e1s de 18 mil mujeres y hombres en edad productiva.<\/p>\n<p>Durante el desarrollo del foro, los y las participantes recibieron las informaciones fundamentales de esas ejecuciones, al tiempo que fueron dadas las explicaciones que sustentan la fusi\u00f3n de la Administradora de Subsidios Sociales (ADESS) y el programa Sup\u00e9rate por voz de la directora Reyes, as\u00ed como tambi\u00e9n, de la subdirectora de Superaci\u00f3n Econ\u00f3mica, Saili Frias, quienes argumentaron que m\u00e1s de 150 mil familias se han graduado del sistema de transferencias a nivel nacional, y que el 50 por ciento de esos hogares beneficiados acceden a productos financieros.<\/p>\n<p><img loading=\"lazy\" data-recalc-dims=\"1\" data-dominant-color=\"73767f\" data-has-transparency=\"false\" style=\"--dominant-color: #73767f;\" decoding=\"async\" class=\"alignnone size-full wp-image-2918627 not-transparent\" src=\"https:\/\/i0.wp.com\/nuevodiario-assets.s3.us-east-2.amazonaws.com\/wp-content\/uploads\/2025\/12\/b4c13b43-ec62-4ba0-b226-940bcf76aa77.jpg?resize=640%2C427&amp;quality=100&amp;ssl=1\" alt=\"\" width=\"640\" height=\"427\" srcset=\"https:\/\/nuevodiario-assets.s3.us-east-2.amazonaws.com\/wp-content\/uploads\/2025\/12\/b4c13b43-ec62-4ba0-b226-940bcf76aa77.jpg 1280w, https:\/\/nuevodiario-assets.s3.us-east-2.amazonaws.com\/wp-content\/uploads\/2025\/12\/b4c13b43-ec62-4ba0-b226-940bcf76aa77.jpg 400w, https:\/\/nuevodiario-assets.s3.us-east-2.amazonaws.com\/wp-content\/uploads\/2025\/12\/b4c13b43-ec62-4ba0-b226-940bcf76aa77.jpg 800w, https:\/\/nuevodiario-assets.s3.us-east-2.amazonaws.com\/wp-content\/uploads\/2025\/12\/b4c13b43-ec62-4ba0-b226-940bcf76aa77.jpg 768w, https:\/\/nuevodiario-assets.s3.us-east-2.amazonaws.com\/wp-content\/uploads\/2025\/12\/b4c13b43-ec62-4ba0-b226-940bcf76aa77.jpg 600w\" sizes=\"auto, (max-width: 640px) 100vw, 640px\"\/><\/p>\n<p>La provincia Azua fue seleccionada para la implementaci\u00f3n del piloto de Comunidades de Cuidado, en el que m\u00e1s de dos mil personas han sido formadas en el INFOTEP, lo que ha permitido insertar a m\u00e1s de doscientas al mercado formal laboral.<\/p>\n<p>Los representantes de las juntas de vecinos y grupos sectoriales participantes en el foro organizado por la subdirecci\u00f3n de Asuntos Comunitarios que dirige Damelia Zapata quedaron edificados acerca de la inversi\u00f3n econ\u00f3mica y de las iniciativas que se han puesto en ejecuci\u00f3n; sin embargo los presentes expusieron sus quejas, reclamos y sugerencias mediante la participaci\u00f3n directa, y fueron escuchados, no solo por Gloria Reyes, sino, adem\u00e1s, por la senadora, L\u00eda D\u00edaz; la gobernadora de la provincia, Mar\u00eda Minerva Navarro; el alcalde, Rafael Hidalgo y la diputada Brenda Ogando.<\/p>\n<p>La directora de Desarrollo Social Sup\u00e9rate destac\u00f3 la importancia de que sus autoridades estuvieran presentes para escuchar las voces de sus comunidades. \u201cEsta provincia puede seguir avanzando porque sus autoridades se saben poner de acuerdo\u201d. Poniendo como ejemplo de esa empat\u00eda gubernamental la inauguraci\u00f3n del recinto de la UASD en esa provincia.<\/p>\n<p>\u201c\u00a1Qu\u00e9 belleza de universidad! De verdad yo los felicito por acompa\u00f1arnos, porque despu\u00e9s de tantos a\u00f1os de lucha ustedes exigiendo la UASD so\u00f1ada ya la tienen. Qu\u00e9 bueno que el presiente Abinader con esa sensibilidad ha sabido escuchar el sentir del pueblo\u201d.<\/p>\n<p><h3 class=\"jp-relatedposts-headline\"><em>Relacionado<\/em><\/h3>\n<\/p>\n<p>\t\t\t\t\t\t<!-- .entry-footer --><br \/>\n\t\t\t\t\t\t<!-- \n\n<div data-type=\"_mgwidget\" data-widget-id=\"1743501\"><\/div>\n\n  -->\n\t\t\t\t\t<\/div>\n","protected":false},"excerpt":{"rendered":"<p>La funcionaria responsable del dise\u00f1o y ejecuci\u00f3n de las pol\u00edticas de protecci\u00f3n social explic\u00f3 que el foro tiene como prop\u00f3sito escuchar las comunidades, que los habitantes de estas puedan presentar sus inquietudes, y de manera coordinada buscar soluciones a esos se\u00f1alamientos. EL NUEVO DIARIO, AZUA, SANTO DISTRITO. \u2013 Decenas de comunitarios de la provincia Azua<\/p>\n","protected":false},"author":1,"featured_media":6485,"comment_status":"open","ping_status":"open","sticky":false,"template":"","format":"standard","meta":{"footnotes":""},"categories":[1],"tags":[],"class_list":["post-6484","post","type-post","status-publish","format-standard","has-post-thumbnail","hentry","category-nacionales"],"_links":{"self":[{"href":"https:\/\/acronoticias.com\/index.php\/wp-json\/wp\/v2\/posts\/6484","targetHints":{"allow":["GET"]}}],"collection":[{"href":"https:\/\/acronoticias.com\/index.php\/wp-json\/wp\/v2\/posts"}],"about":[{"href":"https:\/\/acronoticias.com\/index.php\/wp-json\/wp\/v2\/types\/post"}],"author":[{"embeddable":true,"href":"https:\/\/acronoticias.com\/index.php\/wp-json\/wp\/v2\/users\/1"}],"replies":[{"embeddable":true,"href":"https:\/\/acronoticias.com\/index.php\/wp-json\/wp\/v2\/comments?post=6484"}],"version-history":[{"count":0,"href":"https:\/\/acronoticias.com\/index.php\/wp-json\/wp\/v2\/posts\/6484\/revisions"}],"wp:featuredmedia":[{"embeddable":true,"href":"https:\/\/acronoticias.com\/index.php\/wp-json\/wp\/v2\/media\/6485"}],"wp:attachment":[{"href":"https:\/\/acronoticias.com\/index.php\/wp-json\/wp\/v2\/media?parent=6484"}],"wp:term":[{"taxonomy":"category","embeddable":true,"href":"https:\/\/acronoticias.com\/index.php\/wp-json\/wp\/v2\/categories?post=6484"},{"taxonomy":"post_tag","embeddable":true,"href":"https:\/\/acronoticias.com\/index.php\/wp-json\/wp\/v2\/tags?post=6484"}],"curies":[{"name":"wp","href":"https:\/\/api.w.org\/{rel}","templated":true}]}}