{"id":586,"date":"2025-10-29T13:08:38","date_gmt":"2025-10-29T13:08:38","guid":{"rendered":"https:\/\/acronoticias.com\/index.php\/2025\/10\/29\/fallece-hombre-en-accidente-de-transito-en-valverde-el-nuevo-diario-republica-dominicana\/"},"modified":"2025-10-29T13:08:38","modified_gmt":"2025-10-29T13:08:38","slug":"fallece-hombre-en-accidente-de-transito-en-valverde-el-nuevo-diario-republica-dominicana","status":"publish","type":"post","link":"https:\/\/acronoticias.com\/index.php\/2025\/10\/29\/fallece-hombre-en-accidente-de-transito-en-valverde-el-nuevo-diario-republica-dominicana\/","title":{"rendered":"Fallece hombre en accidente de tr\u00e1nsito en Valverde \u2013 El Nuevo Diario (Rep\u00fablica Dominicana)"},"content":{"rendered":"<p><i class=\"bi bi-camera-fill\" style=\"font-size:18px; color:var(--rojo)\"\/> Veh\u00edculo involucrado en accidente. (Foto: Gullen Peralta) <\/p>\n<div>\n<p>Por Gullen Peralta<\/p>\n<p>EL NUEVO DIARIO, VALVERDE-Un hombre perdi\u00f3 la vida en un accidente de tr\u00e1nsito, en un hecho registrado este mi\u00e9rcoles en el cruce de Esperanza, provincia Valverde.<\/p>\n<p>De acuerdo con informaciones preliminares, el suceso ocurri\u00f3 cuando Jose Agust\u00edn Ulloa, de 50 a\u00f1os de edad, se trasladaba en su motocicleta y colision\u00f3 con un cami\u00f3n que estaba varado en la v\u00eda.<\/p>\n<figure id=\"attachment_2876203\" aria-describedby=\"caption-attachment-2876203\" style=\"width: 881px\" class=\"wp-caption alignnone\"><img loading=\"lazy\" data-recalc-dims=\"1\" data-dominant-color=\"79736d\" data-has-transparency=\"false\" style=\"--dominant-color: #79736d;\" decoding=\"async\" class=\"wp-image-2876203 size-full not-transparent\" src=\"https:\/\/i0.wp.com\/nuevodiario-assets.s3.us-east-2.amazonaws.com\/wp-content\/uploads\/2025\/10\/WhatsApp-Image-2025-10-29-at-08.11.24.jpeg?resize=640%2C370&amp;quality=100&amp;ssl=1\" alt=\"\" width=\"640\" height=\"370\" srcset=\"https:\/\/nuevodiario-assets.s3.us-east-2.amazonaws.com\/wp-content\/uploads\/2025\/10\/WhatsApp-Image-2025-10-29-at-08.11.24.jpeg 881w, https:\/\/nuevodiario-assets.s3.us-east-2.amazonaws.com\/wp-content\/uploads\/2025\/10\/WhatsApp-Image-2025-10-29-at-08.11.24.jpeg 400w, https:\/\/nuevodiario-assets.s3.us-east-2.amazonaws.com\/wp-content\/uploads\/2025\/10\/WhatsApp-Image-2025-10-29-at-08.11.24.jpeg 800w, https:\/\/nuevodiario-assets.s3.us-east-2.amazonaws.com\/wp-content\/uploads\/2025\/10\/WhatsApp-Image-2025-10-29-at-08.11.24.jpeg 768w, https:\/\/nuevodiario-assets.s3.us-east-2.amazonaws.com\/wp-content\/uploads\/2025\/10\/WhatsApp-Image-2025-10-29-at-08.11.24.jpeg 600w\" sizes=\"auto, (max-width: 640px) 100vw, 640px\"\/><figcaption id=\"caption-attachment-2876203\" class=\"wp-caption-text\">Motocicleta involucrada en accidente. (Foto: Gullen Peralta)<\/figcaption><\/figure>\n<p>Al lugar del accidente, lleg\u00f3 una unidad del Sistema Nacional de Emergencias del 9-1-1, en compa\u00f1\u00eda de miembros de la Polic\u00eda Nacional, quienes esperan al m\u00e9dico legista y un representante del ministerio p\u00fablico para el levantamiento del cad\u00e1ver.<\/p>\n<p>Lugare\u00f1os del cruce de Esperanza hacen un llamado a las autoridades para que concienticen a los conductores de veh\u00edculos pesados en referencia a la se\u00f1alizacion de camiones estacionados.<\/p>\n<p>\u00a0<\/p>\n<p><h3 class=\"jp-relatedposts-headline\"><em>Relacionado<\/em><\/h3>\n<\/p>\n<p>\t\t\t\t\t\t<!-- .entry-footer --><br \/>\n\t\t\t\t\t\t<!-- \n\n<div data-type=\"_mgwidget\" data-widget-id=\"1743501\"><\/div>\n\n  -->\n\t\t\t\t\t<\/div>\n","protected":false},"excerpt":{"rendered":"<p>Veh\u00edculo involucrado en accidente. (Foto: Gullen Peralta) Por Gullen Peralta EL NUEVO DIARIO, VALVERDE-Un hombre perdi\u00f3 la vida en un accidente de tr\u00e1nsito, en un hecho registrado este mi\u00e9rcoles en el cruce de Esperanza, provincia Valverde. De acuerdo con informaciones preliminares, el suceso ocurri\u00f3 cuando Jose Agust\u00edn Ulloa, de 50 a\u00f1os de edad, se trasladaba<\/p>\n","protected":false},"author":1,"featured_media":587,"comment_status":"open","ping_status":"open","sticky":false,"template":"","format":"standard","meta":{"footnotes":""},"categories":[1],"tags":[],"class_list":["post-586","post","type-post","status-publish","format-standard","has-post-thumbnail","hentry","category-nacionales"],"_links":{"self":[{"href":"https:\/\/acronoticias.com\/index.php\/wp-json\/wp\/v2\/posts\/586","targetHints":{"allow":["GET"]}}],"collection":[{"href":"https:\/\/acronoticias.com\/index.php\/wp-json\/wp\/v2\/posts"}],"about":[{"href":"https:\/\/acronoticias.com\/index.php\/wp-json\/wp\/v2\/types\/post"}],"author":[{"embeddable":true,"href":"https:\/\/acronoticias.com\/index.php\/wp-json\/wp\/v2\/users\/1"}],"replies":[{"embeddable":true,"href":"https:\/\/acronoticias.com\/index.php\/wp-json\/wp\/v2\/comments?post=586"}],"version-history":[{"count":0,"href":"https:\/\/acronoticias.com\/index.php\/wp-json\/wp\/v2\/posts\/586\/revisions"}],"wp:featuredmedia":[{"embeddable":true,"href":"https:\/\/acronoticias.com\/index.php\/wp-json\/wp\/v2\/media\/587"}],"wp:attachment":[{"href":"https:\/\/acronoticias.com\/index.php\/wp-json\/wp\/v2\/media?parent=586"}],"wp:term":[{"taxonomy":"category","embeddable":true,"href":"https:\/\/acronoticias.com\/index.php\/wp-json\/wp\/v2\/categories?post=586"},{"taxonomy":"post_tag","embeddable":true,"href":"https:\/\/acronoticias.com\/index.php\/wp-json\/wp\/v2\/tags?post=586"}],"curies":[{"name":"wp","href":"https:\/\/api.w.org\/{rel}","templated":true}]}}