{"id":55945,"date":"2026-07-17T19:44:55","date_gmt":"2026-07-17T19:44:55","guid":{"rendered":"https:\/\/acronoticias.com\/index.php\/2026\/07\/17\/agn-invita-al-tercer-seminario-koha-sobre-sistemas-integrados-de-gestion-de-bibliotecas-el-nuevo-diario-republica-dominicana\/"},"modified":"2026-07-17T19:44:55","modified_gmt":"2026-07-17T19:44:55","slug":"agn-invita-al-tercer-seminario-koha-sobre-sistemas-integrados-de-gestion-de-bibliotecas-el-nuevo-diario-republica-dominicana","status":"publish","type":"post","link":"https:\/\/acronoticias.com\/index.php\/2026\/07\/17\/agn-invita-al-tercer-seminario-koha-sobre-sistemas-integrados-de-gestion-de-bibliotecas-el-nuevo-diario-republica-dominicana\/","title":{"rendered":"AGN invita al tercer Seminario Koha sobre Sistemas Integrados de Gesti\u00f3n de Bibliotecas \u2013 El Nuevo Diario (Rep\u00fablica Dominicana)"},"content":{"rendered":"<p><i class=\"bi bi-camera-fill\" style=\"font-size:18px; color:var(--rojo)\"\/> El edificio del AGN. (Foto: Archivo General de la Naci\u00f3n)<\/p>\n<div>\n<div id=\"gemini-summary-wrapper\" class=\"mb-3\">\n                <button id=\"btn-get-summary\" class=\"gemini-btn\" data-post-id=\"3202482\" data-post-title=\"AGN invita al tercer Seminario Koha sobre Sistemas Integrados de Gesti\u00f3n de Bibliotecas\"><br \/>\n                    Leer resumen <b class=\"d-none d-md-inline\">de la noticia<\/b> (IA) <span>CLICK AQU\u00cd<\/span><br \/>\n                <\/button><\/p>\n<div id=\"gemini-loading\" class=\"mb-3\">\n<p>                    <span>Analizando noticia\u2026 por favor espera.<\/span>\n                <\/div>\n<\/p><\/div>\n<p>EL NUEVO DIARIO, SANTO DOMINGO.\u2013 El Archivo General de la Naci\u00f3n (AGN) anunci\u00f3 la celebraci\u00f3n del tercer Seminario Koha sobre Sistemas Integrados de Gesti\u00f3n de Bibliotecas, que este a\u00f1o tendr\u00e1 como tema central \u00abEl poder de la red\u00bb.<\/p>\n<p>La actividad se realizar\u00e1 en la sede del AGN los d\u00edas 5 y 6 de agosto. El primer d\u00eda se sesionar\u00e1 en el horario de 8:30 de la ma\u00f1ana a 5:00 de la tarde, y el segundo de 8:30 de la ma\u00f1ana a 1:00 de la tarde.<\/p>\n<p>Se reunir\u00e1n destacados especialistas nacionales e internacionales vinculados con la gesti\u00f3n de la informaci\u00f3n, la bibliotecolog\u00eda, la investigaci\u00f3n y la innovaci\u00f3n tecnol\u00f3gica.<\/p>\n<p>De acuerdo a un comunicado, participar\u00e1n seis conferencistas, quince panelistas, cuatro moderadores y tres instructores, quienes compartir\u00e1n experiencias y buenas pr\u00e1cticas sobre el uso de tecnolog\u00edas aplicadas a archivos, bibliotecas y centros de documentaci\u00f3n.<\/p>\n<p>La conferencia inaugural, titulada \u00abEl cat\u00e1logo colectivo como motor de inteligencia en la biblioteca\u00bb, estar\u00e1 a cargo de Hugo Agud, CEO de Orex Espa\u00f1a. Durante la jornada tambi\u00e9n se realizar\u00e1 el lanzamiento del Cat\u00e1logo colectivo de la Rep\u00fablica Dominicana por parte de Izaskun Herrojo Salas, Elo\u00edsa Marrero, Merita Alc\u00e1ntara y Elsi Jim\u00e9nez, representantes de importantes instituciones bibliotecarias del pa\u00eds.<\/p>\n<p>El programa acad\u00e9mico incluir\u00e1 paneles y conferencias sobre inteligencia artificial, automatizaci\u00f3n, cooperaci\u00f3n bibliotecaria, investigaci\u00f3n y visibilidad cient\u00edfica, con la presencia de especialistas como Jorge Ram\u00edrez, Pedro Pereira, Nathalie Brito, Luz Elena Patarroyo L\u00f3pez, Manuel Mad\u00e9, Luis Molina, Bernardino Herrera Le\u00f3n, Jenny Aquino, Yajaira Reyes, Yelitza Agniuska Gonz\u00e1lez Dur\u00e1n, Lucero Arboleda y Carlos de la Cruz, entre otros.<\/p>\n<p>Asimismo, el encuentro contar\u00e1 con la moderaci\u00f3n de profesionales de diversos \u00e1mbitos, entre ellos Leonardo D\u00edaz, Pauline Kulstad y Lourdes Campins. Adem\u00e1s, Vielka Roa fungir\u00e1 como presentadora de las sesiones de microcharlas.<\/p>\n<p>Como parte de la agenda formativa, los asistentes tendr\u00e1n acceso a talleres especializados sobre infraestructura tecnol\u00f3gica, catalogaci\u00f3n cooperativa e inteligencia artificial aplicada a la catalogaci\u00f3n, impartidos por Hugo Agud, Jorge Ram\u00edrez, Francisco de la Rosa y Carlos de la Cruz.<\/p>\n<p>El Seminario Koha constituye una iniciativa del Archivo General de la Naci\u00f3n orientada a fortalecer el intercambio de conocimientos y experiencias en torno a la tecnolog\u00eda, la gesti\u00f3n y la organizaci\u00f3n de la informaci\u00f3n en archivos, bibliotecas y centros de documentaci\u00f3n de la Rep\u00fablica Dominicana. Adem\u00e1s, impulsa la cooperaci\u00f3n interinstitucional y el desarrollo de herramientas que contribuyen al acceso, la preservaci\u00f3n y la difusi\u00f3n del conocimiento.<\/p>\n<p><h3 id=\"relacionado\" class=\"jp-relatedposts-headline\"><em>Relacionado<\/em><\/h3>\n<\/p>\n<p>\t\t\t\t\t\t<!-- .entry-footer --><br \/>\n\t\t\t\t\t\t<!-- \n\n<div data-type=\"_mgwidget\" data-widget-id=\"1743501\"><\/div>\n\n  -->\n\t\t\t\t\t<\/div>\n","protected":false},"excerpt":{"rendered":"El edificio del AGN. (Foto: Archivo General de la Naci\u00f3n) Leer resumen&hellip;\n","protected":false},"author":1,"featured_media":55946,"comment_status":"open","ping_status":"open","sticky":false,"template":"","format":"standard","meta":{"footnotes":""},"categories":[1],"tags":[],"class_list":["post-55945","post","type-post","status-publish","format-standard","has-post-thumbnail","category-nacionales"],"_links":{"self":[{"href":"https:\/\/acronoticias.com\/index.php\/wp-json\/wp\/v2\/posts\/55945","targetHints":{"allow":["GET"]}}],"collection":[{"href":"https:\/\/acronoticias.com\/index.php\/wp-json\/wp\/v2\/posts"}],"about":[{"href":"https:\/\/acronoticias.com\/index.php\/wp-json\/wp\/v2\/types\/post"}],"author":[{"embeddable":true,"href":"https:\/\/acronoticias.com\/index.php\/wp-json\/wp\/v2\/users\/1"}],"replies":[{"embeddable":true,"href":"https:\/\/acronoticias.com\/index.php\/wp-json\/wp\/v2\/comments?post=55945"}],"version-history":[{"count":0,"href":"https:\/\/acronoticias.com\/index.php\/wp-json\/wp\/v2\/posts\/55945\/revisions"}],"wp:featuredmedia":[{"embeddable":true,"href":"https:\/\/acronoticias.com\/index.php\/wp-json\/wp\/v2\/media\/55946"}],"wp:attachment":[{"href":"https:\/\/acronoticias.com\/index.php\/wp-json\/wp\/v2\/media?parent=55945"}],"wp:term":[{"taxonomy":"category","embeddable":true,"href":"https:\/\/acronoticias.com\/index.php\/wp-json\/wp\/v2\/categories?post=55945"},{"taxonomy":"post_tag","embeddable":true,"href":"https:\/\/acronoticias.com\/index.php\/wp-json\/wp\/v2\/tags?post=55945"}],"curies":[{"name":"wp","href":"https:\/\/api.w.org\/{rel}","templated":true}]}}