{"id":55251,"date":"2026-07-15T02:49:34","date_gmt":"2026-07-15T02:49:34","guid":{"rendered":"https:\/\/acronoticias.com\/index.php\/2026\/07\/15\/el-seleccionador-sebastien-migne-deja-el-banquillo-de-haiti-tras-la-eliminacion-en-el-mundial-de-2026\/"},"modified":"2026-07-15T02:49:34","modified_gmt":"2026-07-15T02:49:34","slug":"el-seleccionador-sebastien-migne-deja-el-banquillo-de-haiti-tras-la-eliminacion-en-el-mundial-de-2026","status":"publish","type":"post","link":"https:\/\/acronoticias.com\/index.php\/2026\/07\/15\/el-seleccionador-sebastien-migne-deja-el-banquillo-de-haiti-tras-la-eliminacion-en-el-mundial-de-2026\/","title":{"rendered":"El seleccionador S\u00e9bastien Mign\u00e9 deja el banquillo de Hait\u00ed tras la eliminaci\u00f3n en el Mundial de 2026"},"content":{"rendered":"<div data-td-block-uid=\"tdi_100\">\n<div class=\"tdb-block-inner td-fix-index\">\n<p class=\"wp-block-paragraph\">Puerto Pr\u00edncipe, 14 jul (EFE).- La Federaci\u00f3n Haitiana de F\u00fatbol (FHF) anunci\u00f3 este martes la salida, de mutuo acuerdo, del seleccionador franc\u00e9s S\u00e9bastien Mign\u00e9, despu\u00e9s de la eliminaci\u00f3n de la selecci\u00f3n caribe\u00f1a en la fase de grupos del Mundial de 2026.<\/p>\n<p class=\"wp-block-paragraph\">\u00abSu paso quedar\u00e1 marcado, en particular, por la hist\u00f3rica clasificaci\u00f3n de Hait\u00ed a la Copa Mundial de la FIFA 2026, un logro mayor que permiti\u00f3 a toda una naci\u00f3n reencontrarse con la m\u00e1s prestigiosa de las competiciones mundiales, cincuenta y dos a\u00f1os despu\u00e9s de su primera participaci\u00f3n\u00bb, destac\u00f3 la FHF en un comunicado.<\/p>\n<p class=\"wp-block-paragraph\">Ambas partes acordaron poner fin \u00abde manera amistosa\u00bb a su colaboraci\u00f3n, y la Federaci\u00f3n agradeci\u00f3 al t\u00e9cnico \u00absu profesionalismo, compromiso y dedicaci\u00f3n\u00bb durante el tiempo que dirigi\u00f3 al combinado nacional.<\/p>\n<p class=\"wp-block-paragraph\">La federaci\u00f3n destac\u00f3 que el principal logro de Mign\u00e9 fue conducir a Hait\u00ed a la clasificaci\u00f3n para el Mundial de 2026, el segundo de su historia y el primero desde Alemania 1974, un hito que puso fin a 52 a\u00f1os de ausencia de la m\u00e1xima competici\u00f3n del f\u00fatbol.<\/p>\n<p class=\"wp-block-paragraph\">\u00abEsta decisi\u00f3n, tomada en un esp\u00edritu de respeto mutuo y di\u00e1logo, permite a cada una de las partes continuar serenamente la pr\u00f3xima etapa de su recorrido\u00bb, se\u00f1al\u00f3 la FHF.<\/p>\n<p class=\"wp-block-paragraph\">La salida del entrenador se produce tras la participaci\u00f3n de Hait\u00ed en el Mundial, donde perdi\u00f3 sus tres partidos de la fase de grupos y qued\u00f3 eliminado en la primera ronda.<\/p>\n<p class=\"wp-block-paragraph\">En las \u00faltimas semanas, la continuidad de Mign\u00e9 hab\u00eda sido objeto de conjeturas, mientras parte de la afici\u00f3n cuestionaba su gesti\u00f3n al frente del equipo nacional.<\/p>\n<p class=\"wp-block-paragraph\">La FHF asegur\u00f3 que continuar\u00e1 con el proceso de estructuraci\u00f3n y profesionalizaci\u00f3n del f\u00fatbol haitiano, con el objetivo de consolidar los avances logrados y seguir impulsando el desarrollo del deporte en el pa\u00eds.<\/p>\n<\/div>\n<\/div>\n","protected":false},"excerpt":{"rendered":"Puerto Pr\u00edncipe, 14 jul (EFE).- La Federaci\u00f3n Haitiana de F\u00fatbol (FHF) anunci\u00f3&hellip;\n","protected":false},"author":1,"featured_media":55252,"comment_status":"open","ping_status":"open","sticky":false,"template":"","format":"standard","meta":{"footnotes":""},"categories":[2],"tags":[],"class_list":["post-55251","post","type-post","status-publish","format-standard","has-post-thumbnail","category-deporte"],"_links":{"self":[{"href":"https:\/\/acronoticias.com\/index.php\/wp-json\/wp\/v2\/posts\/55251","targetHints":{"allow":["GET"]}}],"collection":[{"href":"https:\/\/acronoticias.com\/index.php\/wp-json\/wp\/v2\/posts"}],"about":[{"href":"https:\/\/acronoticias.com\/index.php\/wp-json\/wp\/v2\/types\/post"}],"author":[{"embeddable":true,"href":"https:\/\/acronoticias.com\/index.php\/wp-json\/wp\/v2\/users\/1"}],"replies":[{"embeddable":true,"href":"https:\/\/acronoticias.com\/index.php\/wp-json\/wp\/v2\/comments?post=55251"}],"version-history":[{"count":0,"href":"https:\/\/acronoticias.com\/index.php\/wp-json\/wp\/v2\/posts\/55251\/revisions"}],"wp:featuredmedia":[{"embeddable":true,"href":"https:\/\/acronoticias.com\/index.php\/wp-json\/wp\/v2\/media\/55252"}],"wp:attachment":[{"href":"https:\/\/acronoticias.com\/index.php\/wp-json\/wp\/v2\/media?parent=55251"}],"wp:term":[{"taxonomy":"category","embeddable":true,"href":"https:\/\/acronoticias.com\/index.php\/wp-json\/wp\/v2\/categories?post=55251"},{"taxonomy":"post_tag","embeddable":true,"href":"https:\/\/acronoticias.com\/index.php\/wp-json\/wp\/v2\/tags?post=55251"}],"curies":[{"name":"wp","href":"https:\/\/api.w.org\/{rel}","templated":true}]}}