{"id":55249,"date":"2026-07-15T02:47:46","date_gmt":"2026-07-15T02:47:46","guid":{"rendered":"https:\/\/acronoticias.com\/index.php\/2026\/07\/15\/mexico-rechaza-acusaciones-de-jefe-de-la-dea-de-presuntos-nexos-entre-gobierno-y-carteles\/"},"modified":"2026-07-15T02:47:46","modified_gmt":"2026-07-15T02:47:46","slug":"mexico-rechaza-acusaciones-de-jefe-de-la-dea-de-presuntos-nexos-entre-gobierno-y-carteles","status":"publish","type":"post","link":"https:\/\/acronoticias.com\/index.php\/2026\/07\/15\/mexico-rechaza-acusaciones-de-jefe-de-la-dea-de-presuntos-nexos-entre-gobierno-y-carteles\/","title":{"rendered":"M\u00e9xico rechaza acusaciones de jefe de la DEA de presuntos nexos entre gobierno y c\u00e1rteles"},"content":{"rendered":"<div id=\"nota-texto\">\n<p>El Gobierno de <strong>M\u00e9xico<\/strong> rechaz\u00f3 este martes las declaraciones del director de la <strong>Administraci\u00f3n para el Control de Drogas<\/strong> de <strong>Estados Unidos<\/strong> (<strong>DEA<\/strong>), <strong><a href=\"https:\/\/noticiassin.com\/tag\/terry-cole\/\" class=\"nsin-auto-tag-link\">Terry Cole<\/a><\/strong>, quien afirm\u00f3 que existe una \u00abconexi\u00f3n mortal\u00bb entre los c\u00e1rteles de la droga y el gobierno mexicano, y que ambos \u00abson lo mismo\u00bb.<\/p>\n<p>En una tarjeta informativa, el <strong>Gabinete de Seguridad de M\u00e9xico<\/strong> sostuvo que las afirmaciones del funcionario estadounidense son infundadas y contradicen los resultados p\u00fablicos en el combate a la delincuencia organizada.<\/p>\n<p>Las afirmaciones realizadas carecen de sustento y no corresponden a los resultados que, de manera p\u00fablica y verificable, ha presentado el <strong>Gobierno de M\u00e9xico<\/strong> en el combate a las organizaciones criminales\u00bb, indic\u00f3.<\/p>\n<p>En ese sentido, se\u00f1al\u00f3 que desde el inicio de la Administraci\u00f3n de la presidenta mexicana <strong><a href=\"https:\/\/noticiassin.com\/tag\/claudia-sheinbaum\/\" class=\"nsin-auto-tag-link\">Claudia Sheinbaum<\/a><\/strong>, del 1 de octubre de 2024 al 30 de junio de 2026, han sido detenidas 59.582 personas.<\/p>\n<p>Seg\u00fan el Gobierno mexicano, entre los detenidos hay integrantes de todas las organizaciones criminales, as\u00ed como m\u00e1s de 80 servidores y exservidores p\u00fablicos vinculados con actividades il\u00edcitas, incluidos siete presidentes municipales en funciones, como parte de la <strong>Operaci\u00f3n Enjambre<\/strong> y otras investigaciones.<\/p>\n<div class=\"nbs-subscribe-box \">\n<p>Suscribete al newsletter de Noticias SIN<\/p>\n<\/div>\n<p>Lo anterior confirma, seg\u00fan el gobierno, que en <strong>M\u00e9xico<\/strong> \u00abno existe protecci\u00f3n para ninguna persona que incurra en conductas il\u00edcitas\u00bb.<\/p>\n<p>En el mismo periodo, agreg\u00f3, se han decomisado 31.366 armas de fuego y 498 toneladas de droga, entre ellas, m\u00e1s de 2,3 toneladas y 5,5 millones de pastillas de fentanilo.<\/p>\n<p>Asimismo, report\u00f3 la inhabilitaci\u00f3n de 2.627 laboratorios clandestinos para la elaboraci\u00f3n de metanfetaminas.<\/p>\n<p>Por otro lado, el <strong>Gabinete<\/strong> tambi\u00e9n destac\u00f3 que, entre septiembre de 2024 y junio de 2026, el promedio diario de homicidios dolosos disminuy\u00f3 un 48 %.<\/p>\n<p>A\u00f1adi\u00f3 que su Estrategia Nacional de Seguridad se basa en una pol\u00edtica de \u00abcero impunidad\u00bb, con acciones de inteligencia, investigaci\u00f3n y coordinaci\u00f3n entre autoridades federales y estatales.<\/p>\n<p>Finalmente, defendi\u00f3 que la cooperaci\u00f3n bilateral con <strong>Estados Unidos<\/strong> ha permitido detener a objetivos prioritarios requeridos por las autoridades de ese pa\u00eds.<\/p>\n<p>Las declaraciones de <strong>Cole<\/strong> fueron realizadas durante la conferencia \u2018Fentanyl Free America\u2019, en <strong>Orlando<\/strong>, <strong>Florida<\/strong> (EE.UU.), donde afirm\u00f3 que el combate a los c\u00e1rteles y a quienes facilitan sus operaciones constituye la principal prioridad de la <strong>DEA<\/strong>, al sostener que esas redes mantienen v\u00ednculos con funcionarios mexicanos.<\/p>\n<p>El funcionario tambi\u00e9n se\u00f1al\u00f3 que esa presunta \u00abconexi\u00f3n mortal\u00bb entre los c\u00e1rteles y el Gobierno de <strong>M\u00e9xico<\/strong> dificulta los esfuerzos para frenar el tr\u00e1fico de fentanilo y otras drogas hacia <strong>Estados Unidos<\/strong>.<\/p>\n<p>La pol\u00e9mica ocurre en un momento de creciente tensi\u00f3n entre <strong>M\u00e9xico<\/strong> y <strong>Estados Unidos<\/strong> en materia de seguridad, luego de que <strong>Washington<\/strong> solicit\u00f3 la extradici\u00f3n de varios funcionarios del Gobierno de <strong>Sinaloa<\/strong> (noroeste de <strong>M\u00e9xico<\/strong>), incluido el gobernador con licencia, <strong><a href=\"https:\/\/noticiassin.com\/tag\/ruben-rocha-moya\/\" class=\"nsin-auto-tag-link\">Rub\u00e9n Rocha Moya<\/a><\/strong>.\u00a0<\/p>\n<\/div>\n","protected":false},"excerpt":{"rendered":"El Gobierno de M\u00e9xico rechaz\u00f3 este martes las declaraciones del director de&hellip;\n","protected":false},"author":1,"featured_media":55250,"comment_status":"open","ping_status":"open","sticky":false,"template":"","format":"standard","meta":{"footnotes":""},"categories":[3],"tags":[],"class_list":["post-55249","post","type-post","status-publish","format-standard","has-post-thumbnail","category-internacionales"],"_links":{"self":[{"href":"https:\/\/acronoticias.com\/index.php\/wp-json\/wp\/v2\/posts\/55249","targetHints":{"allow":["GET"]}}],"collection":[{"href":"https:\/\/acronoticias.com\/index.php\/wp-json\/wp\/v2\/posts"}],"about":[{"href":"https:\/\/acronoticias.com\/index.php\/wp-json\/wp\/v2\/types\/post"}],"author":[{"embeddable":true,"href":"https:\/\/acronoticias.com\/index.php\/wp-json\/wp\/v2\/users\/1"}],"replies":[{"embeddable":true,"href":"https:\/\/acronoticias.com\/index.php\/wp-json\/wp\/v2\/comments?post=55249"}],"version-history":[{"count":0,"href":"https:\/\/acronoticias.com\/index.php\/wp-json\/wp\/v2\/posts\/55249\/revisions"}],"wp:featuredmedia":[{"embeddable":true,"href":"https:\/\/acronoticias.com\/index.php\/wp-json\/wp\/v2\/media\/55250"}],"wp:attachment":[{"href":"https:\/\/acronoticias.com\/index.php\/wp-json\/wp\/v2\/media?parent=55249"}],"wp:term":[{"taxonomy":"category","embeddable":true,"href":"https:\/\/acronoticias.com\/index.php\/wp-json\/wp\/v2\/categories?post=55249"},{"taxonomy":"post_tag","embeddable":true,"href":"https:\/\/acronoticias.com\/index.php\/wp-json\/wp\/v2\/tags?post=55249"}],"curies":[{"name":"wp","href":"https:\/\/api.w.org\/{rel}","templated":true}]}}