{"id":5000,"date":"2025-11-24T03:00:51","date_gmt":"2025-11-24T03:00:51","guid":{"rendered":"https:\/\/acronoticias.com\/index.php\/2025\/11\/24\/congresistas-de-ee-uu-visitan-rd-para-abordar-seguridad-regional-economia-y-combate-al-narcotrafico-el-nuevo-diario-republica-dominicana\/"},"modified":"2025-11-24T03:00:51","modified_gmt":"2025-11-24T03:00:51","slug":"congresistas-de-ee-uu-visitan-rd-para-abordar-seguridad-regional-economia-y-combate-al-narcotrafico-el-nuevo-diario-republica-dominicana","status":"publish","type":"post","link":"https:\/\/acronoticias.com\/index.php\/2025\/11\/24\/congresistas-de-ee-uu-visitan-rd-para-abordar-seguridad-regional-economia-y-combate-al-narcotrafico-el-nuevo-diario-republica-dominicana\/","title":{"rendered":"Congresistas de EE.UU. visitan RD para abordar seguridad regional, econom\u00eda y combate al narcotr\u00e1fico \u2013 El Nuevo Diario (Rep\u00fablica Dominicana)"},"content":{"rendered":"<p><i class=\"bi bi-camera-fill\" style=\"font-size:18px; color:var(--rojo)\"\/> Foto tomada durante a visita de la delegaci\u00f3n al Palacio Nacional. (Fuente externa)<\/p>\n<div>\n<p>EL NUEVO DIARIO, SANTO DOMINGO. \u2013 Una delegaci\u00f3n bipartidista de legisladores estadounidenses, encabezada por el congresista Brian Mast, republicano de Florida y presidente del Comit\u00e9 de Asuntos Exteriores de la C\u00e1mara de Representantes, realiz\u00f3 una visita de dos d\u00edas a la Rep\u00fablica Dominicana.<\/p>\n<p>La agenda incluy\u00f3 reuniones con altos funcionarios del Gobierno dominicano para discutir temas de seguridad regional, esfuerzos para combatir el narcotr\u00e1fico y oportunidades econ\u00f3micas para ambas naciones.<\/p>\n<p>El grupo estuvo integrado por ocho miembros del Congreso: el representante Bill Huizenga, de Michigan; Jefferson Shreve, de Indiana; Ryan Mackenzie, de Pensilvania; Michael Baumgartner, de Washington; Randy Fine, de Florida; Ami Bera y Jimmy Panetta, de California. Esta delegaci\u00f3n refleja un amplio apoyo bipartidista en Washington para fortalecer los lazos con la Rep\u00fablica Dominicana y abordar los desaf\u00edos compartidos en el Caribe.\u00a0<img loading=\"lazy\" data-recalc-dims=\"1\" data-dominant-color=\"ad8c64\" data-has-transparency=\"false\" style=\"--dominant-color: #ad8c64;\" decoding=\"async\" class=\"alignnone size-full wp-image-2908770 not-transparent\" src=\"https:\/\/i0.wp.com\/nuevodiario-assets.s3.us-east-2.amazonaws.com\/wp-content\/uploads\/2025\/11\/d066fbbf-f2b3-4f0c-a7ef-2bed97b9b2c7.jpeg?resize=640%2C427&amp;quality=100&amp;ssl=1\" alt=\"\" width=\"640\" height=\"427\" srcset=\"https:\/\/nuevodiario-assets.s3.us-east-2.amazonaws.com\/wp-content\/uploads\/2025\/11\/d066fbbf-f2b3-4f0c-a7ef-2bed97b9b2c7.jpeg 1280w, https:\/\/nuevodiario-assets.s3.us-east-2.amazonaws.com\/wp-content\/uploads\/2025\/11\/d066fbbf-f2b3-4f0c-a7ef-2bed97b9b2c7.jpeg 400w, https:\/\/nuevodiario-assets.s3.us-east-2.amazonaws.com\/wp-content\/uploads\/2025\/11\/d066fbbf-f2b3-4f0c-a7ef-2bed97b9b2c7.jpeg 800w, https:\/\/nuevodiario-assets.s3.us-east-2.amazonaws.com\/wp-content\/uploads\/2025\/11\/d066fbbf-f2b3-4f0c-a7ef-2bed97b9b2c7.jpeg 768w, https:\/\/nuevodiario-assets.s3.us-east-2.amazonaws.com\/wp-content\/uploads\/2025\/11\/d066fbbf-f2b3-4f0c-a7ef-2bed97b9b2c7.jpeg 410w, https:\/\/nuevodiario-assets.s3.us-east-2.amazonaws.com\/wp-content\/uploads\/2025\/11\/d066fbbf-f2b3-4f0c-a7ef-2bed97b9b2c7.jpeg 600w\" sizes=\"auto, (max-width: 640px) 100vw, 640px\"\/><\/p>\n<p>La delegaci\u00f3n, acompa\u00f1ada por la embajadora de los Estados Unidos en el pa\u00eds, Leah F. Campos, inici\u00f3 su visita con una reuni\u00f3n con el presidente Luis Abinader; el ministro de Relaciones Exteriores, Roberto \u00c1lvarez; el ministro de Defensa, Carlos Antonio Fern\u00e1ndez Onofre; el ministro de Energ\u00eda y Minas, Joel Santos; la procuradora general, Yeni Berenice Reynoso; el director de la Direcci\u00f3n Nacional de Control de Drogas, vicealmirante Jos\u00e9 M. Cabrera Ulloa; el director general de Migraci\u00f3n, vicealmirante Luis Rafael Lee Ballester; y el general de brigada piloto Mao G\u00f3mez, l\u00edder de la Fuerza de Tarea de apoyo a la Misi\u00f3n Multinacional a la Seguridad en Hait\u00ed (MSS) y Fuerza de Supresi\u00f3n de Pandillas (GSF), entre otros miembros de la delegaci\u00f3n dominicana.<\/p>\n<p>Posteriormente, sostuvieron reuniones programadas en Canciller\u00eda y con altos funcionarios del gobierno, donde discutieron sobre seguridad regional, consolidaci\u00f3n de los \u00e9xitos en el combate al narcotr\u00e1fico y oportunidades econ\u00f3micas para ambas naciones.<\/p>\n<p><img data-recalc-dims=\"1\" data-dominant-color=\"977967\" data-has-transparency=\"false\" style=\"--dominant-color: #977967;\" loading=\"lazy\" decoding=\"async\" class=\"alignnone size-full wp-image-2908769 not-transparent\" src=\"https:\/\/i0.wp.com\/nuevodiario-assets.s3.us-east-2.amazonaws.com\/wp-content\/uploads\/2025\/11\/b1b57a8e-856e-419d-871a-bc53ee5a4c7d.jpeg?resize=640%2C427&amp;quality=100&amp;ssl=1\" alt=\"\" width=\"640\" height=\"427\" srcset=\"https:\/\/nuevodiario-assets.s3.us-east-2.amazonaws.com\/wp-content\/uploads\/2025\/11\/b1b57a8e-856e-419d-871a-bc53ee5a4c7d.jpeg 1280w, https:\/\/nuevodiario-assets.s3.us-east-2.amazonaws.com\/wp-content\/uploads\/2025\/11\/b1b57a8e-856e-419d-871a-bc53ee5a4c7d.jpeg 400w, https:\/\/nuevodiario-assets.s3.us-east-2.amazonaws.com\/wp-content\/uploads\/2025\/11\/b1b57a8e-856e-419d-871a-bc53ee5a4c7d.jpeg 800w, https:\/\/nuevodiario-assets.s3.us-east-2.amazonaws.com\/wp-content\/uploads\/2025\/11\/b1b57a8e-856e-419d-871a-bc53ee5a4c7d.jpeg 768w, https:\/\/nuevodiario-assets.s3.us-east-2.amazonaws.com\/wp-content\/uploads\/2025\/11\/b1b57a8e-856e-419d-871a-bc53ee5a4c7d.jpeg 410w, https:\/\/nuevodiario-assets.s3.us-east-2.amazonaws.com\/wp-content\/uploads\/2025\/11\/b1b57a8e-856e-419d-871a-bc53ee5a4c7d.jpeg 600w\" sizes=\"auto, (max-width: 640px) 100vw, 640px\"\/><\/p>\n<p>Luego sostuvieron reuniones con miembros del Congreso Nacional, incluido el presidente del Senado, Ricardo de los Santos, y el presidente de la C\u00e1mara de Diputados, Alfredo Pacheco. Finalmente, se reunieron con la alcaldesa de Santo Domingo, Carolina Mej\u00eda, en la hist\u00f3rica Zona Colonial, junto al alcalde de Santo Domingo Este, Dio Astacio, cuyo municipio es ciudad hermana de Allentown, Pennsylvania, ubicada en el distrito del representante Ryan Mackenzie.<\/p>\n<p style=\"text-align: center;\"><em>La embajadora Campos describi\u00f3 a la Rep\u00fablica Dominicana como un \u00absocio clave\u00bb en la regi\u00f3n, destacando el liderazgo del pa\u00eds en promover la estabilidad y contrarrestar amenazas transnacionales. \u00abNuestras reuniones reafirman la s\u00f3lida asociaci\u00f3n entre nuestras naciones y nuestro compromiso compartido de fortalecer el comercio y reforzar la seguridad\u00bb, se\u00f1al\u00f3 Campos.<\/em><\/p>\n<p><img data-recalc-dims=\"1\" data-dominant-color=\"685240\" data-has-transparency=\"false\" style=\"--dominant-color: #685240;\" loading=\"lazy\" decoding=\"async\" class=\"alignnone size-full wp-image-2908772 not-transparent\" src=\"https:\/\/i0.wp.com\/nuevodiario-assets.s3.us-east-2.amazonaws.com\/wp-content\/uploads\/2025\/11\/8cf702bf-408b-4a0e-8dd9-3aca68d7f56d.jpeg?resize=640%2C427&amp;quality=100&amp;ssl=1\" alt=\"\" width=\"640\" height=\"427\" srcset=\"https:\/\/nuevodiario-assets.s3.us-east-2.amazonaws.com\/wp-content\/uploads\/2025\/11\/8cf702bf-408b-4a0e-8dd9-3aca68d7f56d.jpeg 1370w, https:\/\/nuevodiario-assets.s3.us-east-2.amazonaws.com\/wp-content\/uploads\/2025\/11\/8cf702bf-408b-4a0e-8dd9-3aca68d7f56d.jpeg 400w, https:\/\/nuevodiario-assets.s3.us-east-2.amazonaws.com\/wp-content\/uploads\/2025\/11\/8cf702bf-408b-4a0e-8dd9-3aca68d7f56d.jpeg 800w, https:\/\/nuevodiario-assets.s3.us-east-2.amazonaws.com\/wp-content\/uploads\/2025\/11\/8cf702bf-408b-4a0e-8dd9-3aca68d7f56d.jpeg 768w, https:\/\/nuevodiario-assets.s3.us-east-2.amazonaws.com\/wp-content\/uploads\/2025\/11\/8cf702bf-408b-4a0e-8dd9-3aca68d7f56d.jpeg 600w, https:\/\/nuevodiario-assets.s3.us-east-2.amazonaws.com\/wp-content\/uploads\/2025\/11\/8cf702bf-408b-4a0e-8dd9-3aca68d7f56d.jpeg 1280w\" sizes=\"auto, (max-width: 640px) 100vw, 640px\"\/><\/p>\n<p>\u00abEstados Unidos tiene una relaci\u00f3n cercana con la Rep\u00fablica Dominicana en colaborar para la seguridad regional. La visita de nuestra delegaci\u00f3n reafirm\u00f3 este hecho\u201d, dijo el jefe de la delegaci\u00f3n, Brian Mast. \u201cEstamos comprometidos con seguir fortaleciendo la seguridad y la prosperidad de Estados Unidos, de la Rep\u00fablica Dominicana, Hait\u00ed y de todo el hemisferio occidental por muchos a\u00f1os m\u00e1s\u201d.<\/p>\n<p>El fortalecimiento del comercio bilateral y la cooperaci\u00f3n econ\u00f3mica fue un tema central en las reuniones de la delegaci\u00f3n. Como una de las econom\u00edas m\u00e1s din\u00e1micas y de r\u00e1pido crecimiento del Caribe, la Rep\u00fablica Dominicana desempe\u00f1a un papel fundamental en la promoci\u00f3n de la estabilidad y la prosperidad de la regi\u00f3n. Los representantes reiteraron su apoyo a iniciativas que impulsan el crecimiento econ\u00f3mico, aumentan la inversi\u00f3n y ampl\u00edan las oportunidades para empresas y trabajadores de ambos pa\u00edses.<\/p>\n<p><img data-recalc-dims=\"1\" data-dominant-color=\"9a714d\" data-has-transparency=\"false\" style=\"--dominant-color: #9a714d;\" loading=\"lazy\" decoding=\"async\" class=\"alignnone size-full wp-image-2908771 not-transparent\" src=\"https:\/\/i0.wp.com\/nuevodiario-assets.s3.us-east-2.amazonaws.com\/wp-content\/uploads\/2025\/11\/a4df8d11-6c20-44b4-9ac5-b5fcdcae065d.jpeg?resize=640%2C427&amp;quality=100&amp;ssl=1\" alt=\"\" width=\"640\" height=\"427\" srcset=\"https:\/\/nuevodiario-assets.s3.us-east-2.amazonaws.com\/wp-content\/uploads\/2025\/11\/a4df8d11-6c20-44b4-9ac5-b5fcdcae065d.jpeg 1280w, https:\/\/nuevodiario-assets.s3.us-east-2.amazonaws.com\/wp-content\/uploads\/2025\/11\/a4df8d11-6c20-44b4-9ac5-b5fcdcae065d.jpeg 400w, https:\/\/nuevodiario-assets.s3.us-east-2.amazonaws.com\/wp-content\/uploads\/2025\/11\/a4df8d11-6c20-44b4-9ac5-b5fcdcae065d.jpeg 800w, https:\/\/nuevodiario-assets.s3.us-east-2.amazonaws.com\/wp-content\/uploads\/2025\/11\/a4df8d11-6c20-44b4-9ac5-b5fcdcae065d.jpeg 768w, https:\/\/nuevodiario-assets.s3.us-east-2.amazonaws.com\/wp-content\/uploads\/2025\/11\/a4df8d11-6c20-44b4-9ac5-b5fcdcae065d.jpeg 410w, https:\/\/nuevodiario-assets.s3.us-east-2.amazonaws.com\/wp-content\/uploads\/2025\/11\/a4df8d11-6c20-44b4-9ac5-b5fcdcae065d.jpeg 600w\" sizes=\"auto, (max-width: 640px) 100vw, 640px\"\/><\/p>\n<p>Durante un recorrido por el Palacio Consistorial de 500 a\u00f1os de antig\u00fcedad, organizado por la alcaldesa Carolina Mej\u00eda, la delegaci\u00f3n tambi\u00e9n destac\u00f3 los fuertes v\u00ednculos culturales, comerciales y comunitarios compartidos entre Estados Unidos y la Rep\u00fablica Dominicana, as\u00ed como el importante papel que estas conexiones desempe\u00f1an en el apoyo a la cooperaci\u00f3n en m\u00faltiples sectores, incluyendo seguridad, comercio y gobernanza.<\/p>\n<p><h3 class=\"jp-relatedposts-headline\"><em>Relacionado<\/em><\/h3>\n<\/p>\n<p>\t\t\t\t\t\t<!-- .entry-footer --><br \/>\n\t\t\t\t\t\t<!-- \n\n<div data-type=\"_mgwidget\" data-widget-id=\"1743501\"><\/div>\n\n  -->\n\t\t\t\t\t<\/div>\n","protected":false},"excerpt":{"rendered":"<p>Foto tomada durante a visita de la delegaci\u00f3n al Palacio Nacional. (Fuente externa) EL NUEVO DIARIO, SANTO DOMINGO. \u2013 Una delegaci\u00f3n bipartidista de legisladores estadounidenses, encabezada por el congresista Brian Mast, republicano de Florida y presidente del Comit\u00e9 de Asuntos Exteriores de la C\u00e1mara de Representantes, realiz\u00f3 una visita de dos d\u00edas a la Rep\u00fablica<\/p>\n","protected":false},"author":1,"featured_media":5001,"comment_status":"open","ping_status":"open","sticky":false,"template":"","format":"standard","meta":{"footnotes":""},"categories":[1],"tags":[],"class_list":["post-5000","post","type-post","status-publish","format-standard","has-post-thumbnail","hentry","category-nacionales"],"_links":{"self":[{"href":"https:\/\/acronoticias.com\/index.php\/wp-json\/wp\/v2\/posts\/5000","targetHints":{"allow":["GET"]}}],"collection":[{"href":"https:\/\/acronoticias.com\/index.php\/wp-json\/wp\/v2\/posts"}],"about":[{"href":"https:\/\/acronoticias.com\/index.php\/wp-json\/wp\/v2\/types\/post"}],"author":[{"embeddable":true,"href":"https:\/\/acronoticias.com\/index.php\/wp-json\/wp\/v2\/users\/1"}],"replies":[{"embeddable":true,"href":"https:\/\/acronoticias.com\/index.php\/wp-json\/wp\/v2\/comments?post=5000"}],"version-history":[{"count":0,"href":"https:\/\/acronoticias.com\/index.php\/wp-json\/wp\/v2\/posts\/5000\/revisions"}],"wp:featuredmedia":[{"embeddable":true,"href":"https:\/\/acronoticias.com\/index.php\/wp-json\/wp\/v2\/media\/5001"}],"wp:attachment":[{"href":"https:\/\/acronoticias.com\/index.php\/wp-json\/wp\/v2\/media?parent=5000"}],"wp:term":[{"taxonomy":"category","embeddable":true,"href":"https:\/\/acronoticias.com\/index.php\/wp-json\/wp\/v2\/categories?post=5000"},{"taxonomy":"post_tag","embeddable":true,"href":"https:\/\/acronoticias.com\/index.php\/wp-json\/wp\/v2\/tags?post=5000"}],"curies":[{"name":"wp","href":"https:\/\/api.w.org\/{rel}","templated":true}]}}