{"id":4458,"date":"2025-11-21T08:13:10","date_gmt":"2025-11-21T08:13:10","guid":{"rendered":"https:\/\/acronoticias.com\/index.php\/2025\/11\/21\/apresan-exregidor-de-boca-chica-vinculado-a-asuntos-de-droga\/"},"modified":"2025-11-21T08:13:10","modified_gmt":"2025-11-21T08:13:10","slug":"apresan-exregidor-de-boca-chica-vinculado-a-asuntos-de-droga","status":"publish","type":"post","link":"https:\/\/acronoticias.com\/index.php\/2025\/11\/21\/apresan-exregidor-de-boca-chica-vinculado-a-asuntos-de-droga\/","title":{"rendered":"Apresan exregidor de Boca Chica vinculado a asuntos de droga"},"content":{"rendered":"<div data-td-block-uid=\"tdi_101\">\n<div class=\"tdb-block-inner td-fix-index\">\n<p><strong>Santo Domingo<\/strong>.- Seg\u00fan confirmaron a RNN fuentes ligadas a la investigaci\u00f3n, fue apresado el ex-regidor del PRM, Francisco Paulino, el cual estaba siendo investigado y se le vincula a asuntos de droga.<\/p>\n<p>Se supo adem\u00e1s que junto a Paulino apresaron a otras 14 personas como parte de un operativo que incluy\u00f3 una decena de allanamientos por parte de las autoridades. <\/p>\n<div class=\"wp-block-media-text is-stacked-on-mobile\" style=\"grid-template-columns:42% auto\">\n<figure class=\"wp-block-media-text__media\"><img data-recalc-dims=\"1\" fetchpriority=\"high\" decoding=\"async\" width=\"319\" height=\"271\" data-attachment-id=\"466642\" data-permalink=\"https:\/\/rnn.com.do\/apresan-exregidor-del-prm-de-boca-chica-vinculado-a-cargamentos-de-droga\/ex-regidor\/\" data-orig-file=\"https:\/\/i0.wp.com\/rnn.com.do\/wp-content\/uploads\/2025\/11\/ex-regidor-e1763663236156.jpg?fit=319%2C271&amp;ssl=1\" data-orig-size=\"319,271\" data-comments-opened=\"1\" data-image-meta=\"{&quot;aperture&quot;:&quot;0&quot;,&quot;credit&quot;:&quot;Fernanda&quot;,&quot;camera&quot;:&quot;&quot;,&quot;caption&quot;:&quot;&quot;,&quot;created_timestamp&quot;:&quot;1763648748&quot;,&quot;copyright&quot;:&quot;&quot;,&quot;focal_length&quot;:&quot;0&quot;,&quot;iso&quot;:&quot;0&quot;,&quot;shutter_speed&quot;:&quot;0&quot;,&quot;title&quot;:&quot;&quot;,&quot;orientation&quot;:&quot;0&quot;}\" data-image-title=\"ex regidor\" data-image-description=\"\" data-image-caption=\"\" data-medium-file=\"https:\/\/i0.wp.com\/rnn.com.do\/wp-content\/uploads\/2025\/11\/ex-regidor-e1763663236156.jpg?fit=300%2C255&amp;ssl=1\" data-large-file=\"https:\/\/i0.wp.com\/rnn.com.do\/wp-content\/uploads\/2025\/11\/ex-regidor-e1763663236156.jpg?fit=319%2C271&amp;ssl=1\" src=\"https:\/\/i0.wp.com\/rnn.com.do\/wp-content\/uploads\/2025\/11\/ex-regidor-e1763663236156.jpg?resize=319%2C271&amp;ssl=1\" alt=\"\" class=\"wp-image-466642 size-full\" srcset=\"https:\/\/i0.wp.com\/rnn.com.do\/wp-content\/uploads\/2025\/11\/ex-regidor-e1763663236156.jpg?w=319&amp;ssl=1 319w, https:\/\/i0.wp.com\/rnn.com.do\/wp-content\/uploads\/2025\/11\/ex-regidor-e1763663236156.jpg?resize=300%2C255&amp;ssl=1 300w, https:\/\/i0.wp.com\/rnn.com.do\/wp-content\/uploads\/2025\/11\/ex-regidor-e1763663236156.jpg?resize=150%2C127&amp;ssl=1 150w\" sizes=\"(max-width: 319px) 100vw, 319px\"\/><\/figure>\n<div class=\"wp-block-media-text__content\">\n<p>Captura de pantalla de un v\u00eddeo en el que el acusado es custodiado por autoridades militares.<\/p>\n<\/div>\n<\/div>\n<p>Francisco Paulino, conocido en Boca Chica como \u201c<strong>El Perro<\/strong>\u201d, fue uno de los regidores m\u00e1s populares de esa demarcaci\u00f3n donde presidi\u00f3 la Sala Capitular del ayuntamiento y se present\u00f3 como aspirante para ser alcalde.<\/p>\n<p>Paulino es militante del <strong>Partido Revolucionario Moderno<\/strong> y era conocido porque era muy activo pol\u00edticamente, as\u00ed como por su participaci\u00f3n en campa\u00f1as municipales.<\/p>\n<\/div>\n<\/div>\n","protected":false},"excerpt":{"rendered":"<p>Santo Domingo.- Seg\u00fan confirmaron a RNN fuentes ligadas a la investigaci\u00f3n, fue apresado el ex-regidor del PRM, Francisco Paulino, el cual estaba siendo investigado y se le vincula a asuntos de droga. Se supo adem\u00e1s que junto a Paulino apresaron a otras 14 personas como parte de un operativo que incluy\u00f3 una decena de allanamientos<\/p>\n","protected":false},"author":1,"featured_media":4459,"comment_status":"open","ping_status":"open","sticky":false,"template":"","format":"standard","meta":{"footnotes":""},"categories":[1],"tags":[],"class_list":["post-4458","post","type-post","status-publish","format-standard","has-post-thumbnail","hentry","category-nacionales"],"_links":{"self":[{"href":"https:\/\/acronoticias.com\/index.php\/wp-json\/wp\/v2\/posts\/4458","targetHints":{"allow":["GET"]}}],"collection":[{"href":"https:\/\/acronoticias.com\/index.php\/wp-json\/wp\/v2\/posts"}],"about":[{"href":"https:\/\/acronoticias.com\/index.php\/wp-json\/wp\/v2\/types\/post"}],"author":[{"embeddable":true,"href":"https:\/\/acronoticias.com\/index.php\/wp-json\/wp\/v2\/users\/1"}],"replies":[{"embeddable":true,"href":"https:\/\/acronoticias.com\/index.php\/wp-json\/wp\/v2\/comments?post=4458"}],"version-history":[{"count":0,"href":"https:\/\/acronoticias.com\/index.php\/wp-json\/wp\/v2\/posts\/4458\/revisions"}],"wp:featuredmedia":[{"embeddable":true,"href":"https:\/\/acronoticias.com\/index.php\/wp-json\/wp\/v2\/media\/4459"}],"wp:attachment":[{"href":"https:\/\/acronoticias.com\/index.php\/wp-json\/wp\/v2\/media?parent=4458"}],"wp:term":[{"taxonomy":"category","embeddable":true,"href":"https:\/\/acronoticias.com\/index.php\/wp-json\/wp\/v2\/categories?post=4458"},{"taxonomy":"post_tag","embeddable":true,"href":"https:\/\/acronoticias.com\/index.php\/wp-json\/wp\/v2\/tags?post=4458"}],"curies":[{"name":"wp","href":"https:\/\/api.w.org\/{rel}","templated":true}]}}