{"id":38572,"date":"2026-05-03T15:45:38","date_gmt":"2026-05-03T15:45:38","guid":{"rendered":"https:\/\/acronoticias.com\/index.php\/2026\/05\/03\/leon-xiv-recibe-a-marco-rubio-en-el-vaticano\/"},"modified":"2026-05-03T15:45:38","modified_gmt":"2026-05-03T15:45:38","slug":"leon-xiv-recibe-a-marco-rubio-en-el-vaticano","status":"publish","type":"post","link":"https:\/\/acronoticias.com\/index.php\/2026\/05\/03\/leon-xiv-recibe-a-marco-rubio-en-el-vaticano\/","title":{"rendered":"Le\u00f3n XIV recibe a Marco Rubio en el Vaticano"},"content":{"rendered":"<div id=\"nota-texto\">\n<p><strong>Ciudad del Vaticano<\/strong>.- El papa Le\u00f3n XIV recibir\u00e1 en el Vaticano al secretario de Estado estadounidense, Marco Rubio, un encuentro que se produce un mes despu\u00e9s del desencuentro mantenido entre el pont\u00edfice y el presidente de EE.UU., Donald Trump.<\/p>\n<p>La reuni\u00f3n en el Vaticano est\u00e1 prevista para este jueves, seg\u00fan adelantan medios italianos, se\u00f1alando fuentes de la Santa Sede.<\/p>\n<p><strong>Le\u00f3n XIV<\/strong>, primer pont\u00edfice estadounidense de la historia y que ya antes de su elecci\u00f3n, hace ahora un a\u00f1o, hab\u00eda criticado las pol\u00edticas migratorias de Trump, ha mantenido un choque a distancia con el mandatario republicano, esta vez debido a la guerra en Ir\u00e1n.<\/p>\n<p>Hace un mes, el 7 de abril, el papa tach\u00f3 de \u00abinaceptable\u00bb la amenaza del presidente estadounidense de acabar con \u00abtoda una civilizaci\u00f3n\u00bb en su guerra contra Teher\u00e1n, a lo que Trump respondi\u00f3 llam\u00e1ndole \u00abd\u00e9bil\u00bb y \u00abp\u00e9simo en pol\u00edtica exterior\u00bb.<\/p>\n<p>Una semana despu\u00e9s, Le\u00f3n XIV zanj\u00f3 el desencuentro asegurando no temer a la Administraci\u00f3n Trump ni tener alg\u00fan inter\u00e9s en debatir con el mandatario, avanzando su intenci\u00f3n de seguir predicando la paz.<\/p>\n<p>\u00abNo, no le tengo miedo a la administraci\u00f3n Trump, ni a proclamar el mensaje del Evangelio en voz alta, que es para lo que creo que debo estar aqu\u00ed, y por eso est\u00e1 aqu\u00ed la Iglesia. No somos pol\u00edticos, no vemos la pol\u00edtica exterior desde la misma perspectiva, sino como constructores de paz\u00bb, dijo en el primer d\u00eda de su viaje a \u00c1frica.<\/p>\n<p>El jefe de la diplomacia estadounidense volar\u00e1 a Roma para, adem\u00e1s de otros previsibles compromisos en la capital italiana, reunirse con el papa compatriota y tratar de apuntalar la relaci\u00f3n entre Washington y el Vaticano.<\/p>\n<p><strong>No ser\u00e1 la primera vez que se vean sino que ya el 19 de mayo de 2025 Le\u00f3n XIV se reuni\u00f3 con Rubio y el vicepresidente de EE.UU., JD Vance, ambos cat\u00f3licos, un d\u00eda despu\u00e9s del inicio de su papado.<\/strong><\/p>\n<p>Precisamente el pr\u00f3ximo viernes 8 de mayo se cumplir\u00e1 el primer aniversario de la elecci\u00f3n de Prevost, una jornada que celebrar\u00e1 visitando el santuario de Nuestra Se\u00f1ora del Rosario en Pompeya, cerca de N\u00e1poles (sur).<\/p>\n<\/div>\n","protected":false},"excerpt":{"rendered":"<p>Ciudad del Vaticano.- El papa Le\u00f3n XIV recibir\u00e1 en el Vaticano al secretario de Estado estadounidense, Marco Rubio, un encuentro que se produce un mes despu\u00e9s del desencuentro mantenido entre el pont\u00edfice y el presidente de EE.UU., Donald Trump. La reuni\u00f3n en el Vaticano est\u00e1 prevista para este jueves, seg\u00fan adelantan medios italianos, se\u00f1alando fuentes<\/p>\n","protected":false},"author":1,"featured_media":38573,"comment_status":"open","ping_status":"open","sticky":false,"template":"","format":"standard","meta":{"footnotes":""},"categories":[3],"tags":[],"class_list":["post-38572","post","type-post","status-publish","format-standard","has-post-thumbnail","hentry","category-internacionales"],"_links":{"self":[{"href":"https:\/\/acronoticias.com\/index.php\/wp-json\/wp\/v2\/posts\/38572","targetHints":{"allow":["GET"]}}],"collection":[{"href":"https:\/\/acronoticias.com\/index.php\/wp-json\/wp\/v2\/posts"}],"about":[{"href":"https:\/\/acronoticias.com\/index.php\/wp-json\/wp\/v2\/types\/post"}],"author":[{"embeddable":true,"href":"https:\/\/acronoticias.com\/index.php\/wp-json\/wp\/v2\/users\/1"}],"replies":[{"embeddable":true,"href":"https:\/\/acronoticias.com\/index.php\/wp-json\/wp\/v2\/comments?post=38572"}],"version-history":[{"count":0,"href":"https:\/\/acronoticias.com\/index.php\/wp-json\/wp\/v2\/posts\/38572\/revisions"}],"wp:featuredmedia":[{"embeddable":true,"href":"https:\/\/acronoticias.com\/index.php\/wp-json\/wp\/v2\/media\/38573"}],"wp:attachment":[{"href":"https:\/\/acronoticias.com\/index.php\/wp-json\/wp\/v2\/media?parent=38572"}],"wp:term":[{"taxonomy":"category","embeddable":true,"href":"https:\/\/acronoticias.com\/index.php\/wp-json\/wp\/v2\/categories?post=38572"},{"taxonomy":"post_tag","embeddable":true,"href":"https:\/\/acronoticias.com\/index.php\/wp-json\/wp\/v2\/tags?post=38572"}],"curies":[{"name":"wp","href":"https:\/\/api.w.org\/{rel}","templated":true}]}}