{"id":38570,"date":"2026-05-03T14:28:34","date_gmt":"2026-05-03T14:28:34","guid":{"rendered":"https:\/\/acronoticias.com\/index.php\/2026\/05\/03\/fucimdres-anuncia-carrera-7k-para-periodistas-comunicadores-e-influencers-en-sde\/"},"modified":"2026-05-03T14:28:34","modified_gmt":"2026-05-03T14:28:34","slug":"fucimdres-anuncia-carrera-7k-para-periodistas-comunicadores-e-influencers-en-sde","status":"publish","type":"post","link":"https:\/\/acronoticias.com\/index.php\/2026\/05\/03\/fucimdres-anuncia-carrera-7k-para-periodistas-comunicadores-e-influencers-en-sde\/","title":{"rendered":"FUCIMDRES anuncia carrera 7K para periodistas, comunicadores e influencers en SDE"},"content":{"rendered":"<div id=\"mvp-content-main\">\n<p><strong>Santo Domingo Este.\u2013<\/strong> La Fundaci\u00f3n del C\u00edrculo de Medios Digitales y Redes Sociales (FUCIMDRES) que dirige el periodista y abogado, Kelvin Fa\u00f1a, anunci\u00f3 la celebraci\u00f3n de su tradicional carrera 7K para periodistas, comunicadores, influencers y amigos, bajo el lema \u201cLa vuelta al Faro a Col\u00f3n y Parque del Este\u201d, pautada para el pr\u00f3ximo s\u00e1bado 18 de julio de 2026, a partir de las 7:00 de la ma\u00f1ana.<\/p>\n<p>El anuncio fue realizado por Kelvin Fa\u00f1a durante la celebraci\u00f3n del III Congreso de Medios Digitales y Redes Sociales, donde destac\u00f3 la importancia de fomentar la salud, la integraci\u00f3n y la confraternidad entre los profesionales de la comunicaci\u00f3n y creadores de contenido.<\/p>\n<p>\u201cCon esta jornada buscamos unir al sector comunicaci\u00f3n en una actividad sana, familiar y de bienestar f\u00edsico, al tiempo de resaltar espacios emblem\u00e1ticos de Santo Domingo Este como el Faro a Col\u00f3n y el Parque del Este\u201d, expres\u00f3 Fa\u00f1a.<\/p>\n<p>Indic\u00f3 que en los pr\u00f3ximos d\u00edas se ofrecer\u00e1n m\u00e1s detalles sobre las inscripciones, ruta oficial, premios y patrocinadores del evento, el cual espera reunir a decenas de participantes de todo el pa\u00eds.<\/p>\n<p>La carrera 7K de FUCIMDRES se proyecta como uno de los principales encuentros deportivos y recreativos del sector comunicaci\u00f3n en la Rep\u00fablica Dominicana, fortaleciendo los lazos entre periodistas, medios digitales e influencers.<\/p>\n<\/div>\n","protected":false},"excerpt":{"rendered":"<p>Santo Domingo Este.\u2013 La Fundaci\u00f3n del C\u00edrculo de Medios Digitales y Redes Sociales (FUCIMDRES) que dirige el periodista y abogado, Kelvin Fa\u00f1a, anunci\u00f3 la celebraci\u00f3n de su tradicional carrera 7K para periodistas, comunicadores, influencers y amigos, bajo el lema \u201cLa vuelta al Faro a Col\u00f3n y Parque del Este\u201d, pautada para el pr\u00f3ximo s\u00e1bado 18<\/p>\n","protected":false},"author":1,"featured_media":38571,"comment_status":"open","ping_status":"open","sticky":false,"template":"","format":"standard","meta":{"footnotes":""},"categories":[1],"tags":[],"class_list":["post-38570","post","type-post","status-publish","format-standard","has-post-thumbnail","hentry","category-nacionales"],"_links":{"self":[{"href":"https:\/\/acronoticias.com\/index.php\/wp-json\/wp\/v2\/posts\/38570","targetHints":{"allow":["GET"]}}],"collection":[{"href":"https:\/\/acronoticias.com\/index.php\/wp-json\/wp\/v2\/posts"}],"about":[{"href":"https:\/\/acronoticias.com\/index.php\/wp-json\/wp\/v2\/types\/post"}],"author":[{"embeddable":true,"href":"https:\/\/acronoticias.com\/index.php\/wp-json\/wp\/v2\/users\/1"}],"replies":[{"embeddable":true,"href":"https:\/\/acronoticias.com\/index.php\/wp-json\/wp\/v2\/comments?post=38570"}],"version-history":[{"count":0,"href":"https:\/\/acronoticias.com\/index.php\/wp-json\/wp\/v2\/posts\/38570\/revisions"}],"wp:featuredmedia":[{"embeddable":true,"href":"https:\/\/acronoticias.com\/index.php\/wp-json\/wp\/v2\/media\/38571"}],"wp:attachment":[{"href":"https:\/\/acronoticias.com\/index.php\/wp-json\/wp\/v2\/media?parent=38570"}],"wp:term":[{"taxonomy":"category","embeddable":true,"href":"https:\/\/acronoticias.com\/index.php\/wp-json\/wp\/v2\/categories?post=38570"},{"taxonomy":"post_tag","embeddable":true,"href":"https:\/\/acronoticias.com\/index.php\/wp-json\/wp\/v2\/tags?post=38570"}],"curies":[{"name":"wp","href":"https:\/\/api.w.org\/{rel}","templated":true}]}}