{"id":38566,"date":"2026-05-03T13:40:43","date_gmt":"2026-05-03T13:40:43","guid":{"rendered":"https:\/\/acronoticias.com\/index.php\/2026\/05\/03\/que-es-y-por-que\/"},"modified":"2026-05-03T13:40:43","modified_gmt":"2026-05-03T13:40:43","slug":"que-es-y-por-que","status":"publish","type":"post","link":"https:\/\/acronoticias.com\/index.php\/2026\/05\/03\/que-es-y-por-que\/","title":{"rendered":"qu\u00e9 es y por qu\u00e9"},"content":{"rendered":"<div id=\"nota-texto\">\n<p><strong>REDACCI\u00d3N.<\/strong> \u2013 Cada 3 de mayo se conmemora el <strong>D\u00eda Mundial de la Libertad de Prensa,<\/strong> una fecha dedicada a reafirmar los principios fundamentales de este derecho y a evaluar su situaci\u00f3n en todo el mundo.<\/p>\n<p>La jornada tambi\u00e9n sirve para <strong>defender la independencia de los medios de comunicaci\u00f3n <\/strong>frente a ataques y presiones, as\u00ed como para rendir homenaje a los periodistas que han perdido la vida en el ejercicio de su labor informativa.<\/p>\n<p>Esta conmemoraci\u00f3n <strong>fue proclamada en 1993 por la Asamblea General de las Naciones Unidas<\/strong>, en respuesta a una recomendaci\u00f3n adoptada durante la Conferencia General de la UNESCO en 1991. Su origen se remonta a la hist\u00f3rica Declaraci\u00f3n de Windhoek, elaborada ese mismo a\u00f1o por periodistas africanos en defensa del pluralismo y la independencia de los medios.<\/p>\n<p>De acuerdo con la UNESCO, l<strong>a libertad de prensa es esencial para fomentar el entendimiento <\/strong>entre los pueblos y contribuir a la construcci\u00f3n de una paz sostenible.<\/p>\n<p>Asimismo, la fecha permite <strong>visibilizar las violaciones a este derecho en distintas partes del mundo.<\/strong> En numerosos pa\u00edses, los medios enfrentan censura, sanciones, suspensi\u00f3n de operaciones o clausuras, mientras que periodistas y editores son objeto de acoso, detenciones e incluso asesinatos.<\/p>\n<p><strong>El 3 de mayo tambi\u00e9n invita a la reflexi\u00f3n dentro del propio sector sobre la \u00e9tica profesional y el rol del periodismo en las sociedades democr\u00e1ticas<\/strong>, al tiempo que promueve el respaldo a aquellos medios que operan bajo restricciones o amenazas.<\/p>\n<p>En la<strong> Rep\u00fablica Dominicana<\/strong>, la libertad de prensa est\u00e1 reconocida en la Constituci\u00f3n, <strong>a trav\u00e9s de la libertad de expresi\u00f3n e informaci\u00f3n<\/strong>, que protege el trabajo de los medios y periodistas.<\/p>\n<p>El <strong>art\u00edculo 49<\/strong> establece la <strong>libertad de expresi\u00f3n e informaci\u00f3n<\/strong>, que incluye varios puntos fundamentales:<\/p>\n<ul class=\"wp-block-list\">\n<li>Toda persona tiene derecho a expresar libremente sus pensamientos, ideas y opiniones.<\/li>\n<li>Se reconoce el derecho a buscar, investigar, recibir y difundir informaci\u00f3n por cualquier medio.<\/li>\n<li><strong>Se proh\u00edbe la censura previa<\/strong>, es decir, nadie puede impedir la publicaci\u00f3n de informaciones antes de que ocurran.<\/li>\n<li>Se garantiza el acceso a la informaci\u00f3n p\u00fablica.<\/li>\n<li>Se protege la cl\u00e1usula de conciencia de los periodistas.<\/li>\n<\/ul>\n<h2 class=\"wp-block-heading\">\u00bfQu\u00e9 implica para la prensa?<\/h2>\n<p>Aunque no menciona literalmente \u201clibertad de prensa\u201d como un art\u00edculo separado, este derecho <strong>se desprende directamente del art\u00edculo 49<\/strong>, ya que garantiza el ejercicio libre del periodismo sin censura ni persecuci\u00f3n.<\/p>\n<p>Este derecho tambi\u00e9n se fortalece con otras disposiciones constitucionales,<strong> como los art\u00edculos 38 y 44, que protegen la dignidad, el honor y la intimidad de las personas,<\/strong> estableciendo un equilibrio entre el ejercicio period\u00edstico y los derechos fundamentales.<\/p>\n<p>Asimismo, el <strong>art\u00edculo 69 asegura la tutela judicial efectiva,<\/strong> permitiendo a periodistas y ciudadanos recurrir a la justicia ante cualquier vulneraci\u00f3n de sus derechos.<\/p>\n<h2 class=\"wp-block-heading\">\u00bfQu\u00e9 es la libertad de prensa?<\/h2>\n<p>La libertad de prensa es el derecho de los medios de comunicaci\u00f3n a investigar, informar y difundir hechos de inter\u00e9s p\u00fablico sin sufrir censura, coacci\u00f3n o represalias por parte de actores estatales o privados.<\/p>\n<p>Este principio est\u00e1 respaldado por el art\u00edculo 19 de la Declaraci\u00f3n Universal de los Derechos Humanos, que establece que toda persona tiene derecho a la libertad de opini\u00f3n y de expresi\u00f3n, incluyendo la facultad de buscar, recibir y difundir informaciones e ideas por cualquier medio y sin limitaciones de fronteras.<\/p>\n<h2 class=\"wp-block-heading\">\u00bfPara qu\u00e9 sirve esta conmemoraci\u00f3n?<\/h2>\n<p>El D\u00eda Mundial de la Libertad de Prensa busca:<\/p>\n<ul class=\"wp-block-list\">\n<li>Reafirmar los principios fundamentales de la libertad de prensa.<\/li>\n<li>Evaluar el estado de este derecho a nivel global.<\/li>\n<li>Defender a los medios de comunicaci\u00f3n frente a ataques contra su independencia.<\/li>\n<li>Honrar a los periodistas que han fallecido en el cumplimiento de su deber.<\/li>\n<\/ul>\n<\/div>\n","protected":false},"excerpt":{"rendered":"<p>REDACCI\u00d3N. \u2013 Cada 3 de mayo se conmemora el D\u00eda Mundial de la Libertad de Prensa, una fecha dedicada a reafirmar los principios fundamentales de este derecho y a evaluar su situaci\u00f3n en todo el mundo. La jornada tambi\u00e9n sirve para defender la independencia de los medios de comunicaci\u00f3n frente a ataques y presiones, as\u00ed<\/p>\n","protected":false},"author":1,"featured_media":38567,"comment_status":"open","ping_status":"open","sticky":false,"template":"","format":"standard","meta":{"footnotes":""},"categories":[1],"tags":[],"class_list":["post-38566","post","type-post","status-publish","format-standard","has-post-thumbnail","hentry","category-nacionales"],"_links":{"self":[{"href":"https:\/\/acronoticias.com\/index.php\/wp-json\/wp\/v2\/posts\/38566","targetHints":{"allow":["GET"]}}],"collection":[{"href":"https:\/\/acronoticias.com\/index.php\/wp-json\/wp\/v2\/posts"}],"about":[{"href":"https:\/\/acronoticias.com\/index.php\/wp-json\/wp\/v2\/types\/post"}],"author":[{"embeddable":true,"href":"https:\/\/acronoticias.com\/index.php\/wp-json\/wp\/v2\/users\/1"}],"replies":[{"embeddable":true,"href":"https:\/\/acronoticias.com\/index.php\/wp-json\/wp\/v2\/comments?post=38566"}],"version-history":[{"count":0,"href":"https:\/\/acronoticias.com\/index.php\/wp-json\/wp\/v2\/posts\/38566\/revisions"}],"wp:featuredmedia":[{"embeddable":true,"href":"https:\/\/acronoticias.com\/index.php\/wp-json\/wp\/v2\/media\/38567"}],"wp:attachment":[{"href":"https:\/\/acronoticias.com\/index.php\/wp-json\/wp\/v2\/media?parent=38566"}],"wp:term":[{"taxonomy":"category","embeddable":true,"href":"https:\/\/acronoticias.com\/index.php\/wp-json\/wp\/v2\/categories?post=38566"},{"taxonomy":"post_tag","embeddable":true,"href":"https:\/\/acronoticias.com\/index.php\/wp-json\/wp\/v2\/tags?post=38566"}],"curies":[{"name":"wp","href":"https:\/\/api.w.org\/{rel}","templated":true}]}}