{"id":38503,"date":"2026-05-02T11:16:38","date_gmt":"2026-05-02T11:16:38","guid":{"rendered":"https:\/\/acronoticias.com\/index.php\/2026\/05\/02\/confiamos-se-haga-justicia-ministerio-publico-sostiene-deben-enviar-a-juicio-propietarios-discoteca-jet-set\/"},"modified":"2026-05-02T11:16:38","modified_gmt":"2026-05-02T11:16:38","slug":"confiamos-se-haga-justicia-ministerio-publico-sostiene-deben-enviar-a-juicio-propietarios-discoteca-jet-set","status":"publish","type":"post","link":"https:\/\/acronoticias.com\/index.php\/2026\/05\/02\/confiamos-se-haga-justicia-ministerio-publico-sostiene-deben-enviar-a-juicio-propietarios-discoteca-jet-set\/","title":{"rendered":"\u201cConfiamos se haga justicia\u201d: Ministerio P\u00fablico sostiene deben enviar a juicio propietarios discoteca Jet Set"},"content":{"rendered":"<div id=\"mvp-content-main\">\n<h3 class=\"wp-block-heading\">-236 personas fallecieron tras el colapso del techo del centro de diversi\u00f3n-<\/h3>\n<p><strong>SANTO DOMINGO.-<\/strong>El procurador adjunto Wilson Camacho, titular de la Direcci\u00f3n General de Persecuci\u00f3n del Ministerio P\u00fablico, sostuvo la noche de este viernes que deben ser enviados a juicio los hermanos Antonio y Maribel Espaillat, procesados por el colapso del techo de la discoteca Jet Set, un hecho que dej\u00f3 236 fallecidos y m\u00e1s de 100 heridos.<\/p>\n<p>Al responder preguntas de la prensa tras concluir la audiencia preliminar, Camacho dijo que durante el proceso el Ministerio P\u00fablico hace todos los esfuerzos para que haya justicia.<\/p>\n<p>\u201cLo hizo desde el primer momento, recabando y preservando los elementos de pruebas que permitieron realizar una investigaci\u00f3n. Lo hicimos luego, designando una comisi\u00f3n de peritos, incluyendo un perito internacional para determinar la raz\u00f3n del colapso de la discoteca Jet Set\u201d, sostuvo.<\/p>\n<p>\u201cY esa raz\u00f3n est\u00e1 claramente establecida, que el colapso se debi\u00f3 al sobrepeso que los administradores de la discoteca le colocaron al techo\u201d, a\u00f1adi\u00f3.<\/p>\n<p>\u201cEso es un tema que est\u00e1 claramente establecido en el peritaje. Y hoy, incluso en el tribunal, exigimos que el tribunal escuchara a todas y cada una de las v\u00edctimas que tienen derecho a ser escuchadas, ya que este es un elemento, incluso, propio de la reparaci\u00f3n\u201d, afirm\u00f3.<\/p>\n<p>Dijo que el juez anunci\u00f3 que el 15 de junio, a partir de las 10:00 de la ma\u00f1ana, rendir\u00e1 su decisi\u00f3n en el proceso. \u201cLo ha hecho sobre la base de que es un caso de tramitaci\u00f3n compleja y la norma le permite tomarse ese espacio\u201d, detall\u00f3.<\/p>\n<p>Con relaci\u00f3n a preguntas sobre el peritaje que realiza la defensa, dijo \u201clo hemos establecido en el tribunal, lo repetimos aqu\u00ed: no hay ninguna raz\u00f3n, no hay ninguna necesidad de un peritaje de la defensa\u201d.<\/p>\n<p>\u201cPrimero, porque las causas por las que colaps\u00f3 el Jet Set est\u00e1n claramente establecidas; segundo, porque la propia defensa en el tribunal se acogi\u00f3 a los hechos planteados por el Ministerio P\u00fablico y a las pruebas del Ministerio P\u00fablico, incluyendo el peritaje\u201d, a\u00f1adi\u00f3, para concluir: \u201cpor ende, otro peritaje es, simple y llanamente, impertinente\u201d.<\/p>\n<p>Sobre la calificaci\u00f3n jur\u00eddica, explic\u00f3 que queda ahora a criterio del tribunal decidir con que calificaci\u00f3n jur\u00eddica manda el caso a juicio.<\/p>\n<p>\u201cLa discusi\u00f3n de este tema es una cuesti\u00f3n muy t\u00e9cnica y en mi opini\u00f3n muy particular hay algunas confusiones, sobre todo, por el elemento del conocimiento, conocer las posibles consecuencias es un elemento que es propio del dolo eventual y es un elemento que es propio de la culpa consciente\u201d, detall\u00f3.<\/p>\n<p>En ese mismo orden, Camacho dijo que \u201cambos elementos comparten el tema del conocimiento; el caso no se resuelve ah\u00ed, se resuelve en la representaci\u00f3n del da\u00f1o, y esa representaci\u00f3n del da\u00f1o, conforme lo ha establecido el Ministerio P\u00fablico, que es una conclusi\u00f3n a la que llega conforme establecen las pruebas, es una tipificaci\u00f3n de culpa consciente como lo ha establecido el Ministerio P\u00fablico\u201d.<\/p>\n<p>\u201cEsperamos que el tribunal sobre esta base env\u00ede este caso a juicio\u201d, sostuvo.<\/p>\n<p>En esta audiencia el \u00f3rgano acusador estuvo representado por Camacho y los fiscales Rosa Ysabel Mej\u00eda, Emmanuel Ram\u00edrez y Miguel Collado, adscritos a la Direcci\u00f3n de Persecuci\u00f3n. Tambi\u00e9n Magalis S\u00e1nchez, adscrita a la Fiscal\u00eda del Distrito Nacional.<\/p>\n<p>El expediente indica que los acusados agravaron su responsabilidad al sobrecargar la estructura del techo del local con equipos de climatizaci\u00f3n de gran volumen y tinacos de agua, sin realizar estudios t\u00e9cnicos que garantizaran la resistencia de la estructura.<\/p>\n<p>Adem\u00e1s, ignoraron advertencias internas sobre el deterioro del techo, priorizando el ahorro de recursos a pesar de los riesgos evidentes.<\/p>\n<p>En el proceso los fiscales aportaron los hallazgos que, al analizar la estructura de la edificaci\u00f3n, documentaron los peritos Leonardo de Jes\u00fas Reyes Madera (ingeniero sismorresistente), Eduardo A. Fierro (presidente de la BFP Engineers) y M\u00e1ximo Jos\u00e9 Corominas Quezada (ingeniero pat\u00f3logo), designados por el Ministerio P\u00fablico para determinar las causas del colapso de la discoteca.<\/p>\n<\/div>\n","protected":false},"excerpt":{"rendered":"<p>-236 personas fallecieron tras el colapso del techo del centro de diversi\u00f3n- SANTO DOMINGO.-El procurador adjunto Wilson Camacho, titular de la Direcci\u00f3n General de Persecuci\u00f3n del Ministerio P\u00fablico, sostuvo la noche de este viernes que deben ser enviados a juicio los hermanos Antonio y Maribel Espaillat, procesados por el colapso del techo de la discoteca<\/p>\n","protected":false},"author":1,"featured_media":38504,"comment_status":"open","ping_status":"open","sticky":false,"template":"","format":"standard","meta":{"footnotes":""},"categories":[1],"tags":[],"class_list":["post-38503","post","type-post","status-publish","format-standard","has-post-thumbnail","hentry","category-nacionales"],"_links":{"self":[{"href":"https:\/\/acronoticias.com\/index.php\/wp-json\/wp\/v2\/posts\/38503","targetHints":{"allow":["GET"]}}],"collection":[{"href":"https:\/\/acronoticias.com\/index.php\/wp-json\/wp\/v2\/posts"}],"about":[{"href":"https:\/\/acronoticias.com\/index.php\/wp-json\/wp\/v2\/types\/post"}],"author":[{"embeddable":true,"href":"https:\/\/acronoticias.com\/index.php\/wp-json\/wp\/v2\/users\/1"}],"replies":[{"embeddable":true,"href":"https:\/\/acronoticias.com\/index.php\/wp-json\/wp\/v2\/comments?post=38503"}],"version-history":[{"count":0,"href":"https:\/\/acronoticias.com\/index.php\/wp-json\/wp\/v2\/posts\/38503\/revisions"}],"wp:featuredmedia":[{"embeddable":true,"href":"https:\/\/acronoticias.com\/index.php\/wp-json\/wp\/v2\/media\/38504"}],"wp:attachment":[{"href":"https:\/\/acronoticias.com\/index.php\/wp-json\/wp\/v2\/media?parent=38503"}],"wp:term":[{"taxonomy":"category","embeddable":true,"href":"https:\/\/acronoticias.com\/index.php\/wp-json\/wp\/v2\/categories?post=38503"},{"taxonomy":"post_tag","embeddable":true,"href":"https:\/\/acronoticias.com\/index.php\/wp-json\/wp\/v2\/tags?post=38503"}],"curies":[{"name":"wp","href":"https:\/\/api.w.org\/{rel}","templated":true}]}}