{"id":38499,"date":"2026-05-02T10:10:36","date_gmt":"2026-05-02T10:10:36","guid":{"rendered":"https:\/\/acronoticias.com\/index.php\/2026\/05\/02\/que-es-vesak-y-por-que-millones-lo-celebran-en-el-mundo\/"},"modified":"2026-05-02T10:10:36","modified_gmt":"2026-05-02T10:10:36","slug":"que-es-vesak-y-por-que-millones-lo-celebran-en-el-mundo","status":"publish","type":"post","link":"https:\/\/acronoticias.com\/index.php\/2026\/05\/02\/que-es-vesak-y-por-que-millones-lo-celebran-en-el-mundo\/","title":{"rendered":"\u00bfQu\u00e9 es Vesak y por qu\u00e9 millones lo celebran en el mundo?"},"content":{"rendered":"<div>\n<div class=\"c-detail__author full\">\n<div>\n<div class=\"c-detail__author__thumb\">\n<figure>\n                                <picture src=\"https:\/\/imagenes.hoy.com.do\/files\/image_square_xs\/uploads\/2025\/11\/10\/6911b3b5d935b.png\" data-size=\"w:40,h:40\">\n                                    <img decoding=\"async\" loading=\"lazy\" alt=\"Hoy .\" width=\"40\" height=\"40\" src=\"https:\/\/imagenes.hoy.com.do\/files\/image_square_xs\/uploads\/2025\/11\/10\/6911b3b5d935b.png\"\/>\n                                <\/picture>\n                                <\/figure>\n<\/div>\n<\/div>\n<\/div>\n<p>                                                                                            <!-- --><\/p>\n<p class=\"paragraph\">Aunque la luna llena se repite en el cielo cada mes, hay una fecha que convierte esta fase de la luna en uno de los d\u00edas m\u00e1s sagrados del calendario para millones de personas.\u00a0<\/p>\n<p class=\"paragraph\">Se trata del <b>Vesak<\/b>, celebrado por los budistas de todo el mundo y que conmemora <b>el nacimiento, la iluminaci\u00f3n y la muerte de Buda<\/b>, el l\u00edder espiritual de una de las religiones m\u00e1s antiguas del mundo.<\/p>\n<p class=\"paragraph\">As\u00ed lo expresa un art\u00edculo sobre el tema publicado en el sitio web de la <b>Organizaci\u00f3n de las Naciones Unidas (ONU)<\/b>. \u201cFue en el d\u00eda de Vesak hace 2500 a\u00f1os, m\u00e1s exactamente en el a\u00f1o 623 a. C., cuando naci\u00f3 Buda. Asimismo, en este d\u00eda Buda alcanz\u00f3 la iluminaci\u00f3n y tambi\u00e9n fue el d\u00eda en el que falleci\u00f3 a los 80 a\u00f1os de edad\u201d, contin\u00faa la fuente.<\/p>\n<p class=\"paragraph\">La fecha es una <b>festividad importante para el budismo<\/b>, especialmente en los pa\u00edses del este y sudeste Asi\u00e1tico. \u201cCae en la luna llena del mes lunar de Vesakha, el cuarto mes del calendario lunar (que puede caer en abril, mayo o junio seg\u00fan el calendario gregoriano)\u201d, detalla la Enciclopedia Britannica (una plataforma de conocimiento general).<\/p>\n<p class=\"paragraph\">\u201cEn 1950, la<b> Asociaci\u00f3n Mundial de Budistas<\/b> (una organizaci\u00f3n budista internacional) hizo del Vesak una festividad internacional a celebrarse en la primera luna llena de mayo\u201d, contin\u00faa Britannica. A\u00f1os m\u00e1s tarde, en 1999, fue el turno de las Naciones Unidas de nombrar el Vesak festividad internacional, dice Britannica.<\/p>\n<p class=\"paragraph\"><b>\u00bfCu\u00e1l es el origen de Vesak, el d\u00eda de la Luna Llena?<\/b><\/p>\n<p class=\"paragraph\">Seg\u00fan Britannica, el origen exacto de este festival no est\u00e1 claro y \u201cno est\u00e1 atestiguado en las fuentes can\u00f3nicas budistas m\u00e1s antiguas\u201d.<\/p>\n<p class=\"paragraph\">&#8220;La celebraci\u00f3n aparece expl\u00edcitamente en el Mahavansha (manuscrito que es un registro del budismo), la cr\u00f3nica hist\u00f3rica de Sri Lanka de los siglos V y VI&#8221;, dice la plataforma.<\/p>\n<p class=\"paragraph\">La fecha es importante sobre todo para una rama del budismo llamada <b>Theravada<\/b>, considerada la m\u00e1s antigua de la religi\u00f3n. Se practica principalmente en Sri Lanka, Myanmar, Tailandia, Laos y, en menor medida, Camboya y Vietnam, seg\u00fan la Sociedad Budista de Brasil.<\/p>\n<p class=\"paragraph\">\u201cEl Vesak est\u00e1 marcado por servicios devocionales especiales y diversos actos, como la entrega de alimentos o limosnas a los monjes o la liberaci\u00f3n de aves cautivas\u201d, concluye Britannica.<\/p>\n<div class=\"c-detail__box \">\n<article class=\"c-detail__sumario \">\n<figure class=\"c-detail__sumario__thumb\" style=\"display: block;\">\n            <a href=\"#\" title=\"\">\n                <picture data-size=\"w:140,h:140\" loading=\"lazy\" src=\"https:\/\/imagenes.hoy.com.do\/files\/related_image\/uploads\/2026\/04\/30\/69f38e76cb140.jpeg\" data-full-src=\"https:\/\/imagenes.hoy.com.do\/uploads\/2026\/04\/30\/69f38e76cb140.jpeg\">\n                    <img loading=\"lazy\" decoding=\"async\" width=\"140\" height=\"140\" alt=\"Despega de Miami el primer vuelo comercial directo entre EE.UU. y Venezuela en siete a\u00f1os\" src=\"https:\/\/imagenes.hoy.com.do\/uploads\/2026\/04\/30\/69f38e76cb140.jpeg\"\/>\n                <\/picture>\n            <\/a><br \/>\n        <\/figure>\n<\/article>\n<\/div><\/div>\n","protected":false},"excerpt":{"rendered":"<p>Aunque la luna llena se repite en el cielo cada mes, hay una fecha que convierte esta fase de la luna en uno de los d\u00edas m\u00e1s sagrados del calendario para millones de personas.\u00a0 Se trata del Vesak, celebrado por los budistas de todo el mundo y que conmemora el nacimiento, la iluminaci\u00f3n y la<\/p>\n","protected":false},"author":1,"featured_media":38500,"comment_status":"open","ping_status":"open","sticky":false,"template":"","format":"standard","meta":{"footnotes":""},"categories":[3],"tags":[],"class_list":["post-38499","post","type-post","status-publish","format-standard","has-post-thumbnail","hentry","category-internacionales"],"_links":{"self":[{"href":"https:\/\/acronoticias.com\/index.php\/wp-json\/wp\/v2\/posts\/38499","targetHints":{"allow":["GET"]}}],"collection":[{"href":"https:\/\/acronoticias.com\/index.php\/wp-json\/wp\/v2\/posts"}],"about":[{"href":"https:\/\/acronoticias.com\/index.php\/wp-json\/wp\/v2\/types\/post"}],"author":[{"embeddable":true,"href":"https:\/\/acronoticias.com\/index.php\/wp-json\/wp\/v2\/users\/1"}],"replies":[{"embeddable":true,"href":"https:\/\/acronoticias.com\/index.php\/wp-json\/wp\/v2\/comments?post=38499"}],"version-history":[{"count":0,"href":"https:\/\/acronoticias.com\/index.php\/wp-json\/wp\/v2\/posts\/38499\/revisions"}],"wp:featuredmedia":[{"embeddable":true,"href":"https:\/\/acronoticias.com\/index.php\/wp-json\/wp\/v2\/media\/38500"}],"wp:attachment":[{"href":"https:\/\/acronoticias.com\/index.php\/wp-json\/wp\/v2\/media?parent=38499"}],"wp:term":[{"taxonomy":"category","embeddable":true,"href":"https:\/\/acronoticias.com\/index.php\/wp-json\/wp\/v2\/categories?post=38499"},{"taxonomy":"post_tag","embeddable":true,"href":"https:\/\/acronoticias.com\/index.php\/wp-json\/wp\/v2\/tags?post=38499"}],"curies":[{"name":"wp","href":"https:\/\/api.w.org\/{rel}","templated":true}]}}